{"id":185433,"date":"2022-04-13T07:56:58","date_gmt":"2022-04-13T05:56:58","guid":{"rendered":"https:\/\/www.ifun.de\/?p=185433"},"modified":"2022-04-13T07:56:58","modified_gmt":"2022-04-13T05:56:58","slug":"final-cut-pro-aktualisiert-video-zeigt-neue-sprachisolation","status":"publish","type":"post","link":"https:\/\/www.ifun.de\/final-cut-pro-aktualisiert-video-zeigt-neue-sprachisolation-185433\/","title":{"rendered":"Final Cut Pro aktualisiert: Video zeigt neue Sprachisolation"},"content":{"rendered":"<p>Neben der Ausgabe von Version 3.0 der <a href=\"https:\/\/apps.apple.com\/de\/app\/imovie\/id408981434?mt=12\">iMovie-Applikation<\/a> hat Apple auch den professionellen Videoeditor <a href=\"https:\/\/apps.apple.com\/de\/app\/final-cut-pro\/id424389933?mt=12\">Final Cut Pro<\/a> aktualisiert und bietet diesen nun in Version 10.6.2 als kostenloses Update f\u00fcr Bestandskunden an. Alle anderen Anwender m\u00fcssen f\u00fcr Final Cut Pro nach wie vor 300 Euro auf den Tisch legen, k\u00f6nnen die Mac-Anwendung aber im Einmalkauf beziehen und bezahlen hier auch weiterhin keine Abo-Kosten.<\/p>\n<p><a href=\"https:\/\/images.ifun.de\/wp-content\/uploads\/2022\/04\/voice-isolation.jpg\"><img loading=\"lazy\" decoding=\"async\" class=\"aligncenter size-medium wp-image-185436\" src=\"https:\/\/images.ifun.de\/wp-content\/uploads\/2022\/04\/voice-isolation-500x384.jpg\" alt=\"Voice Isolation\" width=\"500\" height=\"384\" srcset=\"https:\/\/images.ifun.de\/wp-content\/uploads\/2022\/04\/voice-isolation-500x384.jpg 500w, https:\/\/images.ifun.de\/wp-content\/uploads\/2022\/04\/voice-isolation-700x537.jpg 700w, https:\/\/images.ifun.de\/wp-content\/uploads\/2022\/04\/voice-isolation-768x589.jpg 768w, https:\/\/images.ifun.de\/wp-content\/uploads\/2022\/04\/voice-isolation.jpg 1311w\" sizes=\"auto, (max-width: 500px) 100vw, 500px\" \/><\/a><\/p>\n<p>Neu in Final Cut Pro ist nat\u00fcrlich die Unterst\u00fctzung f\u00fcr die mit iMovie neu eingef\u00fchrten Funktionen &#8222;Storyboards&#8220; und &#8222;Magic Movie&#8220;, \u00fcber deren Verf\u00fcgbarkeit ifun.de bereits gestern Abend berichten konnte.<\/p>\n<ul>\n<li><strong>iMovie 3.0:<\/strong> <a title=\"iMovie 3.0: Apple f\u00fchrt Storyboards und Magic Movie ein\" href=\"https:\/\/www.iphone-ticker.de\/imovie-3-0-apple-fuehrt-storyboards-und-magic-movie-ein-189193\/\">Apple f\u00fchrt Storyboards und Magic Movie ein<\/a><\/li>\n<\/ul>\n<p>So ist Final Cut Pro jetzt in der Lage Magic Movie- und Storyboard-Projekte, die zuvor mit iMovie auf dem iPhone oder dem iPad erstellt wurden, in die eigene Timeline zu importieren.<\/p>\n<h2>&#8222;Voice Isolation&#8220; ab macOS Monterey 12.3<\/h2>\n<p>Auf Macs, die bereits auf macOS Monterey in Version 12.3 oder neuer setzen, bietet Final Cut Pro fortan neue Audio-Kapazit\u00e4ten an. Hier k\u00f6nnen Anwender die Sprachverst\u00e4ndlichkeit ihrer Aufnahmen mit Hilfe maschinellen Lernens verbessern, die die Anpassung der Lautst\u00e4rke von Hintergrundger\u00e4uschen erm\u00f6glich.<\/p>\n<p>Um einen akustischen Eindruck der sogenannte &#8222;Voice Isolation&#8220;-Funktionen zu bekommen, empfehlen wir euch einen Blick in die YouTube-Kurzvorstellung der neuen Final Cut Pro-Funktionen auf dem Kanal Ripple Training. Hier l\u00e4sst sich das neue Feature <a href=\"https:\/\/www.youtube.com\/watch?v=ExWly-Sdyrw&amp;t=305s\">bei Minute 05:05<\/a> bestaunen und scheint, zumindest in dem Demo-Video durchaus brauchbare Ergebnisse zu produzieren.<\/p>\n<p><div class=\"responsive-video\"><iframe loading=\"lazy\" title=\"FCP 10.6.2 Dupe Detection &amp; Voice Isolation\" width=\"500\" height=\"281\" src=\"https:\/\/www.youtube-nocookie.com\/embed\/ExWly-Sdyrw?start=305&#038;feature=oembed\" frameborder=\"0\" allow=\"accelerometer; autoplay; clipboard-write; encrypted-media; gyroscope; picture-in-picture; web-share\" referrerpolicy=\"strict-origin-when-cross-origin\" allowfullscreen><\/iframe><\/div><\/p>\n<p>Neben den \u00fcblichen Stabilit\u00e4tsverbesserungen und Fehlerbehebungen liefert die j\u00fcngste Version des Videoschnitt-Werkzeuges nun auch eine einfache M\u00f6glichkeit mehrfach mit euren Projekten verkn\u00fcpfte Medien zu lokalisieren.<\/p>\n<p>Beim Einsatz auf den neuen Mac Studio-Modellen mit M1 Max- und M1 Ultra-Prozessoren hat Apple Wiedergabe- und Grafikleistung optimiert.<\/p>\n<!-- WP-Appbox (Version: 4.5.12 \/\/ Store: appstore \/\/ ID: 424389933) -->\t<!-- app-link -->\n\t<div id=\"article-single-app-preview\">\n\t\t<div id=\"article-single-app-preview-header\">\n\t\t\t<span class=\"title\">Laden im App Store<\/span>\n\t\t<\/div>\n\t\t<div id=\"article-single-app-preview-content\">\n\t\t\t<div id=\"article-single-app-preview-img\"><img loading=\"lazy\" decoding=\"async\" src=\"\/\/is1-ssl.mzstatic.com\/image\/thumb\/PurpleSource221\/v4\/e0\/2e\/c0\/e02ec0f2-f80c-9155-006d-015221161c33\/Placeholder.mill\/200x200bb-75.png\" alt=\"Final Cut Pro\"  height=\"72\" width=\"72\" class=\"asl-icon-img\" \/><\/div>\n\t\t\t<div id=\"article-single-app-preview-desc\">\n\t\t\t\t<span class=\"name\">Final Cut Pro<\/span><br \/>\n\t\t\t\t<span class=\"seller\">Entwickler: <a target=\"_blank\" rel=\"nofollow\" href=\"https:\/\/apps.apple.com\/de\/developer\/apple\/id284417353?mt=12\">Apple<\/a><\/span>\n\t\t\t<\/div>\n\t\t\t<a target=\"_blank\" rel=\"nofollow\" href=\"https:\/\/apps.apple.com\/de\/app\/final-cut-pro\/id424389933?mt=12\"><div id=\"article-single-app-preview-download\">Preis: 349,99\u00a0\u20ac<br \/>\n\t\t\t<span class=\"size\">Laden<\/span><\/div><\/a>\n\t\t<\/div>\n\t\t<!-- <div id=\"article-single-app-preview-footer\"><\/div>\t-->\n\t<\/div>\n\t<!-- app-link\/ende --><!-- \/WP-Appbox -->\n<p><img loading=\"lazy\" decoding=\"async\" src=\"https:\/\/vg07.met.vgwort.de\/na\/3bde2f4221044d86b258f2998eb5465c\" width=\"1\" height=\"1\" no-lazy class=\"tracking\"><\/p>\n","protected":false},"excerpt":{"rendered":"<a href=\"https:\/\/www.ifun.de\/final-cut-pro-aktualisiert-video-zeigt-neue-sprachisolation-185433\/\"><img width=\"150\" height=\"150\" src=\"https:\/\/images.ifun.de\/wp-content\/uploads\/2022\/04\/voice-isolation-feature-150x150.jpg\" class=\"alignright tfe wp-post-image\" alt=\"Voice Isolation Feature\" decoding=\"async\" loading=\"lazy\" \/><\/a><p>Neben der Ausgabe von Version 3.0 der iMovie-Applikation hat Apple auch den professionellen Videoeditor Final Cut Pro aktualisiert und bietet diesen nun in Version 10.6.2 als kostenloses Update f\u00fcr Bestandskunden an. Alle anderen Anwender m\u00fcssen f\u00fcr Final Cut Pro nach wie vor 300 Euro auf den Tisch legen, k\u00f6nnen die Mac-Anwendung aber im Einmalkauf beziehen [&hellip;]<\/p>\n","protected":false},"author":1,"featured_media":185437,"comment_status":"open","ping_status":"closed","sticky":false,"template":"","format":"standard","meta":{"_acf_changed":false,"footnotes":""},"categories":[1],"tags":[1124],"class_list":["post-185433","post","type-post","status-publish","format-standard","has-post-thumbnail","hentry","category-news","tag-final-cut-pro"],"acf":[],"aioseo_notices":[],"subheadline":["Zeitgleich zum iMovie-Update"],"featured_image":["https:\/\/images.ifun.de\/wp-content\/uploads\/2022\/04\/voice-isolation-feature.jpg"],"rest_api_enabler":{"subheadline":"Zeitgleich zum iMovie-Update","featured_image":"https:\/\/images.ifun.de\/wp-content\/uploads\/2022\/04\/voice-isolation-feature.jpg"},"_links":{"self":[{"href":"https:\/\/www.ifun.de\/apiv2\/wp\/v2\/posts\/185433","targetHints":{"allow":["GET"]}}],"collection":[{"href":"https:\/\/www.ifun.de\/apiv2\/wp\/v2\/posts"}],"about":[{"href":"https:\/\/www.ifun.de\/apiv2\/wp\/v2\/types\/post"}],"author":[{"embeddable":true,"href":"https:\/\/www.ifun.de\/apiv2\/wp\/v2\/users\/1"}],"replies":[{"embeddable":true,"href":"https:\/\/www.ifun.de\/apiv2\/wp\/v2\/comments?post=185433"}],"version-history":[{"count":3,"href":"https:\/\/www.ifun.de\/apiv2\/wp\/v2\/posts\/185433\/revisions"}],"predecessor-version":[{"id":185438,"href":"https:\/\/www.ifun.de\/apiv2\/wp\/v2\/posts\/185433\/revisions\/185438"}],"wp:featuredmedia":[{"embeddable":true,"href":"https:\/\/www.ifun.de\/apiv2\/wp\/v2\/media\/185437"}],"wp:attachment":[{"href":"https:\/\/www.ifun.de\/apiv2\/wp\/v2\/media?parent=185433"}],"wp:term":[{"taxonomy":"category","embeddable":true,"href":"https:\/\/www.ifun.de\/apiv2\/wp\/v2\/categories?post=185433"},{"taxonomy":"post_tag","embeddable":true,"href":"https:\/\/www.ifun.de\/apiv2\/wp\/v2\/tags?post=185433"}],"curies":[{"name":"wp","href":"https:\/\/api.w.org\/{rel}","templated":true}]}}