{"id":185345,"date":"2022-04-11T19:30:11","date_gmt":"2022-04-11T17:30:11","guid":{"rendered":"https:\/\/www.ifun.de\/?p=185345"},"modified":"2022-04-11T19:30:11","modified_gmt":"2022-04-11T17:30:11","slug":"for-all-mankind-staffel-3-nimmt-den-mars-ins-visier","status":"publish","type":"post","link":"https:\/\/www.ifun.de\/for-all-mankind-staffel-3-nimmt-den-mars-ins-visier-185345\/","title":{"rendered":"For All Mankind: Staffel 3 nimmt den Mars ins Visier"},"content":{"rendered":"<p><a href=\"https:\/\/apple.co\/__ForAllMankind\" title=\"For All Mankind\">For All Mankind<\/a> war eine der ersten erfolgreichen Produktionen im Rahmen von Apple TV+. Die erste Staffel der TV-Serie ging direkt mit dem Start von Apples Videodienst im November 2019 an den Start. Ebenfalls mit acht Folgen lief dann die zweite Staffel der Serie von Februar 2021 an. Jetzt hat Apple bekanntgegeben, dass die dritte Staffel von For All Mankind von Freitag, dem 10. Juni an auf Apple TV+ laufen wird.<\/p>\n<p>Wie schon bei den ersten beiden Staffeln wird Apple auch die neuen Folgen der TV-Serie nur h\u00e4ppchenweise ver\u00f6ffentlichen. So werden die diesmal insgesamt zehn Folgen nach der Ver\u00f6ffentlichung der ersten Folge am 10. Juni in w\u00f6chentlichem Abstand jeweils freitags folgen.<\/p>\n<p>In der neuen Staffel der fiktiven Serie haben die Raumfahrt-Konkurrenten USA und Sowjetunion mit dem Mars ein neues Ziel vor Augen und sehen sich damit verbunden mit einem neuen Mitstreiter im Wettbewerb und die ersten Schritte auf dem roten Planeten konfrontiert. <\/p>\n<p><div class=\"responsive-video\"><iframe loading=\"lazy\" title=\"For All Mankind \u2014 Season 3 Date Announcement | Apple TV+\" width=\"500\" height=\"281\" src=\"https:\/\/www.youtube-nocookie.com\/embed\/rYNpjVTDkhM?feature=oembed\" frameborder=\"0\" allow=\"accelerometer; autoplay; clipboard-write; encrypted-media; gyroscope; picture-in-picture; web-share\" referrerpolicy=\"strict-origin-when-cross-origin\" allowfullscreen><\/iframe><\/div><\/p>\n","protected":false},"excerpt":{"rendered":"<a href=\"https:\/\/www.ifun.de\/for-all-mankind-staffel-3-nimmt-den-mars-ins-visier-185345\/\"><img width=\"150\" height=\"150\" src=\"https:\/\/images.ifun.de\/wp-content\/uploads\/2022\/04\/for-all-mankind-mars-feature-150x150.jpg\" class=\"alignright tfe wp-post-image\" alt=\"For All Mankind Mars Feature\" decoding=\"async\" loading=\"lazy\" \/><\/a><p>For All Mankind war eine der ersten erfolgreichen Produktionen im Rahmen von Apple TV+. Die erste Staffel der TV-Serie ging direkt mit dem Start von Apples Videodienst im November 2019 an den Start. Ebenfalls mit acht Folgen lief dann die zweite Staffel der Serie von Februar 2021 an. Jetzt hat Apple bekanntgegeben, dass die dritte [&hellip;]<\/p>\n","protected":false},"author":2,"featured_media":185348,"comment_status":"open","ping_status":"closed","sticky":false,"template":"","format":"standard","meta":{"_acf_changed":false,"footnotes":""},"categories":[20],"tags":[26,5009],"class_list":["post-185345","post","type-post","status-publish","format-standard","has-post-thumbnail","hentry","category-videos","tag-apple-tv","tag-for-all-mankind"],"acf":[],"aioseo_notices":[],"subheadline":["Ab 10. Juni auf Apple TV+"],"featured_image":["https:\/\/images.ifun.de\/wp-content\/uploads\/2022\/04\/for-all-mankind-mars-feature.jpg"],"rest_api_enabler":{"subheadline":"Ab 10. Juni auf Apple TV+","featured_image":"https:\/\/images.ifun.de\/wp-content\/uploads\/2022\/04\/for-all-mankind-mars-feature.jpg"},"_links":{"self":[{"href":"https:\/\/www.ifun.de\/apiv2\/wp\/v2\/posts\/185345","targetHints":{"allow":["GET"]}}],"collection":[{"href":"https:\/\/www.ifun.de\/apiv2\/wp\/v2\/posts"}],"about":[{"href":"https:\/\/www.ifun.de\/apiv2\/wp\/v2\/types\/post"}],"author":[{"embeddable":true,"href":"https:\/\/www.ifun.de\/apiv2\/wp\/v2\/users\/2"}],"replies":[{"embeddable":true,"href":"https:\/\/www.ifun.de\/apiv2\/wp\/v2\/comments?post=185345"}],"version-history":[{"count":3,"href":"https:\/\/www.ifun.de\/apiv2\/wp\/v2\/posts\/185345\/revisions"}],"predecessor-version":[{"id":185349,"href":"https:\/\/www.ifun.de\/apiv2\/wp\/v2\/posts\/185345\/revisions\/185349"}],"wp:featuredmedia":[{"embeddable":true,"href":"https:\/\/www.ifun.de\/apiv2\/wp\/v2\/media\/185348"}],"wp:attachment":[{"href":"https:\/\/www.ifun.de\/apiv2\/wp\/v2\/media?parent=185345"}],"wp:term":[{"taxonomy":"category","embeddable":true,"href":"https:\/\/www.ifun.de\/apiv2\/wp\/v2\/categories?post=185345"},{"taxonomy":"post_tag","embeddable":true,"href":"https:\/\/www.ifun.de\/apiv2\/wp\/v2\/tags?post=185345"}],"curies":[{"name":"wp","href":"https:\/\/api.w.org\/{rel}","templated":true}]}}