{"id":185255,"date":"2022-04-11T07:36:28","date_gmt":"2022-04-11T05:36:28","guid":{"rendered":"https:\/\/www.ifun.de\/?p=185255"},"modified":"2022-04-14T16:51:21","modified_gmt":"2022-04-14T14:51:21","slug":"ipados-16-neues-multitasking-system-im-gespraech","status":"publish","type":"post","link":"https:\/\/www.ifun.de\/ipados-16-neues-multitasking-system-im-gespraech-185255\/","title":{"rendered":"iPadOS 16: Neues Multitasking-System im Gespr\u00e4ch"},"content":{"rendered":"<p>Mit der Bereit- beziehungsweise Erstvorstellung des n\u00e4chsten iPad-Betriebssystems, dessen Pr\u00e4sentation im Rahmen der WWDC-Entwicklerkonferenz <a href=\"https:\/\/www.ifun.de\/wwdc22-ios-16-und-macos-13-werden-am-6-juni-vorgestellt-184991\/\">am 6. Juni<\/a> erwartet wird, k\u00f6nnte Apple das Multitasking-System von iPadOS 16 einmal mehr auf den Kopf stellen. Dies wollen erste Brancheninsider <a href=\"https:\/\/www.bloomberg.com\/news\/newsletters\/2022-04-10\/what-s-coming-at-apple-aapl-wwdc-2022-ios-16-macos-13-tvos-16-watchos-9-l1tc8m3s\">in Erfahrung gebracht<\/a> haben.<\/p>\n<p><a href=\"https:\/\/images.ifun.de\/wp-content\/uploads\/2022\/04\/ipad-multitasking.jpg\"><img loading=\"lazy\" decoding=\"async\" class=\"aligncenter size-medium wp-image-185257\" src=\"https:\/\/images.ifun.de\/wp-content\/uploads\/2022\/04\/ipad-multitasking-500x500.jpg\" alt=\"Ipad Multitasking\" width=\"500\" height=\"500\" srcset=\"https:\/\/images.ifun.de\/wp-content\/uploads\/2022\/04\/ipad-multitasking-500x500.jpg 500w, https:\/\/images.ifun.de\/wp-content\/uploads\/2022\/04\/ipad-multitasking-150x150.jpg 150w, https:\/\/images.ifun.de\/wp-content\/uploads\/2022\/04\/ipad-multitasking.jpg 535w\" sizes=\"auto, (max-width: 500px) 100vw, 500px\" \/><\/a><\/p>\n<h6>Seit iOS 4 verf\u00fcgbar: Multitasking auf dem iPad<\/h6>\n<h2>Siebte \u00dcberarbeitung in 12 Jahren<\/h2>\n<p>Apple k\u00f6nnte kurz davor stehen, iPadOS mit einer neuen Multitasking-Oberfl\u00e4che auszustatten und die Verwaltung mehrerer, gleichzeitig offener Applikationen damit <a href=\"https:\/\/twitter.com\/stroughtonsmith\/status\/1513236338547609600\">zum nunmehr siebten Mal<\/a> in den vergangenen 12 Jahren zu \u00fcberarbeiten. Offenbar scheint man Apple-Intern noch immer nicht mit der erst k\u00fcrzlich durch das Hinzuf\u00fcgen immer sichtbarer Multitasking-Tasten noch einfacher gestalteten Oberfl\u00e4che zufrieden zu sein.<\/p>\n<p><a href=\"https:\/\/images.ifun.de\/wp-content\/uploads\/2022\/04\/ios-7-karten.jpg\"><img loading=\"lazy\" decoding=\"async\" class=\"aligncenter size-large wp-image-185258\" src=\"https:\/\/images.ifun.de\/wp-content\/uploads\/2022\/04\/ios-7-karten-700x525.jpg\" alt=\"Ios 7 Karten\" width=\"700\" height=\"525\" srcset=\"https:\/\/images.ifun.de\/wp-content\/uploads\/2022\/04\/ios-7-karten-700x525.jpg 700w, https:\/\/images.ifun.de\/wp-content\/uploads\/2022\/04\/ios-7-karten-500x375.jpg 500w, https:\/\/images.ifun.de\/wp-content\/uploads\/2022\/04\/ios-7-karten-768x576.jpg 768w, https:\/\/images.ifun.de\/wp-content\/uploads\/2022\/04\/ios-7-karten.jpg 1200w\" sizes=\"auto, (max-width: 700px) 100vw, 700px\" \/><\/a><\/p>\n<h6>Mit iOS 7 eingef\u00fchrt: Die Kartenansicht<\/h6>\n<p>Dabei unterscheidet sich diese inzwischen schon dramatisch von der initial mit iOS 4 eingef\u00fchrten Multitasking-Oberfl\u00e4che, die das iPhone-System lediglich auf das gro\u00dfe iPad-Display transportierte und ihrerseits lediglich eine schlichte Liste der zuletzt aktiven Applikationen anzeigten.<\/p>\n<h2>Multitasking: Auf dem iPad seit iOS 4<\/h2>\n<p>iOS 5 f\u00fchrte auf Apples Tablet dann die bekannten Multitasking-Handgesten ein, die das hin und her wischen zwischen offnen Applikationen erm\u00f6glichte.<\/p>\n<p><a href=\"https:\/\/images.ifun.de\/wp-content\/uploads\/2022\/04\/handgesten.jpg\"><img loading=\"lazy\" decoding=\"async\" class=\"aligncenter size-full wp-image-185262\" src=\"https:\/\/images.ifun.de\/wp-content\/uploads\/2022\/04\/handgesten.jpg\" alt=\"Handgesten\" width=\"700\" height=\"400\" srcset=\"https:\/\/images.ifun.de\/wp-content\/uploads\/2022\/04\/handgesten.jpg 700w, https:\/\/images.ifun.de\/wp-content\/uploads\/2022\/04\/handgesten-500x286.jpg 500w\" sizes=\"auto, (max-width: 700px) 100vw, 700px\" \/><\/a><\/p>\n<h6>iOS 5 integrierte Multitasking-Handgesten<\/h6>\n<p>Zwei Jahre sp\u00e4ter wartete iOS 7 mit der verkleinerten Karten-Darstellung offener Applikationen auf, die von ihren jeweiligen App-Icons begleitet wurden. iOS 9 f\u00fchrte den sogenannten &#8222;multitasking drawer&#8220; ein:<br \/>\n<center><\/p>\n<blockquote class=\"twitter-tweet\" data-conversation=\"none\" data-dnt=\"true\">\n<p dir=\"ltr\" lang=\"en\">iOS 9 splitscreen multitasking drawer <a href=\"https:\/\/t.co\/7bfpQLXpTi\">pic.twitter.com\/7bfpQLXpTi<\/a><\/p>\n<p>\u2014 Steve Troughton-Smith (@stroughtonsmith) <a href=\"https:\/\/twitter.com\/stroughtonsmith\/status\/1513240486219329539?ref_src=twsrc%5Etfw\">April 10, 2022<\/a><\/p><\/blockquote>\n<p><\/center><br \/>\n<script async src=\"https:\/\/platform.twitter.com\/widgets.js\" charset=\"utf-8\"><\/script><\/p>\n<p>Die vertikal angeordnete \u00dcbersicht zum Split-View-Einsatz verf\u00fcgbarer Applikationen wurde mit iOS 11 um das iPad-Dock und die M\u00f6glichkeit erg\u00e4nzt, Anwendungen aus dem Dock heraus per Drag-and-Drop in die Split View oder Slide-Over-Ansicht zu bewegen. Seit iOS 13 k\u00f6nnen einzelne Applikationen zudem mit mehreren Fenstern in der Multitasking-Ansicht vertreten sein.<\/p>\n<p><a href=\"https:\/\/images.ifun.de\/wp-content\/uploads\/2022\/04\/drag-and-drop.jpg\"><img loading=\"lazy\" decoding=\"async\" class=\"aligncenter size-large wp-image-185259\" src=\"https:\/\/images.ifun.de\/wp-content\/uploads\/2022\/04\/drag-and-drop-700x394.jpg\" alt=\"Drag And Drop\" width=\"700\" height=\"394\" srcset=\"https:\/\/images.ifun.de\/wp-content\/uploads\/2022\/04\/drag-and-drop-700x394.jpg 700w, https:\/\/images.ifun.de\/wp-content\/uploads\/2022\/04\/drag-and-drop-500x281.jpg 500w, https:\/\/images.ifun.de\/wp-content\/uploads\/2022\/04\/drag-and-drop-768x432.jpg 768w, https:\/\/images.ifun.de\/wp-content\/uploads\/2022\/04\/drag-and-drop.jpg 1280w\" sizes=\"auto, (max-width: 700px) 100vw, 700px\" \/><\/a><\/p>\n<h6>iOS 11 brachte Drag-and-Drop<\/h6>\n<p>Seit iOS 15 ist die Multitasking-Taste mit den drei Punkten nahezu durchg\u00e4ngig am oberen Displayrand des Tablets sichtbar. \u00dcber welche Neuerungen das Multitasking-System von iPadOS 16 verf\u00fcgen soll ist aktuell noch unklar.<\/p>\n<p><a href=\"https:\/\/images.ifun.de\/wp-content\/uploads\/2022\/04\/ipad-multitasking-site.jpg\"><img loading=\"lazy\" decoding=\"async\" class=\"aligncenter size-large wp-image-185260\" src=\"https:\/\/images.ifun.de\/wp-content\/uploads\/2022\/04\/ipad-multitasking-site-700x468.jpg\" alt=\"Ipad Multitasking Site\" width=\"700\" height=\"468\" srcset=\"https:\/\/images.ifun.de\/wp-content\/uploads\/2022\/04\/ipad-multitasking-site-700x468.jpg 700w, https:\/\/images.ifun.de\/wp-content\/uploads\/2022\/04\/ipad-multitasking-site-500x334.jpg 500w, https:\/\/images.ifun.de\/wp-content\/uploads\/2022\/04\/ipad-multitasking-site-768x513.jpg 768w, https:\/\/images.ifun.de\/wp-content\/uploads\/2022\/04\/ipad-multitasking-site.jpg 1000w\" sizes=\"auto, (max-width: 700px) 100vw, 700px\" \/><\/a><\/p>\n<h6>Mehrere Fenster f\u00fcr einzelne Apps: M\u00f6glich seit iOS 13<\/h6>\n<p><img loading=\"lazy\" decoding=\"async\" src=\"https:\/\/vg07.met.vgwort.de\/na\/af9a2fa231464a5ba05ea66eb2a9b07f\" width=\"1\" height=\"1\" no-lazy class=\"tracking\"><\/p>\n","protected":false},"excerpt":{"rendered":"<a href=\"https:\/\/www.ifun.de\/ipados-16-neues-multitasking-system-im-gespraech-185255\/\"><img width=\"150\" height=\"150\" src=\"https:\/\/images.ifun.de\/wp-content\/uploads\/2022\/04\/handgesten-150x150.jpg\" class=\"alignright tfe wp-post-image\" alt=\"Handgesten\" decoding=\"async\" loading=\"lazy\" \/><\/a><p>Mit der Bereit- beziehungsweise Erstvorstellung des n\u00e4chsten iPad-Betriebssystems, dessen Pr\u00e4sentation im Rahmen der WWDC-Entwicklerkonferenz am 6. Juni erwartet wird, k\u00f6nnte Apple das Multitasking-System von iPadOS 16 einmal mehr auf den Kopf stellen. Dies wollen erste Brancheninsider in Erfahrung gebracht haben. Seit iOS 4 verf\u00fcgbar: Multitasking auf dem iPad Siebte \u00dcberarbeitung in 12 Jahren Apple k\u00f6nnte [&hellip;]<\/p>\n","protected":false},"author":1,"featured_media":185262,"comment_status":"open","ping_status":"closed","sticky":false,"template":"","format":"standard","meta":{"_acf_changed":false,"footnotes":""},"categories":[10,1783],"tags":[3910,4537,5769,141,6322],"class_list":["post-185255","post","type-post","status-publish","format-standard","has-post-thumbnail","hentry","category-ipad","category-feature","tag-geruechte","tag-ipados","tag-ipados-16","tag-multitasking","tag-rumors"],"acf":[],"aioseo_notices":[],"subheadline":["Siebte \u00dcberarbeitung in 12 Jahren","Siebte \u00dcberarbeitung in 12 Jahren"],"featured_image":["https:\/\/images.ifun.de\/wp-content\/uploads\/2022\/04\/ipad-multitasking-feature.jpg"],"rest_api_enabler":{"subheadline":["Siebte \u00dcberarbeitung in 12 Jahren","Siebte \u00dcberarbeitung in 12 Jahren"],"featured_image":"https:\/\/images.ifun.de\/wp-content\/uploads\/2022\/04\/ipad-multitasking-feature.jpg"},"_links":{"self":[{"href":"https:\/\/www.ifun.de\/apiv2\/wp\/v2\/posts\/185255","targetHints":{"allow":["GET"]}}],"collection":[{"href":"https:\/\/www.ifun.de\/apiv2\/wp\/v2\/posts"}],"about":[{"href":"https:\/\/www.ifun.de\/apiv2\/wp\/v2\/types\/post"}],"author":[{"embeddable":true,"href":"https:\/\/www.ifun.de\/apiv2\/wp\/v2\/users\/1"}],"replies":[{"embeddable":true,"href":"https:\/\/www.ifun.de\/apiv2\/wp\/v2\/comments?post=185255"}],"version-history":[{"count":6,"href":"https:\/\/www.ifun.de\/apiv2\/wp\/v2\/posts\/185255\/revisions"}],"predecessor-version":[{"id":185271,"href":"https:\/\/www.ifun.de\/apiv2\/wp\/v2\/posts\/185255\/revisions\/185271"}],"wp:featuredmedia":[{"embeddable":true,"href":"https:\/\/www.ifun.de\/apiv2\/wp\/v2\/media\/185262"}],"wp:attachment":[{"href":"https:\/\/www.ifun.de\/apiv2\/wp\/v2\/media?parent=185255"}],"wp:term":[{"taxonomy":"category","embeddable":true,"href":"https:\/\/www.ifun.de\/apiv2\/wp\/v2\/categories?post=185255"},{"taxonomy":"post_tag","embeddable":true,"href":"https:\/\/www.ifun.de\/apiv2\/wp\/v2\/tags?post=185255"}],"curies":[{"name":"wp","href":"https:\/\/api.w.org\/{rel}","templated":true}]}}