{"id":184991,"date":"2022-04-05T18:15:39","date_gmt":"2022-04-05T16:15:39","guid":{"rendered":"https:\/\/www.ifun.de\/?p=184991"},"modified":"2022-04-05T18:23:24","modified_gmt":"2022-04-05T16:23:24","slug":"wwdc22-ios-16-und-macos-13-werden-am-6-juni-vorgestellt","status":"publish","type":"post","link":"https:\/\/www.ifun.de\/wwdc22-ios-16-und-macos-13-werden-am-6-juni-vorgestellt-184991\/","title":{"rendered":"WWDC22: iOS 16 und macOS 13 werden am 6. Juni vorgestellt"},"content":{"rendered":"<p>Die Apple-Entwickler-Konferenz WWDC wird auch in diesem Jahr wieder im Juni und online stattfinden &#8211; mit Ausnahme eines eint\u00e4gigen Entwickler-Treffens am Er\u00f6ffnungstag in der Firmenzentrale in Cupertino.<\/p>\n<p><img loading=\"lazy\" decoding=\"async\" src=\"https:\/\/images.ifun.de\/wp-content\/uploads\/2022\/04\/wwdc-22-500x297.jpg\" alt=\"Wwdc 22\" width=\"500\" height=\"297\" class=\"alignnone size-medium wp-image-185002\" srcset=\"https:\/\/images.ifun.de\/wp-content\/uploads\/2022\/04\/wwdc-22-500x297.jpg 500w, https:\/\/images.ifun.de\/wp-content\/uploads\/2022\/04\/wwdc-22-700x416.jpg 700w, https:\/\/images.ifun.de\/wp-content\/uploads\/2022\/04\/wwdc-22-768x456.jpg 768w, https:\/\/images.ifun.de\/wp-content\/uploads\/2022\/04\/wwdc-22.jpg 1000w\" sizes=\"auto, (max-width: 500px) 100vw, 500px\" \/><\/p>\n<p>Apple hat die Er\u00f6ffnungsveranstaltung f\u00fcr die <a href=\"https:\/\/developer.apple.com\/wwdc22\/\">WWDC22<\/a> f\u00fcr Montag, den 6. Juni angesetzt. An diesem Tag werden wir dann einen ersten offiziellen Ausblick auf die kommenden Versionen von iOS und macOS sehen. Ebenfalls an diesem Tag k\u00f6nnen sich Apple zufolge Entwickler in der Firmenzentrale Apple Park treffen, um die Er\u00f6ffnungsveranstaltung live zu verfolgen und gemeinsam verschiedene Workshop-Videos anzusehen<\/p>\n<p>Die Pl\u00e4tze f\u00fcr die Teilnahme vor Ort sind stark begrenzt. Apple nennt hier noch keine Details, will aber in absehbarer Zeit weitere Informationen zu den Teilnahmem\u00f6glichkeiten nachliefern.<\/p>\n<blockquote>\n<p>Im Kern war die WWDC schon immer ein Forum, um Verbindungen zu erm\u00f6glichen und eine Community aufzubauen. Aus diesem Geist heraus l\u00e4dt die WWDC22 Entwickler:innen aus der ganzen Welt ein, zusammenzukommen und gemeinsam zu erforschen, wie sie ihre besten Ideen zum Leben erwecken und die Grenzen des M\u00f6glichen verschieben k\u00f6nnen. Wir lieben es, mit unseren Entwickler:innenn in Kontakt zu treten, und wir hoffen, dass alle unsere Teilnehmer:innen mit dem Gef\u00fchl nach Hause gehen, dass ihre Erfahrung sie bereichert hat.<br \/>Susan Prescott, Apple<\/p>\n<\/blockquote>\n<h2>WWDC22 wieder als Online-Veranstaltung<\/h2>\n<p>Apples Entwickler-Konferenz WWDC22 an sich findet dann vom 6. bis 10 Juni statt. Wie bereits in den vergangenen beiden Jahren wird Apple f\u00fcr die Konferenz an sich auf das in fr\u00fcheren Jahren beliebte Entwickler-Treffen vor Ort in Kalifornien verzichten, und den Hauptteil der Veranstaltung ausschlie\u00dflich online durchf\u00fchren.<\/p>\n<p>Apple verspricht uns mit der WWDC22 einen Ausblick auf die kommenden Versionen von iOS, iPadOS, macOS, watchOS und tvOS. Entwickler erhalten damit verbunden vertiefte Einblicke rund um die neuen Systemfunktionen, von passenden Workshops erg\u00e4nzt.<\/p>\n<h2>Swift Student Challenge geht in Runde 3<\/h2>\n<p>Die WWDC22 begleitend findet in diesem Jahr zum dritten Mal in Folge auch ein Swift Student Challenge statt. Im Rahmen des Wettbewerbs sind Entwickler aus aller Welt aufgefordert, mit Apples Swift Playgrounds ein App-Projekt zu erstellen und das Ergebnis bis zum 25. April einzureichen.<img loading=\"lazy\" decoding=\"async\" src=\"https:\/\/vg04.met.vgwort.de\/na\/6c0509c0915f4257b74aacc4486cabda\" width=\"1\" height=\"1\" alt=\"\" no-lazy class=\"tracking\"><\/p>\n","protected":false},"excerpt":{"rendered":"<a href=\"https:\/\/www.ifun.de\/wwdc22-ios-16-und-macos-13-werden-am-6-juni-vorgestellt-184991\/\"><img width=\"150\" height=\"150\" src=\"https:\/\/images.ifun.de\/wp-content\/uploads\/2022\/04\/wwdc-22-feature-150x150.jpg\" class=\"alignright tfe wp-post-image\" alt=\"Wwdc 22 Feature\" decoding=\"async\" loading=\"lazy\" \/><\/a><p>Die Apple-Entwickler-Konferenz WWDC wird auch in diesem Jahr wieder im Juni und online stattfinden &#8211; mit Ausnahme eines eint\u00e4gigen Entwickler-Treffens am Er\u00f6ffnungstag in der Firmenzentrale in Cupertino. Apple hat die Er\u00f6ffnungsveranstaltung f\u00fcr die WWDC22 f\u00fcr Montag, den 6. Juni angesetzt. An diesem Tag werden wir dann einen ersten offiziellen Ausblick auf die kommenden Versionen von [&hellip;]<\/p>\n","protected":false},"author":2,"featured_media":184993,"comment_status":"open","ping_status":"closed","sticky":false,"template":"","format":"standard","meta":{"_acf_changed":false,"footnotes":""},"categories":[1],"tags":[],"class_list":["post-184991","post","type-post","status-publish","format-standard","has-post-thumbnail","hentry","category-news"],"acf":[],"aioseo_notices":[],"subheadline":["Begrenzt Publikum zugelassen"],"featured_image":["https:\/\/images.ifun.de\/wp-content\/uploads\/2022\/04\/wwdc-22-feature.jpg"],"rest_api_enabler":{"subheadline":"Begrenzt Publikum zugelassen","featured_image":"https:\/\/images.ifun.de\/wp-content\/uploads\/2022\/04\/wwdc-22-feature.jpg"},"_links":{"self":[{"href":"https:\/\/www.ifun.de\/apiv2\/wp\/v2\/posts\/184991","targetHints":{"allow":["GET"]}}],"collection":[{"href":"https:\/\/www.ifun.de\/apiv2\/wp\/v2\/posts"}],"about":[{"href":"https:\/\/www.ifun.de\/apiv2\/wp\/v2\/types\/post"}],"author":[{"embeddable":true,"href":"https:\/\/www.ifun.de\/apiv2\/wp\/v2\/users\/2"}],"replies":[{"embeddable":true,"href":"https:\/\/www.ifun.de\/apiv2\/wp\/v2\/comments?post=184991"}],"version-history":[{"count":8,"href":"https:\/\/www.ifun.de\/apiv2\/wp\/v2\/posts\/184991\/revisions"}],"predecessor-version":[{"id":185007,"href":"https:\/\/www.ifun.de\/apiv2\/wp\/v2\/posts\/184991\/revisions\/185007"}],"wp:featuredmedia":[{"embeddable":true,"href":"https:\/\/www.ifun.de\/apiv2\/wp\/v2\/media\/184993"}],"wp:attachment":[{"href":"https:\/\/www.ifun.de\/apiv2\/wp\/v2\/media?parent=184991"}],"wp:term":[{"taxonomy":"category","embeddable":true,"href":"https:\/\/www.ifun.de\/apiv2\/wp\/v2\/categories?post=184991"},{"taxonomy":"post_tag","embeddable":true,"href":"https:\/\/www.ifun.de\/apiv2\/wp\/v2\/tags?post=184991"}],"curies":[{"name":"wp","href":"https:\/\/api.w.org\/{rel}","templated":true}]}}