{"id":184876,"date":"2022-04-04T13:02:55","date_gmt":"2022-04-04T11:02:55","guid":{"rendered":"https:\/\/www.ifun.de\/?p=184876"},"modified":"2022-04-04T13:02:55","modified_gmt":"2022-04-04T11:02:55","slug":"macbook-pro-2021-erstmals-im-apple-refurb-store-erhaeltlich","status":"publish","type":"post","link":"https:\/\/www.ifun.de\/macbook-pro-2021-erstmals-im-apple-refurb-store-erhaeltlich-184876\/","title":{"rendered":"MacBook Pro 2021 erstmals im Apple Refurb Store erh\u00e4ltlich"},"content":{"rendered":"<p>Das im vergangenen Jahr vorgestellte neue MacBook Pro ist erstmals auch im <a href=\"https:\/\/apple.sjv.io\/x9Ev0v\" title=\"Apple Refurb Store\">Apple Refurb Store<\/a> erh\u00e4ltlich. Aktuell bietet Apple das mit den Pro- und Max-Varianten des M1-Prozessors ausgestattete Ger\u00e4t in verschiedenen Konfigurationen und sowohl mit 14 als auch 16 Zoll Bildschirmgr\u00f6\u00dfe an. Der Preisnachlass betr\u00e4gt dabei je nach Ausf\u00fchrung zwischen 230 und 390 Euro.<\/p>\n<p><img loading=\"lazy\" decoding=\"async\" src=\"https:\/\/images.ifun.de\/wp-content\/uploads\/2022\/04\/macbook-pro-refurb-500x457.jpg\" alt=\"Macbook Pro Refurb\" width=\"500\" height=\"457\" class=\"alignnone size-medium wp-image-184878\" srcset=\"https:\/\/images.ifun.de\/wp-content\/uploads\/2022\/04\/macbook-pro-refurb-500x457.jpg 500w, https:\/\/images.ifun.de\/wp-content\/uploads\/2022\/04\/macbook-pro-refurb-700x640.jpg 700w, https:\/\/images.ifun.de\/wp-content\/uploads\/2022\/04\/macbook-pro-refurb-768x702.jpg 768w, https:\/\/images.ifun.de\/wp-content\/uploads\/2022\/04\/macbook-pro-refurb.jpg 1000w\" sizes=\"auto, (max-width: 500px) 100vw, 500px\" \/><\/p>\n<p>Wenngleich wir stets empfehlen, die Angebote im Apple Refurb Store bei Preisvergleichen vor einer Neuanschaffung mit einzubeziehen, sind die hier von Apple gelisteten Preise zumindest bei den Standardkonfigurationen wenig attraktiv. Als Neuger\u00e4te finden sich die Ger\u00e4te auch bei seri\u00f6sen und von Apple zertifizierten Anbietern zu vergleichbaren oder gar g\u00fcnstigeren Preisen.<\/p>\n<p>Apple hat die beiden neu im Apple Refurb Store erh\u00e4ltlichen Mac-Book-Pro-Modelle mit 14 und 16 Zoll Bildschirmgr\u00f6\u00dfe im vergangenen Oktober vorgestellt und bietet diese wahlweise mit Prozessoren vom Typ M1 Pro und M1 Max an.<\/p>\n<h2>Auch das iPhone als &#8222;Refurb-Ger\u00e4t&#8220; erh\u00e4ltlich<\/h2>\n<p>Apple bietet im hauseigenen Refurb Store Ger\u00e4te an, bei denen es sich in der Regel um R\u00fcckl\u00e4ufer oder Ausstellungsst\u00fccke handelt. Apple zufolge sind diese in der Regel von Neuger\u00e4ten nicht zu unterscheiden. Falls bei der Aufbereitung f\u00fcr den Verkauf Eingriffe n\u00f6tig sind, werden nur Originalteile verbaut und Apple gibt auf den Kauf dann auch dieselbe einj\u00e4hrige Garantie wie bei neuen Produkten. Unl\u00e4ngst erst hat Apple damit begonnen, hier auch <a href=\"https:\/\/www.iphone-ticker.de\/iphone-erstmals-im-deutschen-apple-refurb-store-erhaeltlich-186220\/\">verschiedene iPhone-Modelle verg\u00fcnstigt<\/a> anzubieten.<\/p>\n","protected":false},"excerpt":{"rendered":"<a href=\"https:\/\/www.ifun.de\/macbook-pro-2021-erstmals-im-apple-refurb-store-erhaeltlich-184876\/\"><img width=\"150\" height=\"150\" src=\"https:\/\/images.ifun.de\/wp-content\/uploads\/2022\/04\/macbook-pro-refurb-150x150.jpg\" class=\"alignright tfe wp-post-image\" alt=\"Macbook Pro Refurb\" decoding=\"async\" loading=\"lazy\" \/><\/a><p>Das im vergangenen Jahr vorgestellte neue MacBook Pro ist erstmals auch im Apple Refurb Store erh\u00e4ltlich. Aktuell bietet Apple das mit den Pro- und Max-Varianten des M1-Prozessors ausgestattete Ger\u00e4t in verschiedenen Konfigurationen und sowohl mit 14 als auch 16 Zoll Bildschirmgr\u00f6\u00dfe an. Der Preisnachlass betr\u00e4gt dabei je nach Ausf\u00fchrung zwischen 230 und 390 Euro. Wenngleich [&hellip;]<\/p>\n","protected":false},"author":2,"featured_media":184878,"comment_status":"open","ping_status":"closed","sticky":false,"template":"","format":"standard","meta":{"_acf_changed":false,"footnotes":""},"categories":[16],"tags":[4736,224,699],"class_list":["post-184876","post","type-post","status-publish","format-standard","has-post-thumbnail","hentry","category-mac","tag-apple","tag-macbook-pro","tag-refurb-store"],"acf":[],"aioseo_notices":[],"featured_image":["https:\/\/images.ifun.de\/wp-content\/uploads\/2021\/10\/macbook-pro-praegung-feature.jpg"],"subheadline":["Mit 14 und 16 Zoll Gr\u00f6\u00dfe"],"rest_api_enabler":{"featured_image":"https:\/\/images.ifun.de\/wp-content\/uploads\/2021\/10\/macbook-pro-praegung-feature.jpg","subheadline":"Mit 14 und 16 Zoll Gr\u00f6\u00dfe"},"_links":{"self":[{"href":"https:\/\/www.ifun.de\/apiv2\/wp\/v2\/posts\/184876","targetHints":{"allow":["GET"]}}],"collection":[{"href":"https:\/\/www.ifun.de\/apiv2\/wp\/v2\/posts"}],"about":[{"href":"https:\/\/www.ifun.de\/apiv2\/wp\/v2\/types\/post"}],"author":[{"embeddable":true,"href":"https:\/\/www.ifun.de\/apiv2\/wp\/v2\/users\/2"}],"replies":[{"embeddable":true,"href":"https:\/\/www.ifun.de\/apiv2\/wp\/v2\/comments?post=184876"}],"version-history":[{"count":5,"href":"https:\/\/www.ifun.de\/apiv2\/wp\/v2\/posts\/184876\/revisions"}],"predecessor-version":[{"id":184882,"href":"https:\/\/www.ifun.de\/apiv2\/wp\/v2\/posts\/184876\/revisions\/184882"}],"wp:featuredmedia":[{"embeddable":true,"href":"https:\/\/www.ifun.de\/apiv2\/wp\/v2\/media\/184878"}],"wp:attachment":[{"href":"https:\/\/www.ifun.de\/apiv2\/wp\/v2\/media?parent=184876"}],"wp:term":[{"taxonomy":"category","embeddable":true,"href":"https:\/\/www.ifun.de\/apiv2\/wp\/v2\/categories?post=184876"},{"taxonomy":"post_tag","embeddable":true,"href":"https:\/\/www.ifun.de\/apiv2\/wp\/v2\/tags?post=184876"}],"curies":[{"name":"wp","href":"https:\/\/api.w.org\/{rel}","templated":true}]}}