{"id":184400,"date":"2022-03-25T16:01:11","date_gmt":"2022-03-25T15:01:11","guid":{"rendered":"https:\/\/www.ifun.de\/?p=184400"},"modified":"2022-03-25T16:01:41","modified_gmt":"2022-03-25T15:01:41","slug":"kommt-der-produktname-macbook-mit-einem-15-geraet-zurueck","status":"publish","type":"post","link":"https:\/\/www.ifun.de\/kommt-der-produktname-macbook-mit-einem-15-geraet-zurueck-184400\/","title":{"rendered":"Kommt der Produktname &#8222;MacBook&#8220; mit einem 15&#8243;-Ger\u00e4t zur\u00fcck?"},"content":{"rendered":"<p>Im kommenden Jahr k\u00f6nnten wir wieder ein schlicht als \u201eMacBook\u201c vermarktetes Apple-Notebook sehen. Das l\u00e4sst sich so jedenfalls aus den diversen Ger\u00fcchten mit Blick auf die Zukunft von Apples Einsteigerger\u00e4t MacBook Air ableiten.<\/p>\n<p>Wenn man einen Blick auf Apples aktuelles Notebook-Angebot wirft, dann finden sich hier nur die beiden Kategorien MacBook Air und MacBook Pro. Das letzte \u201eMacBook\u201c hat Apple vor mittlerweile drei Jahren aus dem Programm genommen. Ihr erinnert euch vielleicht noch an die dem MacBook Air \u00e4hnliche, ausgesprochen d\u00fcnne und mit 12 Zoll Bildschirmgr\u00f6\u00dfe angebotene Alternative zum MacBook Pro.<\/p>\n<p><img loading=\"lazy\" decoding=\"async\" src=\"https:\/\/images.ifun.de\/wp-content\/uploads\/2022\/03\/apple-macbook-modelle-2022-700x316.jpg\" alt=\"Apple Macbook Modelle 2022\" width=\"700\" height=\"316\" class=\"alignnone size-large wp-image-184406\" srcset=\"https:\/\/images.ifun.de\/wp-content\/uploads\/2022\/03\/apple-macbook-modelle-2022-700x316.jpg 700w, https:\/\/images.ifun.de\/wp-content\/uploads\/2022\/03\/apple-macbook-modelle-2022-500x226.jpg 500w, https:\/\/images.ifun.de\/wp-content\/uploads\/2022\/03\/apple-macbook-modelle-2022.jpg 744w\" sizes=\"auto, (max-width: 700px) 100vw, 700px\" \/><\/p>\n<p>Aktuell gilt erstmal als gesetzt, dass Apple noch in diesem Jahr ein aktualisiertes Modell des im November 2020 vorgestellten MacBook Air mit 13 Zoll Bildschirmgr\u00f6\u00dfe auf den Markt bringt. Wenn die bisherigen <a href=\"https:\/\/www.ifun.de\/mac-ausblick-neue-m2-geraete-und-mac-mini-als-pro-version-183533\/\">Erwartungen<\/a> zutreffen, sehen wir hier ein mit einem schnelleren M2-Prozessor ausgestattetes Ger\u00e4t, das mit neuem Geh\u00e4use und in neuen Farben erh\u00e4ltlich sein wird. Es w\u00fcrde zumindest nicht verwundern, wenn sich Apple hier ein St\u00fcck weit an der Optik des bunten <a href=\"https:\/\/www.ifun.de\/der-neue-imac-in-sieben-farben-mit-apples-m1-chip-169217\/\" title=\"Der neue iMac: In sieben Farben mit Apples M1-Chip und Touch ID\">24-Zoll-iMac<\/a> orientiert.<\/p>\n<h2>MacBook Air oder nur MacBook?<\/h2>\n<p>Branchenquellen machen nun allerdings zus\u00e4tzlich ein \u201eMacBook Air mit 15\u201c Bildschirmgr\u00f6\u00dfe\u201c zum Thema. Mittlerweile wurde aber deutlich, dass die Bezeichnung \u201eMacBook Air\u201c hier eher f\u00fcr die Unterscheidung vom MacBook Pro steht, das Ger\u00e4t jedoch nicht zwingend auch in dieser Produktreihe erscheinen muss. In diese Richtung gehen dann auch die aktuellen \u00c4u\u00dferungen des Analysten Ming-Chi Kuo. Dieser <a href=\"https:\/\/twitter.com\/mingchikuo\/status\/1507136331486736389\">merkt an<\/a>, dass besagtes 15-Zoll-Notebook von Apple m\u00f6glicherweise gar nicht als \u201eMacBook Air\u201c auf den Markt kommt, wenngleich Apple damit offenbar ein \u00e4hnlich effektives Design anstrebt. So sei es eines der Ziele, dass das Notebook trotz seines gr\u00f6\u00dferen Bildschirms mit dem selben 30-Watt-Adapter auskommt, wie das aktuelle MacBook Air.<\/p>\n<p>Immerhin m\u00fcsst ihr euch jetzt noch keine Gedanken dar\u00fcber machen, ob ein solches Apple-Notebook eine Option f\u00fcr euch w\u00e4re. Wenn alles nach Plan laufe, werde Apple mit der Massenproduktion erst im vierten Quartal des kommenden Jahres beginnen.<img loading=\"lazy\" decoding=\"async\" src=\"https:\/\/vg04.met.vgwort.de\/na\/4cd5472a1bef4342b9a42d5a44a19793\" width=\"1\" height=\"1\" alt=\"\" no-lazy class=\"tracking\"><\/p>\n","protected":false},"excerpt":{"rendered":"<a href=\"https:\/\/www.ifun.de\/kommt-der-produktname-macbook-mit-einem-15-geraet-zurueck-184400\/\"><img width=\"150\" height=\"150\" src=\"https:\/\/images.ifun.de\/wp-content\/uploads\/2022\/03\/macbook-feature-unsplash-150x150.jpg\" class=\"alignright tfe wp-post-image\" alt=\"Macbook Feature Unsplash\" decoding=\"async\" loading=\"lazy\" \/><\/a><p>Im kommenden Jahr k\u00f6nnten wir wieder ein schlicht als \u201eMacBook\u201c vermarktetes Apple-Notebook sehen. Das l\u00e4sst sich so jedenfalls aus den diversen Ger\u00fcchten mit Blick auf die Zukunft von Apples Einsteigerger\u00e4t MacBook Air ableiten. Wenn man einen Blick auf Apples aktuelles Notebook-Angebot wirft, dann finden sich hier nur die beiden Kategorien MacBook Air und MacBook Pro. [&hellip;]<\/p>\n","protected":false},"author":2,"featured_media":184407,"comment_status":"open","ping_status":"closed","sticky":false,"template":"","format":"standard","meta":{"_acf_changed":false,"footnotes":""},"categories":[16],"tags":[4736,6321,144],"class_list":["post-184400","post","type-post","status-publish","format-standard","has-post-thumbnail","hentry","category-mac","tag-apple","tag-mac","tag-macbook"],"acf":[],"aioseo_notices":[],"subheadline":["Die L\u00fccke zwischen Air und Pro"],"featured_image":["https:\/\/images.ifun.de\/wp-content\/uploads\/2022\/03\/macbook-feature-unsplash.jpg"],"rest_api_enabler":{"subheadline":"Die L\u00fccke zwischen Air und Pro","featured_image":"https:\/\/images.ifun.de\/wp-content\/uploads\/2022\/03\/macbook-feature-unsplash.jpg"},"_links":{"self":[{"href":"https:\/\/www.ifun.de\/apiv2\/wp\/v2\/posts\/184400","targetHints":{"allow":["GET"]}}],"collection":[{"href":"https:\/\/www.ifun.de\/apiv2\/wp\/v2\/posts"}],"about":[{"href":"https:\/\/www.ifun.de\/apiv2\/wp\/v2\/types\/post"}],"author":[{"embeddable":true,"href":"https:\/\/www.ifun.de\/apiv2\/wp\/v2\/users\/2"}],"replies":[{"embeddable":true,"href":"https:\/\/www.ifun.de\/apiv2\/wp\/v2\/comments?post=184400"}],"version-history":[{"count":7,"href":"https:\/\/www.ifun.de\/apiv2\/wp\/v2\/posts\/184400\/revisions"}],"predecessor-version":[{"id":184409,"href":"https:\/\/www.ifun.de\/apiv2\/wp\/v2\/posts\/184400\/revisions\/184409"}],"wp:featuredmedia":[{"embeddable":true,"href":"https:\/\/www.ifun.de\/apiv2\/wp\/v2\/media\/184407"}],"wp:attachment":[{"href":"https:\/\/www.ifun.de\/apiv2\/wp\/v2\/media?parent=184400"}],"wp:term":[{"taxonomy":"category","embeddable":true,"href":"https:\/\/www.ifun.de\/apiv2\/wp\/v2\/categories?post=184400"},{"taxonomy":"post_tag","embeddable":true,"href":"https:\/\/www.ifun.de\/apiv2\/wp\/v2\/tags?post=184400"}],"curies":[{"name":"wp","href":"https:\/\/api.w.org\/{rel}","templated":true}]}}