{"id":183637,"date":"2022-03-14T18:07:44","date_gmt":"2022-03-14T17:07:44","guid":{"rendered":"https:\/\/www.ifun.de\/?p=183637"},"modified":"2022-03-17T07:25:56","modified_gmt":"2022-03-17T06:25:56","slug":"macos-12-3-und-ipados-15-4-mit-universal-control-verfuegbar","status":"publish","type":"post","link":"https:\/\/www.ifun.de\/macos-12-3-und-ipados-15-4-mit-universal-control-verfuegbar-183637\/","title":{"rendered":"macOS 12.3 und iPadOS 15.4 mit Universal Control verf\u00fcgbar"},"content":{"rendered":"<p>Neben <a href=\"https:\/\/www.iphone-ticker.de\/ios-15-4-ist-da-alle-neuerungen-im-ueberblick-187541\/\">iOS 15.4<\/a> hat Apple auch die Updates auf macOS 12.3 und iPadOS 15.4 f\u00fcr die \u00d6ffentlichkeit freigegeben. Aush\u00e4ngeschild der Aktualisierung ist sicherlich die Einf\u00fchrung des aktuell von Apple noch als \u201eBeta\u201c gef\u00fchrten <a href=\"https:\/\/www.ifun.de\/universal-control-einstellungen-und-systemvoraussetzungen-182103\/\">Universal Control<\/a>. Apple hat die M\u00f6glichkeit zu gemeinsamen Nutzung von Mac und iPad mit nur einer Tastatur und Maus beziehungsweise dem gleichen Trackpad ja bereits vor nunmehr neun Monaten auf der Entwicklerkonferenz WWDC 2021 angek\u00fcndigt. Jetzt steht diese Option tats\u00e4chlich f\u00fcr alle Nutzer zur Verf\u00fcgung.<\/p>\n<p><a href=\"https:\/\/images.ifun.de\/wp-content\/uploads\/2022\/03\/macos-12-3.jpg\"><img loading=\"lazy\" decoding=\"async\" src=\"https:\/\/images.ifun.de\/wp-content\/uploads\/2022\/03\/macos-12-3-500x157.jpg\" alt=\"Macos 12 3\" width=\"500\" height=\"157\" class=\"alignnone size-medium wp-image-183673\" srcset=\"https:\/\/images.ifun.de\/wp-content\/uploads\/2022\/03\/macos-12-3-500x157.jpg 500w, https:\/\/images.ifun.de\/wp-content\/uploads\/2022\/03\/macos-12-3-700x220.jpg 700w, https:\/\/images.ifun.de\/wp-content\/uploads\/2022\/03\/macos-12-3-768x241.jpg 768w, https:\/\/images.ifun.de\/wp-content\/uploads\/2022\/03\/macos-12-3.jpg 1000w\" sizes=\"auto, (max-width: 500px) 100vw, 500px\" \/><\/a><\/p>\n<p>Universal Control bedeutet nicht nur, dass ihr mit ein und demselben Trackpad, Maus oder Tastatur reibungslos beispielsweise vom Mac zum iPad wechseln, sondern ihr damit verbunden auch Inhalte per Drag and Drop zwischen den Ger\u00e4ten hin- und herbewegen k\u00f6nnt. Beispielsweise k\u00f6nnt ihr eine auf einem iPad erstellte Zeichnung oder ein Foto einfach mit der Maus auf den daneben stehenden Mac ziehen, um die Datei dort weiter zu bearbeiten.<\/p>\n<p>Damit dies funktioniert, m\u00fcssen die nun f\u00fcr alle Nutzer verf\u00fcgbaren Systemversionen macOS Monterey 12.3 und iPadOS 15.4 auf den Ger\u00e4ten installiert sein. Weitere Infos zu den Voraussetzungen der beteiligten Ger\u00e4te findet ihr <a href=\"https:\/\/www.ifun.de\/universal-control-einstellungen-und-systemvoraussetzungen-182103\/\">hier<\/a>.<\/p>\n<p>Die weiteren mit iPadOS 15.4 verbundenen Neuerungen decken sich zu gro\u00dfen Teilen mit den <a href=\"https:\/\/www.iphone-ticker.de\/ios-15-4-ist-da-alle-neuerungen-im-ueberblick-187541\/\">mit iOS 15.4 hinzugekommenen<\/a> Funktionen und Verbesserungen f\u00fcr das iPhone. Die Liste der Neuerungen mit macOS Monterey 12.3 lautet wie folgt.<\/p>\n<h2>macOS Monterey 12.3 &#8211; Das ist neu:<\/h2>\n<p><b>Universal Control (Beta)<\/b><\/p>\n<ul>\n<li>Universal Control erm\u00f6glicht es Ihnen, eine einzige Maus und Tastatur auf iPad und Mac zu verwenden.<\/li>\n<li>Text kann entweder auf Mac oder iPad eingegeben werden und Sie k\u00f6nnen Dateien zwischen ihnen ziehen und ablegen.<\/li>\n<\/ul>\n<p><b>3D-Audio<\/b><\/p>\n<ul>\n<li>Dynamische Kopfverfolgung ist in Musik mit unterst\u00fctzten AirPods auf Mac-Computern mit dem M1-Chip verf\u00fcgbar.<\/li>\n<li>Anpassbare r\u00e4umliche Audioeinstellungen f\u00fcr \u201eAus\u201c, \u201eFest\u201c und \u201eKopf verfolgt\u201c sind jetzt im Control Center mit unterst\u00fctzten AirPods auf Mac-Computern mit dem M1-Chip.<\/li>\n<\/ul>\n<p><b>Emoticons<\/b><\/p>\n<ul>\n<li>Neue Emojis, darunter Gesichter, Handgesten und Haushaltsgegenst\u00e4nde, sind in der Emoji-Tastatur verf\u00fcgbar.<\/li>\n<li>Mit dem H\u00e4ndedruck-Emoji k\u00f6nnen Sie f\u00fcr jede Hand einen separaten Hautton ausw\u00e4hlen.<\/li>\n<\/ul>\n<p><b>Diese Version enth\u00e4lt au\u00dferdem die folgenden Verbesserungen f\u00fcr Ihren Mac:<\/b><\/p>\n<ul>\n<li>Siri enth\u00e4lt jetzt eine zus\u00e4tzliche Stimme, die die Vielfalt der Optionen erweitert (nur USA).<\/li>\n<li>Die Podcasts-App f\u00fcgt einen Episodenfilter f\u00fcr Staffeln, gespielte, nicht gespielte, gespeicherte oder heruntergeladene Episoden hinzu.<\/li>\n<li>Safari-Webseiten\u00fcbersetzung f\u00fcgt Unterst\u00fctzung f\u00fcr Italienisch und Chinesisch (traditionell) hinzu.<\/li>\n<li>Kurzbefehle unterst\u00fctzt jetzt das Hinzuf\u00fcgen, Entfernen oder Abfragen von Tags mit Erinnerungen.<\/li>\n<li>Gespeicherte Passw\u00f6rter k\u00f6nnen jetzt Ihre eigenen Notizen enthalten.<\/li>\n<li>Die Genauigkeit der Batteriekapazit\u00e4tsmessungen wurde verbessert.<\/li>\n<\/ul>\n<p><b>Diese Version enth\u00e4lt au\u00dferdem Fehlerkorrekturen f\u00fcr Ihren Mac:<\/b><\/p>\n<ul>\n<li>Nachrichten-Widgets in der Heute-Ansicht \u00f6ffnen m\u00f6glicherweise keine Artikel, wenn darauf geklickt wird.<\/li>\n<li>Beim Ansehen von Videos in der Apple TV App kann der Ton verzerrt klingen.<\/li>\n<li>Einige Fotos und Videos werden beim Organisieren von Alben in Fotos m\u00f6glicherweise unbeabsichtigt verschoben.<\/li>\n<li>Einige Funktionen sind m\u00f6glicherweise nicht f\u00fcr alle Regionen oder auf allen Apple-Ger\u00e4ten verf\u00fcgbar.<\/li>\n<li>Informationen zum Sicherheitsinhalt von Apple-Softwareaktualisierungen finden Sie auf dieser Website: https:\/\/support.apple.com\/kb\/HT201222<img loading=\"lazy\" decoding=\"async\" src=\"https:\/\/vg01.met.vgwort.de\/na\/b55a24112fc74ac7b571c870ced10e70\" width=\"1\" height=\"1\" alt=\"\" no-lazy class=\"tracking\"><\/li>\n<\/ul>\n","protected":false},"excerpt":{"rendered":"<a href=\"https:\/\/www.ifun.de\/macos-12-3-und-ipados-15-4-mit-universal-control-verfuegbar-183637\/\"><img width=\"150\" height=\"150\" src=\"https:\/\/images.ifun.de\/wp-content\/uploads\/2022\/03\/macos-12-3-update-150x150.jpg\" class=\"alignright tfe wp-post-image\" alt=\"Macos 12 3 Update\" decoding=\"async\" loading=\"lazy\" \/><\/a><p>Neben iOS 15.4 hat Apple auch die Updates auf macOS 12.3 und iPadOS 15.4 f\u00fcr die \u00d6ffentlichkeit freigegeben. Aush\u00e4ngeschild der Aktualisierung ist sicherlich die Einf\u00fchrung des aktuell von Apple noch als \u201eBeta\u201c gef\u00fchrten Universal Control. Apple hat die M\u00f6glichkeit zu gemeinsamen Nutzung von Mac und iPad mit nur einer Tastatur und Maus beziehungsweise dem gleichen [&hellip;]<\/p>\n","protected":false},"author":2,"featured_media":183641,"comment_status":"open","ping_status":"closed","sticky":false,"template":"","format":"standard","meta":{"_acf_changed":false,"footnotes":""},"categories":[1,1783],"tags":[4740,5743,6321,5685],"class_list":["post-183637","post","type-post","status-publish","format-standard","has-post-thumbnail","hentry","category-news","category-feature","tag-ipad","tag-ipados-15-4","tag-mac","tag-macos-12-3"],"acf":[],"aioseo_notices":[],"subheadline":["Alle Neuerungen im \u00dcberblick"],"featured_image":["https:\/\/images.ifun.de\/wp-content\/uploads\/2022\/03\/macos-12-3-feature.jpg"],"rest_api_enabler":{"subheadline":"Alle Neuerungen im \u00dcberblick","featured_image":"https:\/\/images.ifun.de\/wp-content\/uploads\/2022\/03\/macos-12-3-feature.jpg"},"_links":{"self":[{"href":"https:\/\/www.ifun.de\/apiv2\/wp\/v2\/posts\/183637","targetHints":{"allow":["GET"]}}],"collection":[{"href":"https:\/\/www.ifun.de\/apiv2\/wp\/v2\/posts"}],"about":[{"href":"https:\/\/www.ifun.de\/apiv2\/wp\/v2\/types\/post"}],"author":[{"embeddable":true,"href":"https:\/\/www.ifun.de\/apiv2\/wp\/v2\/users\/2"}],"replies":[{"embeddable":true,"href":"https:\/\/www.ifun.de\/apiv2\/wp\/v2\/comments?post=183637"}],"version-history":[{"count":8,"href":"https:\/\/www.ifun.de\/apiv2\/wp\/v2\/posts\/183637\/revisions"}],"predecessor-version":[{"id":183675,"href":"https:\/\/www.ifun.de\/apiv2\/wp\/v2\/posts\/183637\/revisions\/183675"}],"wp:featuredmedia":[{"embeddable":true,"href":"https:\/\/www.ifun.de\/apiv2\/wp\/v2\/media\/183641"}],"wp:attachment":[{"href":"https:\/\/www.ifun.de\/apiv2\/wp\/v2\/media?parent=183637"}],"wp:term":[{"taxonomy":"category","embeddable":true,"href":"https:\/\/www.ifun.de\/apiv2\/wp\/v2\/categories?post=183637"},{"taxonomy":"post_tag","embeddable":true,"href":"https:\/\/www.ifun.de\/apiv2\/wp\/v2\/tags?post=183637"}],"curies":[{"name":"wp","href":"https:\/\/api.w.org\/{rel}","templated":true}]}}