{"id":183198,"date":"2022-03-07T17:48:26","date_gmt":"2022-03-07T16:48:26","guid":{"rendered":"https:\/\/www.ifun.de\/?p=183198"},"modified":"2022-03-07T17:51:42","modified_gmt":"2022-03-07T16:51:42","slug":"renderings-sollen-mac-studio-und-neues-apple-studio-display-zeigen","status":"publish","type":"post","link":"https:\/\/www.ifun.de\/renderings-sollen-mac-studio-und-neues-apple-studio-display-zeigen-183198\/","title":{"rendered":"Renderings sollen Mac Studio und neues Apple Studio Display zeigen"},"content":{"rendered":"<p>Wer gedacht hat, Apples n\u00e4chster Desktop-Mac mit hauseigenem Prozessor wird kleiner als der bisherige Mac mini, hat sich geschnitten &#8211; zumindest wenn es nach dem YouTuber <a href=\"https:\/\/www.youtube.com\/channel\/UC3c8H4Tlnm5M6pXsVMGnmNg\">Luke Miani<\/a> geht. Dieser sieht mit Verweis auf eigene Quellen einen eher klobigen Mac-mini-Klotz auf uns zu kommen, mit dessen Optik wir uns erstmal nicht unbedingt anfreunden k\u00f6nnen.<\/p>\n<p><a href=\"https:\/\/images.ifun.de\/wp-content\/uploads\/2022\/03\/mac-studio-spekulation.jpg\"><img loading=\"lazy\" decoding=\"async\" src=\"https:\/\/images.ifun.de\/wp-content\/uploads\/2022\/03\/mac-studio-spekulation-500x300.jpg\" alt=\"Mac Studio Spekulation\" width=\"500\" height=\"300\" class=\"alignnone size-medium wp-image-183201\" srcset=\"https:\/\/images.ifun.de\/wp-content\/uploads\/2022\/03\/mac-studio-spekulation-500x300.jpg 500w, https:\/\/images.ifun.de\/wp-content\/uploads\/2022\/03\/mac-studio-spekulation-700x420.jpg 700w, https:\/\/images.ifun.de\/wp-content\/uploads\/2022\/03\/mac-studio-spekulation-768x461.jpg 768w, https:\/\/images.ifun.de\/wp-content\/uploads\/2022\/03\/mac-studio-spekulation.jpg 1000w\" sizes=\"auto, (max-width: 500px) 100vw, 500px\" \/><\/a><\/p>\n<p>Beim Blick auf das ungew\u00f6hnlich anmutende Unget\u00fcm stellt sich nat\u00fcrlich direkt die Frage, wie ernst man den YouTuber nehmen kann, und f\u00fcr Miani spricht eigentlich nur, dass er &#8211; sollte seine \u201eEnth\u00fcllung\u201c frei erfunden sein &#8211; ganz sicher seinen mit mehr als 350.000 Abonnenten vergleichsweise gut laufenden YouTube-Account in Mitleidenschaft zieht.<\/p>\n<p>Erste Hinweise auf einen neuen, wahrscheinlich \u201eMac Studio\u201c genannten Apple-Rechner haben wir <a href=\"https:\/\/www.ifun.de\/mac-studio-als-leistungsfaehige-variante-des-mac-mini-183147\/\" title=\"\u201eMac Studio\u201c als leistungsf\u00e4hige Variante des Mac mini?\">am Wochenende gesehen<\/a>. Verbunden damit kam auch wieder die Diskussion um einen neuen externen Apple-Bildschirm auf. Auch hier hat Miani ein paar Grafiken beizusteuern, die im Wesentlichen auf Apples hochpreisigem XDR-Display basieren. Die voraussichtlich 27 Zoll gro\u00dfe \u201eG\u00fcnstigvariante\u201c davon soll Apples alten Produktname \u201eApple Studio Display\u201c aufgreifen und auf den Einsatz von Mini-LEDs verzichten.<\/p>\n<p><a href=\"https:\/\/images.ifun.de\/wp-content\/uploads\/2022\/03\/apple-studio-display-spekulation.jpg\"><img loading=\"lazy\" decoding=\"async\" src=\"https:\/\/images.ifun.de\/wp-content\/uploads\/2022\/03\/apple-studio-display-spekulation-700x434.jpg\" alt=\"Apple Studio Display Spekulation\" width=\"700\" height=\"434\" class=\"alignnone size-large wp-image-183200\" srcset=\"https:\/\/images.ifun.de\/wp-content\/uploads\/2022\/03\/apple-studio-display-spekulation-700x434.jpg 700w, https:\/\/images.ifun.de\/wp-content\/uploads\/2022\/03\/apple-studio-display-spekulation-500x310.jpg 500w, https:\/\/images.ifun.de\/wp-content\/uploads\/2022\/03\/apple-studio-display-spekulation-768x476.jpg 768w, https:\/\/images.ifun.de\/wp-content\/uploads\/2022\/03\/apple-studio-display-spekulation.jpg 1400w\" sizes=\"auto, (max-width: 700px) 100vw, 700px\" \/><\/a><\/p>\n<h2>Neue Farben f\u00fcr iPhone 13 und iPad Air<\/h2>\n<p>Miani will dar\u00fcber hinaus auch mit \u201eEnth\u00fcllungen\u201c im Bereich der f\u00fcr morgen erwarteten Mobilger\u00e4te punkten. Die Hinweise k\u00f6nnten aber auch auf mit Blick auf die Produktentwicklung in letzter Zeit basierenden Spekulationen beruhen. So soll Apple das iPhone 13 von morgen an auch in Gr\u00fcn verkaufen. Hier w\u00e4re zumindest das Angebot einer zus\u00e4tzlichen Farbe nicht \u00fcberraschend, wurde mit Apples Fr\u00fchjahrs-Event im vergangenen Jahr doch auch eine zus\u00e4tzliche Farbvariante f\u00fcr das damals aktuelle iPhone 12 freigegeben. Das neue iPad Air wird ebenfalls ziemlich sicher wieder mit verschiedenen Geh\u00e4usefarben erh\u00e4ltlich sein, und hier w\u00fcrde uns das von dem YouTuber prognostizierte Angebot einer Version in Violett analog zum bereits erh\u00e4ltlichen iPad mini ebenfalls nicht sonderlich \u00fcberraschen.<img loading=\"lazy\" decoding=\"async\" src=\"https:\/\/vg06.met.vgwort.de\/na\/d0fc05976e2d4ed3a3abd5aa07a3c3f0\" width=\"1\" height=\"1\" alt=\"\" no-lazy class=\"tracking\"><\/p>\n<p><div class=\"responsive-video\"><iframe loading=\"lazy\" title=\"NEW Mac Studio &amp; Display design EXCLUSIVE FIRST LOOK! Peek Performance spoiled!\" width=\"500\" height=\"281\" src=\"https:\/\/www.youtube-nocookie.com\/embed\/iXlTjndELbw?feature=oembed\" frameborder=\"0\" allow=\"accelerometer; autoplay; clipboard-write; encrypted-media; gyroscope; picture-in-picture; web-share\" referrerpolicy=\"strict-origin-when-cross-origin\" allowfullscreen><\/iframe><\/div><\/p>\n","protected":false},"excerpt":{"rendered":"<a href=\"https:\/\/www.ifun.de\/renderings-sollen-mac-studio-und-neues-apple-studio-display-zeigen-183198\/\"><img width=\"150\" height=\"150\" src=\"https:\/\/images.ifun.de\/wp-content\/uploads\/2022\/03\/mac-studio-spekulation-feature-150x150.jpg\" class=\"alignright tfe wp-post-image\" alt=\"Mac Studio Spekulation Feature\" decoding=\"async\" loading=\"lazy\" \/><\/a><p>Wer gedacht hat, Apples n\u00e4chster Desktop-Mac mit hauseigenem Prozessor wird kleiner als der bisherige Mac mini, hat sich geschnitten &#8211; zumindest wenn es nach dem YouTuber Luke Miani geht. Dieser sieht mit Verweis auf eigene Quellen einen eher klobigen Mac-mini-Klotz auf uns zu kommen, mit dessen Optik wir uns erstmal nicht unbedingt anfreunden k\u00f6nnen. Beim [&hellip;]<\/p>\n","protected":false},"author":2,"featured_media":183202,"comment_status":"open","ping_status":"closed","sticky":false,"template":"","format":"standard","meta":{"_acf_changed":false,"footnotes":""},"categories":[1],"tags":[],"class_list":["post-183198","post","type-post","status-publish","format-standard","has-post-thumbnail","hentry","category-news"],"acf":[],"aioseo_notices":[],"subheadline":["iPhone und iPad mit neuen Farben"],"featured_image":["https:\/\/images.ifun.de\/wp-content\/uploads\/2022\/03\/mac-studio-spekulation-feature.jpg"],"rest_api_enabler":{"subheadline":"iPhone und iPad mit neuen Farben","featured_image":"https:\/\/images.ifun.de\/wp-content\/uploads\/2022\/03\/mac-studio-spekulation-feature.jpg"},"_links":{"self":[{"href":"https:\/\/www.ifun.de\/apiv2\/wp\/v2\/posts\/183198","targetHints":{"allow":["GET"]}}],"collection":[{"href":"https:\/\/www.ifun.de\/apiv2\/wp\/v2\/posts"}],"about":[{"href":"https:\/\/www.ifun.de\/apiv2\/wp\/v2\/types\/post"}],"author":[{"embeddable":true,"href":"https:\/\/www.ifun.de\/apiv2\/wp\/v2\/users\/2"}],"replies":[{"embeddable":true,"href":"https:\/\/www.ifun.de\/apiv2\/wp\/v2\/comments?post=183198"}],"version-history":[{"count":11,"href":"https:\/\/www.ifun.de\/apiv2\/wp\/v2\/posts\/183198\/revisions"}],"predecessor-version":[{"id":183219,"href":"https:\/\/www.ifun.de\/apiv2\/wp\/v2\/posts\/183198\/revisions\/183219"}],"wp:featuredmedia":[{"embeddable":true,"href":"https:\/\/www.ifun.de\/apiv2\/wp\/v2\/media\/183202"}],"wp:attachment":[{"href":"https:\/\/www.ifun.de\/apiv2\/wp\/v2\/media?parent=183198"}],"wp:term":[{"taxonomy":"category","embeddable":true,"href":"https:\/\/www.ifun.de\/apiv2\/wp\/v2\/categories?post=183198"},{"taxonomy":"post_tag","embeddable":true,"href":"https:\/\/www.ifun.de\/apiv2\/wp\/v2\/tags?post=183198"}],"curies":[{"name":"wp","href":"https:\/\/api.w.org\/{rel}","templated":true}]}}