{"id":183075,"date":"2022-03-04T07:56:08","date_gmt":"2022-03-04T06:56:08","guid":{"rendered":"https:\/\/www.ifun.de\/?p=183075"},"modified":"2022-03-08T11:52:40","modified_gmt":"2022-03-08T10:52:40","slug":"die-maske-faellt-apple-macht-mund-nase-schutz-optional","status":"publish","type":"post","link":"https:\/\/www.ifun.de\/die-maske-faellt-apple-macht-mund-nase-schutz-optional-183075\/","title":{"rendered":"Die Maske f\u00e4llt: Apple macht Mund-Nase-Schutz optional"},"content":{"rendered":"<p>Apple wird die Pflicht zum Tragen einer medizinischen Mund-Nasen-Bedeckung in den Vereinigten Staaten f\u00fcr die gesamte Belegschaft des Konzerns wieder aufheben und den Griff zu den Masken sowohl f\u00fcr die Angestellten der zahlreichen Filialgesch\u00e4fte als auch f\u00fcr Ingenieure, Designer, Manager und Entwickler in Apples Hauptquartier zur pers\u00f6nlichen Pr\u00e4ferenz machen.<\/p>\n<p><a href=\"https:\/\/images.ifun.de\/wp-content\/uploads\/2021\/07\/apple-store-maske.jpg\"><img loading=\"lazy\" decoding=\"async\" class=\"aligncenter size-medium wp-image-173157\" src=\"https:\/\/images.ifun.de\/wp-content\/uploads\/2021\/07\/apple-store-maske-500x402.jpg\" alt=\"Apple Store Maske\" width=\"500\" height=\"402\" srcset=\"https:\/\/images.ifun.de\/wp-content\/uploads\/2021\/07\/apple-store-maske-500x402.jpg 500w, https:\/\/images.ifun.de\/wp-content\/uploads\/2021\/07\/apple-store-maske-700x563.jpg 700w, https:\/\/images.ifun.de\/wp-content\/uploads\/2021\/07\/apple-store-maske-768x618.jpg 768w, https:\/\/images.ifun.de\/wp-content\/uploads\/2021\/07\/apple-store-maske.jpg 980w\" sizes=\"auto, (max-width: 500px) 100vw, 500px\" \/><\/a><\/p>\n<h2>Angestellte d\u00fcrfen selbst entscheiden<\/h2>\n<p>Existieren in den jeweiligen Bundesstaaten keine gesonderten Maskenpflichten mehr, m\u00fcssen Angestellte diese auch im Unternehmen nicht mehr aufsetzen, k\u00f6nnen sich weiterhin aber optional f\u00fcr das Tragen eines entsprechenden Schutzes entscheiden. Damit setzt Apple nun auch in der Belegschaft um, was seit einigen Tagen bereits f\u00fcr die Laufkunden in den \u00fcber 300 Apple-Filialen innerhalb der Vereinigten Staaten gilt. Auch diesen wurden k\u00fcrzlich von der Maskenpflicht beim Besuch eines Apples Stores befreit &#8211; innerhalb Deutschlands m\u00fcssen Apple Store Kunden allerdings weiterhin zur medizinischen bzw. zur FFP2-Maske greifen.<\/p>\n<p>Damit befindet sich Apple auf vollem Entspannungskurs. Erst gestern hatte das Unternehmen die Wiederaufnahmen seiner Workshop-Reihe &#8222;Today at Apple&#8220; <a href=\"https:\/\/www.ifun.de\/today-at-apple-apple-trommelt-wieder-in-die-filialen-183051\/\">in Pr\u00e4senz angek\u00fcndigt<\/a> und l\u00e4dt interessierte Anwender ab Montag wieder in die Filialen, um dort die kostenfreien Einsteiger-Seminare zu besuchen.<\/p>\n<h2>Noch kein Homeoffice-Ende in Sicht<\/h2>\n<p>Der Wirtschaftsnachrichtendienst Bloomberg <a href=\"https:\/\/www.bloomberg.com\/news\/articles\/2022-03-03\/apple-to-again-drop-mask-mandate-for-employees-as-cases-decline\">merkt an<\/a>, dass Apple die Maskenpflicht f\u00fcr Mitarbeiter bereits zum zweiten mal fallen l\u00e4sst. Zuletzt hob Apple die Maskenpflicht im Juni des vergangenen Jahre auf, kehrte nach einer Zunahme der Corona-Erkrankungen in den USA aber nur wenigen Wochen sp\u00e4ter wieder zur Maskenpflicht zur\u00fcck.<\/p>\n<p>Mitarbeiter hatten dem Unternehmen zuletzt vorgeworfen, die Maskenpflicht in den Filialen nicht strikt genug umzusetzen.<\/p>\n<p>Was weiterhin aussteht ist eine Termin zur B\u00fcro-R\u00fcckkehr. Diesen hat Apple schon mehrfach verschoben. Google k\u00fcndigte im Laufe der Woche an, die Mitarbeiter ab Anfang April wieder im B\u00fcro erwarten zu wollen.<\/p>\n<p><img loading=\"lazy\" decoding=\"async\" src=\"https:\/\/vg08.met.vgwort.de\/na\/1a6383937c2b470e9aa1f694937d6894\" width=\"1\" height=\"1\" no-lazy class=\"tracking\"><\/p>\n","protected":false},"excerpt":{"rendered":"<a href=\"https:\/\/www.ifun.de\/die-maske-faellt-apple-macht-mund-nase-schutz-optional-183075\/\"><img decoding=\"async\" width=\"150\" src=\"https:\/\/images.ifun.de\/wp-content\/uploads\/2021\/07\/apple-store-maske-500x402.jpg\" class=\"alignright wp-post-image tfe\" alt=\"Apple Store Maske\" title=\"\" \/><\/a><p>Apple wird die Pflicht zum Tragen einer medizinischen Mund-Nasen-Bedeckung in den Vereinigten Staaten f\u00fcr die gesamte Belegschaft des Konzerns wieder aufheben und den Griff zu den Masken sowohl f\u00fcr die Angestellten der zahlreichen Filialgesch\u00e4fte als auch f\u00fcr Ingenieure, Designer, Manager und Entwickler in Apples Hauptquartier zur pers\u00f6nlichen Pr\u00e4ferenz machen. Angestellte d\u00fcrfen selbst entscheiden Existieren in [&hellip;]<\/p>\n","protected":false},"author":1,"featured_media":0,"comment_status":"open","ping_status":"closed","sticky":false,"template":"","format":"standard","meta":{"_acf_changed":false,"footnotes":""},"categories":[1,1783],"tags":[4736,5061],"class_list":["post-183075","post","type-post","status-publish","format-standard","hentry","category-news","category-feature","tag-apple","tag-maske"],"acf":[],"aioseo_notices":[],"featured_image":["https:\/\/images.ifun.de\/wp-content\/uploads\/2020\/07\/apple-stores-maske-feature.jpg"],"subheadline":["Noch kein Homeoffice-Ende in Sicht"],"rest_api_enabler":{"featured_image":"https:\/\/images.ifun.de\/wp-content\/uploads\/2020\/07\/apple-stores-maske-feature.jpg","subheadline":"Noch kein Homeoffice-Ende in Sicht"},"_links":{"self":[{"href":"https:\/\/www.ifun.de\/apiv2\/wp\/v2\/posts\/183075","targetHints":{"allow":["GET"]}}],"collection":[{"href":"https:\/\/www.ifun.de\/apiv2\/wp\/v2\/posts"}],"about":[{"href":"https:\/\/www.ifun.de\/apiv2\/wp\/v2\/types\/post"}],"author":[{"embeddable":true,"href":"https:\/\/www.ifun.de\/apiv2\/wp\/v2\/users\/1"}],"replies":[{"embeddable":true,"href":"https:\/\/www.ifun.de\/apiv2\/wp\/v2\/comments?post=183075"}],"version-history":[{"count":2,"href":"https:\/\/www.ifun.de\/apiv2\/wp\/v2\/posts\/183075\/revisions"}],"predecessor-version":[{"id":183079,"href":"https:\/\/www.ifun.de\/apiv2\/wp\/v2\/posts\/183075\/revisions\/183079"}],"wp:attachment":[{"href":"https:\/\/www.ifun.de\/apiv2\/wp\/v2\/media?parent=183075"}],"wp:term":[{"taxonomy":"category","embeddable":true,"href":"https:\/\/www.ifun.de\/apiv2\/wp\/v2\/categories?post=183075"},{"taxonomy":"post_tag","embeddable":true,"href":"https:\/\/www.ifun.de\/apiv2\/wp\/v2\/tags?post=183075"}],"curies":[{"name":"wp","href":"https:\/\/api.w.org\/{rel}","templated":true}]}}