{"id":182894,"date":"2022-03-02T07:34:33","date_gmt":"2022-03-02T06:34:33","guid":{"rendered":"https:\/\/www.ifun.de\/?p=182894"},"modified":"2022-03-02T07:56:38","modified_gmt":"2022-03-02T06:56:38","slug":"cook-stundenlohn-von-11-271-dollar-norwegen-stellt-sich-quer","status":"publish","type":"post","link":"https:\/\/www.ifun.de\/cook-stundenlohn-von-11-271-dollar-norwegen-stellt-sich-quer-182894\/","title":{"rendered":"Cook-Stundenlohn von 11.271 Dollar: Norwegen stellt sich quer"},"content":{"rendered":"<p>In zwei Tagen, <a href=\"https:\/\/investor.apple.com\/investor-relations\/default.aspx\">am 4. M\u00e4rz 2022<\/a>, findet die j\u00e4hrliche Vollversammlung der Apple-Anleger statt. Auch diesmal noch im Zeichen des Coronavirus, auch diesmal nur als virtuelles Event, auf dem sich weder Plakate aufspannen, noch Schlagzeilen mit provozierenden Zwischenrufen generieren lassen. Dennoch k\u00f6nnte es zu Unstimmigkeiten zwischen Apple und einer Handvoll gr\u00f6\u00dferen Aktion\u00e4ren kommen.<\/p>\n<p><a href=\"https:\/\/images.ifun.de\/wp-content\/uploads\/2021\/12\/tim-cook-aple-park.jpg\"><img loading=\"lazy\" decoding=\"async\" class=\"aligncenter size-medium wp-image-180296\" src=\"https:\/\/images.ifun.de\/wp-content\/uploads\/2021\/12\/tim-cook-aple-park-500x321.jpg\" alt=\"Tim Cook Aple Park\" width=\"500\" height=\"321\" srcset=\"https:\/\/images.ifun.de\/wp-content\/uploads\/2021\/12\/tim-cook-aple-park-500x321.jpg 500w, https:\/\/images.ifun.de\/wp-content\/uploads\/2021\/12\/tim-cook-aple-park-700x450.jpg 700w, https:\/\/images.ifun.de\/wp-content\/uploads\/2021\/12\/tim-cook-aple-park-768x493.jpg 768w, https:\/\/images.ifun.de\/wp-content\/uploads\/2021\/12\/tim-cook-aple-park.jpg 1400w\" sizes=\"auto, (max-width: 500px) 100vw, 500px\" \/><\/a><\/p>\n<p>Dabei steht vor allem der sogenannte <a href=\"https:\/\/www.nbim.no\/\">Statens Pensjonsfond<\/a> aus Norwegen im Rampenlicht. Der gr\u00f6\u00dfte, souver\u00e4n verwaltete Anlagefond weltweit, der das \u00d6l-Verm\u00f6gen Norwegens zu Gunsten der eigenen Bev\u00f6lkerung verwaltet, besitzt ein Prozent aller Apple-Aktien und hat angek\u00fcndigt, gegen die geplante Verf\u00fcgung des Apple-Chefs Tim Cook zu stimmen, der f\u00fcr seine Performance im vergangenen Jahr 99 Millionen US-Dollar erhalten soll.<\/p>\n<p>Ein nettes S\u00fcmmchen, \u00fcber dessen Zustandekommen ifun.de Anfang Januar <a href=\"https:\/\/www.ifun.de\/tim-cook-so-viel-hat-der-apple-chef-2021-verdient-180584\/\">im Detail informierte<\/a>. Wichtig zu wissen: Apple gew\u00e4hrt seinem Firmenchef ein Gehalt von 3 Millionen US-Dollar j\u00e4hrlich, stockt dieses dann jedoch um zus\u00e4tzliche Boni und geldwerte Extraverg\u00fctungen auf.<\/p>\n<p><a href=\"https:\/\/images.ifun.de\/wp-content\/uploads\/2022\/01\/gehaelter-apple-2021.jpg\"><img loading=\"lazy\" decoding=\"async\" class=\"aligncenter size-large wp-image-180587\" src=\"https:\/\/images.ifun.de\/wp-content\/uploads\/2022\/01\/gehaelter-apple-2021-700x375.jpg\" alt=\"Gehaelter Apple 2021\" width=\"700\" height=\"375\" srcset=\"https:\/\/images.ifun.de\/wp-content\/uploads\/2022\/01\/gehaelter-apple-2021-700x375.jpg 700w, https:\/\/images.ifun.de\/wp-content\/uploads\/2022\/01\/gehaelter-apple-2021-500x268.jpg 500w, https:\/\/images.ifun.de\/wp-content\/uploads\/2022\/01\/gehaelter-apple-2021-768x411.jpg 768w, https:\/\/images.ifun.de\/wp-content\/uploads\/2022\/01\/gehaelter-apple-2021.jpg 1482w\" sizes=\"auto, (max-width: 700px) 100vw, 700px\" \/><\/a><\/p>\n<p>F\u00fcr das vergangene Jahr will das Unternehmen seinem Chef einen Bar-Bonus in H\u00f6he von 12 Millionen gew\u00e4hren, verteilt zus\u00e4tzliche Aktienanteile in H\u00f6he von 82,3 Millionen Dollar und umsorgt den erfolgreichen CEO mit Personenschutz, Privat-Jet und Lebensversicherungen, die einen Gegenwert von etwa 1,4 Millionen US-Dollar haben. Eine Jahresverg\u00fctung von 99 Millionen US-Dollar oder ein Stundenlohn von 11.271 US-Dollar. F\u00fcr jede einzelne Stunde des vergangenen Jahres.<\/p>\n<p>Hier will der &#8222;Statens Pensjonsfond&#8220; <a href=\"https:\/\/www.ft.com\/content\/8d51b4a1-81fc-42a2-aad9-9c9bd2736675\">nicht mitgehen<\/a> und fordert, dass Cooks Aktienverg\u00fctung an eine zus\u00e4tzliche, verbindliche Betriebszugeh\u00f6rigkeit gekoppelt werden sollte, statt ohne weitere Vorgaben ausgesch\u00fcttet zu werden. Dass die Norweger mit ihrem Antrag eine Mehrheit auf der Vollversammlung verbuchen k\u00f6nnen, ist jedoch sehr unwahrscheinlich.<\/p>\n<p><img loading=\"lazy\" decoding=\"async\" src=\"https:\/\/vg08.met.vgwort.de\/na\/fc423ce4e3984c518a2013faa8eb6aac\" width=\"1\" height=\"1\" no-lazy class=\"tracking\"><\/p>\n","protected":false},"excerpt":{"rendered":"<a href=\"https:\/\/www.ifun.de\/cook-stundenlohn-von-11-271-dollar-norwegen-stellt-sich-quer-182894\/\"><img decoding=\"async\" width=\"150\" src=\"https:\/\/images.ifun.de\/wp-content\/uploads\/2021\/12\/tim-cook-aple-park-500x321.jpg\" class=\"alignright wp-post-image tfe\" alt=\"Tim Cook Aple Park\" title=\"\" \/><\/a><p>In zwei Tagen, am 4. M\u00e4rz 2022, findet die j\u00e4hrliche Vollversammlung der Apple-Anleger statt. Auch diesmal noch im Zeichen des Coronavirus, auch diesmal nur als virtuelles Event, auf dem sich weder Plakate aufspannen, noch Schlagzeilen mit provozierenden Zwischenrufen generieren lassen. Dennoch k\u00f6nnte es zu Unstimmigkeiten zwischen Apple und einer Handvoll gr\u00f6\u00dferen Aktion\u00e4ren kommen. Dabei steht [&hellip;]<\/p>\n","protected":false},"author":1,"featured_media":0,"comment_status":"open","ping_status":"closed","sticky":false,"template":"","format":"standard","meta":{"_acf_changed":false,"footnotes":""},"categories":[3],"tags":[4736,115,614],"class_list":["post-182894","post","type-post","status-publish","format-standard","hentry","category-apple","tag-apple","tag-geld","tag-tim-cook"],"acf":[],"aioseo_notices":[],"featured_image":["https:\/\/images.ifun.de\/wp-content\/uploads\/2021\/10\/macbook-pro-tim-cook.jpg"],"subheadline":["Norwegen h\u00e4lt 1% aller Apple-Aktien"],"rest_api_enabler":{"featured_image":"https:\/\/images.ifun.de\/wp-content\/uploads\/2021\/10\/macbook-pro-tim-cook.jpg","subheadline":"Norwegen h\u00e4lt 1% aller Apple-Aktien"},"_links":{"self":[{"href":"https:\/\/www.ifun.de\/apiv2\/wp\/v2\/posts\/182894","targetHints":{"allow":["GET"]}}],"collection":[{"href":"https:\/\/www.ifun.de\/apiv2\/wp\/v2\/posts"}],"about":[{"href":"https:\/\/www.ifun.de\/apiv2\/wp\/v2\/types\/post"}],"author":[{"embeddable":true,"href":"https:\/\/www.ifun.de\/apiv2\/wp\/v2\/users\/1"}],"replies":[{"embeddable":true,"href":"https:\/\/www.ifun.de\/apiv2\/wp\/v2\/comments?post=182894"}],"version-history":[{"count":3,"href":"https:\/\/www.ifun.de\/apiv2\/wp\/v2\/posts\/182894\/revisions"}],"predecessor-version":[{"id":182900,"href":"https:\/\/www.ifun.de\/apiv2\/wp\/v2\/posts\/182894\/revisions\/182900"}],"wp:attachment":[{"href":"https:\/\/www.ifun.de\/apiv2\/wp\/v2\/media?parent=182894"}],"wp:term":[{"taxonomy":"category","embeddable":true,"href":"https:\/\/www.ifun.de\/apiv2\/wp\/v2\/categories?post=182894"},{"taxonomy":"post_tag","embeddable":true,"href":"https:\/\/www.ifun.de\/apiv2\/wp\/v2\/tags?post=182894"}],"curies":[{"name":"wp","href":"https:\/\/api.w.org\/{rel}","templated":true}]}}