{"id":182707,"date":"2022-02-25T12:17:02","date_gmt":"2022-02-25T11:17:02","guid":{"rendered":"https:\/\/www.ifun.de\/?p=182707"},"modified":"2022-02-25T12:17:02","modified_gmt":"2022-02-25T11:17:02","slug":"intel-will-mit-neuen-mobilprozessoren-dem-macbook-pro-konkurrenz-machen","status":"publish","type":"post","link":"https:\/\/www.ifun.de\/intel-will-mit-neuen-mobilprozessoren-dem-macbook-pro-konkurrenz-machen-182707\/","title":{"rendered":"Intel will mit neuen Mobilprozessoren dem MacBook Pro Konkurrenz machen"},"content":{"rendered":"<p>Nachdem Intel \u00fcber Jahre hinweg zumindest nach au\u00dfen hin den Eindruck erweckt hat, sich auf den Lorbeeren vergangener Tage auszuruhen, scheint der Wechsel Apples auf eigene Prozessoren und die damit verbundene neue Konkurrenz den Hersteller aus seinen Tr\u00e4umen gerissen zu haben. Pl\u00f6tzlich sieht sich auch Intel in der Lage, effiziente Prozessoren zu produzieren, die zudem noch gewaltige Leistungsspr\u00fcnge versprechen.<\/p>\n<p>Bereits zu Jahresbeginn hat Intel den neuen Core i9 als \u201e<a href=\"https:\/\/www.ifun.de\/intel-praesenteirt-core-i9-als-schnellsten-prozessor-auf-dem-markt-180473\/\" title=\"Intel pr\u00e4sentiert Core i9 als \u201eschnellsten Prozessor auf dem Markt\u201c\">schnellsten Prozessor auf dem Markt<\/a>\u201c angek\u00fcndigt. Doch damit nicht genug. Nicht f\u00fcr die \u00d6ffentlichkeit bestimmten, vom Magazin <a href=\"https:\/\/wccftech.com\/intel-arrow-lake-cpus-to-tackle-apple-macbook-laptops-huge-320-eu-arc-battlemage-gpu-on-tsmc-3nm-process-node\/\">wccftech<\/a> ver\u00f6ffentlichte internen Dokumenten zufolge zielt Intel insbesondere auf den Mobilbereich ab und will hier wohl direkt mit den mit Apple-Prozessoren ausgestatteten MacBooks konkurrieren.<\/p>\n<p><a href=\"https:\/\/images.ifun.de\/wp-content\/uploads\/2022\/02\/intel-interne-roadmap.jpg\"><img loading=\"lazy\" decoding=\"async\" src=\"https:\/\/images.ifun.de\/wp-content\/uploads\/2022\/02\/intel-interne-roadmap-700x436.jpg\" alt=\"Intel Interne Roadmap\" width=\"700\" height=\"436\" class=\"alignnone size-large wp-image-182711\" srcset=\"https:\/\/images.ifun.de\/wp-content\/uploads\/2022\/02\/intel-interne-roadmap-700x436.jpg 700w, https:\/\/images.ifun.de\/wp-content\/uploads\/2022\/02\/intel-interne-roadmap-500x311.jpg 500w, https:\/\/images.ifun.de\/wp-content\/uploads\/2022\/02\/intel-interne-roadmap-768x478.jpg 768w, https:\/\/images.ifun.de\/wp-content\/uploads\/2022\/02\/intel-interne-roadmap.jpg 1302w\" sizes=\"auto, (max-width: 700px) 100vw, 700px\" \/><\/a><\/p>\n<p>In den in diesem Zusammenhang an die \u00d6ffentlichkeit gelangten und als \u201eIntel vertraulich\u201c gekennzeichneten Dokumenten wird konkret Apples Chip-Design das MacBook Pro 14\u201c erw\u00e4hnt. Die neuen Intel-Prozessoren sollen ausgesprochen effizient und mit geringem Energieverbrauch arbeiten, und es damit verbunden erm\u00f6glichen, in enger Zusammenarbeit mit Ger\u00e4teherstellern leistungsf\u00e4hige Rechner auf den Markt zu bringen, die es mit Apples MacBook-Pro-Modellen aufnehmen k\u00f6nnen.<\/p>\n<p>\u00dcbers Knie kann Intel hier allerdings nichts brechen. Aktuell wird erwartet, dass die neuen Prozessoren fr\u00fchestens gegen Jahresende oder gar erst im kommenden Jahr 2023 zur Verf\u00fcgung stehen.<\/p>\n","protected":false},"excerpt":{"rendered":"<a href=\"https:\/\/www.ifun.de\/intel-will-mit-neuen-mobilprozessoren-dem-macbook-pro-konkurrenz-machen-182707\/\"><img width=\"150\" height=\"150\" src=\"https:\/\/images.ifun.de\/wp-content\/uploads\/2022\/02\/intel-interne-roadmap-150x150.jpg\" class=\"alignright tfe wp-post-image\" alt=\"Intel Interne Roadmap\" decoding=\"async\" loading=\"lazy\" \/><\/a><p>Nachdem Intel \u00fcber Jahre hinweg zumindest nach au\u00dfen hin den Eindruck erweckt hat, sich auf den Lorbeeren vergangener Tage auszuruhen, scheint der Wechsel Apples auf eigene Prozessoren und die damit verbundene neue Konkurrenz den Hersteller aus seinen Tr\u00e4umen gerissen zu haben. Pl\u00f6tzlich sieht sich auch Intel in der Lage, effiziente Prozessoren zu produzieren, die zudem [&hellip;]<\/p>\n","protected":false},"author":2,"featured_media":182711,"comment_status":"open","ping_status":"closed","sticky":false,"template":"","format":"standard","meta":{"_acf_changed":false,"footnotes":""},"categories":[1],"tags":[739],"class_list":["post-182707","post","type-post","status-publish","format-standard","has-post-thumbnail","hentry","category-news","tag-intel"],"acf":[],"aioseo_notices":[],"subheadline":["Aus dem Winterschlaf erwacht"],"featured_image":["https:\/\/images.ifun.de\/wp-content\/uploads\/2018\/01\/intel-header.jpg"],"rest_api_enabler":{"subheadline":"Aus dem Winterschlaf erwacht","featured_image":"https:\/\/images.ifun.de\/wp-content\/uploads\/2018\/01\/intel-header.jpg"},"_links":{"self":[{"href":"https:\/\/www.ifun.de\/apiv2\/wp\/v2\/posts\/182707","targetHints":{"allow":["GET"]}}],"collection":[{"href":"https:\/\/www.ifun.de\/apiv2\/wp\/v2\/posts"}],"about":[{"href":"https:\/\/www.ifun.de\/apiv2\/wp\/v2\/types\/post"}],"author":[{"embeddable":true,"href":"https:\/\/www.ifun.de\/apiv2\/wp\/v2\/users\/2"}],"replies":[{"embeddable":true,"href":"https:\/\/www.ifun.de\/apiv2\/wp\/v2\/comments?post=182707"}],"version-history":[{"count":4,"href":"https:\/\/www.ifun.de\/apiv2\/wp\/v2\/posts\/182707\/revisions"}],"predecessor-version":[{"id":182712,"href":"https:\/\/www.ifun.de\/apiv2\/wp\/v2\/posts\/182707\/revisions\/182712"}],"wp:featuredmedia":[{"embeddable":true,"href":"https:\/\/www.ifun.de\/apiv2\/wp\/v2\/media\/182711"}],"wp:attachment":[{"href":"https:\/\/www.ifun.de\/apiv2\/wp\/v2\/media?parent=182707"}],"wp:term":[{"taxonomy":"category","embeddable":true,"href":"https:\/\/www.ifun.de\/apiv2\/wp\/v2\/categories?post=182707"},{"taxonomy":"post_tag","embeddable":true,"href":"https:\/\/www.ifun.de\/apiv2\/wp\/v2\/tags?post=182707"}],"curies":[{"name":"wp","href":"https:\/\/api.w.org\/{rel}","templated":true}]}}