{"id":182270,"date":"2022-02-16T08:20:09","date_gmt":"2022-02-16T07:20:09","guid":{"rendered":"https:\/\/www.ifun.de\/?p=182270"},"modified":"2022-02-17T18:38:08","modified_gmt":"2022-02-17T17:38:08","slug":"fuer-alle-telekom-kunden-3-monate-apple-tv-kostenlos","status":"publish","type":"post","link":"https:\/\/www.ifun.de\/fuer-alle-telekom-kunden-3-monate-apple-tv-kostenlos-182270\/","title":{"rendered":"F\u00fcr alle Telekom-Kunden: 3 Monate Apple TV+ kostenlos"},"content":{"rendered":"<p>Kunden der Deutschen Telekom k\u00f6nnen aktuell von einer Werbeaktion f\u00fcr Apples Video-Streaming-Dienst Apple TV+ profitieren und sich drei Monaten lange mit dem kostenlosem Vollzugriff auf den Netflix-Konkurrenten eindecken.<\/p>\n<p><a href=\"https:\/\/images.ifun.de\/wp-content\/uploads\/2022\/02\/telekom-magentatv-apple4k-ted-lasso-the-morning-show-see.jpg\"><img loading=\"lazy\" decoding=\"async\" class=\"aligncenter size-medium wp-image-182273\" src=\"https:\/\/images.ifun.de\/wp-content\/uploads\/2022\/02\/telekom-magentatv-apple4k-ted-lasso-the-morning-show-see-500x331.jpg\" alt=\"Telekom Magentatv Apple4k Ted Lasso The Morning Show See\" width=\"500\" height=\"331\" srcset=\"https:\/\/images.ifun.de\/wp-content\/uploads\/2022\/02\/telekom-magentatv-apple4k-ted-lasso-the-morning-show-see-500x331.jpg 500w, https:\/\/images.ifun.de\/wp-content\/uploads\/2022\/02\/telekom-magentatv-apple4k-ted-lasso-the-morning-show-see-700x463.jpg 700w, https:\/\/images.ifun.de\/wp-content\/uploads\/2022\/02\/telekom-magentatv-apple4k-ted-lasso-the-morning-show-see-768x508.jpg 768w, https:\/\/images.ifun.de\/wp-content\/uploads\/2022\/02\/telekom-magentatv-apple4k-ted-lasso-the-morning-show-see.jpg 859w\" sizes=\"auto, (max-width: 500px) 100vw, 500px\" \/><\/a><\/p>\n<h2>F\u00fcr Neukunden und Wiederkehrer<\/h2>\n<p>Der Bonner Netzbetreiber bietet die Dreingabe unter der \u00dcberschrift &#8222;F\u00fcr alle Telekom Kunden &#8211; Erlebe Apple TV+ 3 Monate kostenlos&#8220; auf dieser Funktions\u00fcbersicht von MagentaTV an (scrollt hier \u00fcber die \u00e4hnliche 3-Monats-Aktion hinweg, die K\u00e4ufern des Apple TV 4K mit Telekom-Fernbedienung angeboten wird).<\/p>\n<p><a href=\"https:\/\/images.ifun.de\/wp-content\/uploads\/2022\/02\/telekom-aktion.jpg\"><img loading=\"lazy\" decoding=\"async\" class=\"aligncenter size-large wp-image-182274\" src=\"https:\/\/images.ifun.de\/wp-content\/uploads\/2022\/02\/telekom-aktion-700x457.jpg\" alt=\"Telekom Aktion\" width=\"700\" height=\"457\" srcset=\"https:\/\/images.ifun.de\/wp-content\/uploads\/2022\/02\/telekom-aktion-700x457.jpg 700w, https:\/\/images.ifun.de\/wp-content\/uploads\/2022\/02\/telekom-aktion-500x326.jpg 500w, https:\/\/images.ifun.de\/wp-content\/uploads\/2022\/02\/telekom-aktion-768x501.jpg 768w, https:\/\/images.ifun.de\/wp-content\/uploads\/2022\/02\/telekom-aktion.jpg 1400w\" sizes=\"auto, (max-width: 700px) 100vw, 700px\" \/><\/a><\/p>\n<p>Hier offeriert die Telekom die drei Monate dann sowohl f\u00fcr Festnetz- und TV-Kunden als auch f\u00fcr alle Mobilfunk-Kunden und stellt zwei Links zur Verf\u00fcgung die direkt zu den entsprechenden Angebotsseiten weiterleiten:<\/p>\n<ul>\n<li><strong>3 Monate Apple TV+<\/strong> <a href=\"https:\/\/cap.telekom.de\/trinityspace\/ui\/auth\/openid?module=trinityspace&amp;page=booking&amp;subtempid=FNTVPLUS01\">f\u00fcr Festnetz- und TV-Kunden<\/a><\/li>\n<li><strong>3 Monate Apple TV+<\/strong> <a href=\"https:\/\/cap.telekom.de\/trinityspace\/ui\/auth?module=trinityspace&amp;page=booking&amp;subtempid=11110707\">f\u00fcr Mobilfunk-Kunden<\/a><\/li>\n<\/ul>\n<p>Die Aktion richtet sich nicht nur an Neukunden sondern ausdr\u00fccklich auch an Wiederkehrer und schlie\u00dft alle Telekom-Kunden ein. Selbstredend ist allerdings davon auszugehen, dass Gesch\u00e4ftskunden hier wieder au\u00dfen vor gelassen werden. Das System der Telekom ist fast nie in der Lage entsprechenden Aktionsangebote auch den Business-Kunden zu offerieren.<\/p>\n<h2>MagentaTV 6 Monate ohne Aufpreis<\/h2>\n<p>In diesem Zusammenhang erw\u00e4hnenswert ist die ebenfalls frisch gestartete Festnetz-Aktion der Telekom <a href=\"https:\/\/www.awin1.com\/awclick.php?gid=336765&amp;mid=11430&amp;awinaffid=399545&amp;linkid=3019668&amp;clickref=\">MagentaTV 6 Monate ohne Aufpreis<\/a>. Zum Anfixen k\u00f6nnen Festnetz-Neukunden der Telekom das Streaming-Angebot MagentaTV ein halbes Jahr lang ohne Zusatzkosten nutzen.<\/p>\n<p><a href=\"https:\/\/images.ifun.de\/wp-content\/uploads\/2022\/02\/magentatv.jpg\"><img loading=\"lazy\" decoding=\"async\" class=\"aligncenter size-full wp-image-182272\" src=\"https:\/\/images.ifun.de\/wp-content\/uploads\/2022\/02\/magentatv.jpg\" alt=\"Magentatv\" width=\"600\" height=\"200\" srcset=\"https:\/\/images.ifun.de\/wp-content\/uploads\/2022\/02\/magentatv.jpg 600w, https:\/\/images.ifun.de\/wp-content\/uploads\/2022\/02\/magentatv-500x167.jpg 500w\" sizes=\"auto, (max-width: 600px) 100vw, 600px\" \/><\/a><\/p>\n<p>Dies gilt f\u00fcr alle MagentaTV-Varianten, also f\u00fcr MagentaTV Basic, MagentaTV Smart, MagentaTV Entertain und f\u00fcr MagentaTV Netflix. Im Anschluss an die sechs kostenlosen Monate gilt dann jedoch der regul\u00e4re AGB-Preis. Buchbar sind die sechs Monate auch in den g\u00fcnstigsten Festnetz-Tarifen wie MagentaZuhause S.<br \/>\n<h8>Mit Dank an Andy!<\/h8><br \/>\n<img loading=\"lazy\" decoding=\"async\" src=\"https:\/\/vg01.met.vgwort.de\/na\/3acb666e82614a1ba84b705f787356ca\" width=\"1\" height=\"1\" no-lazy class=\"tracking\"><\/p>\n","protected":false},"excerpt":{"rendered":"<a href=\"https:\/\/www.ifun.de\/fuer-alle-telekom-kunden-3-monate-apple-tv-kostenlos-182270\/\"><img width=\"150\" height=\"150\" src=\"https:\/\/images.ifun.de\/wp-content\/uploads\/2022\/02\/telekom-aktion-150x150.jpg\" class=\"alignright tfe wp-post-image\" alt=\"Telekom Aktion\" decoding=\"async\" loading=\"lazy\" \/><\/a><p>Kunden der Deutschen Telekom k\u00f6nnen aktuell von einer Werbeaktion f\u00fcr Apples Video-Streaming-Dienst Apple TV+ profitieren und sich drei Monaten lange mit dem kostenlosem Vollzugriff auf den Netflix-Konkurrenten eindecken. F\u00fcr Neukunden und Wiederkehrer Der Bonner Netzbetreiber bietet die Dreingabe unter der \u00dcberschrift &#8222;F\u00fcr alle Telekom Kunden &#8211; Erlebe Apple TV+ 3 Monate kostenlos&#8220; auf dieser Funktions\u00fcbersicht [&hellip;]<\/p>\n","protected":false},"author":1,"featured_media":182274,"comment_status":"open","ping_status":"closed","sticky":false,"template":"","format":"standard","meta":{"_acf_changed":false,"footnotes":""},"categories":[4,1783],"tags":[26,4329,282],"class_list":["post-182270","post","type-post","status-publish","format-standard","has-post-thumbnail","hentry","category-appletv","category-feature","tag-apple-tv","tag-magentatv","tag-telekom"],"acf":[],"aioseo_notices":[],"subheadline":["F\u00fcr Neukunden und Wiederkehrer","F\u00fcr Neukunden und Wiederkehrer"],"featured_image":["https:\/\/images.ifun.de\/wp-content\/uploads\/2021\/07\/telekom-magentatv-mit-apple-tv-1.jpg"],"rest_api_enabler":{"subheadline":["F\u00fcr Neukunden und Wiederkehrer","F\u00fcr Neukunden und Wiederkehrer"],"featured_image":"https:\/\/images.ifun.de\/wp-content\/uploads\/2021\/07\/telekom-magentatv-mit-apple-tv-1.jpg"},"_links":{"self":[{"href":"https:\/\/www.ifun.de\/apiv2\/wp\/v2\/posts\/182270","targetHints":{"allow":["GET"]}}],"collection":[{"href":"https:\/\/www.ifun.de\/apiv2\/wp\/v2\/posts"}],"about":[{"href":"https:\/\/www.ifun.de\/apiv2\/wp\/v2\/types\/post"}],"author":[{"embeddable":true,"href":"https:\/\/www.ifun.de\/apiv2\/wp\/v2\/users\/1"}],"replies":[{"embeddable":true,"href":"https:\/\/www.ifun.de\/apiv2\/wp\/v2\/comments?post=182270"}],"version-history":[{"count":3,"href":"https:\/\/www.ifun.de\/apiv2\/wp\/v2\/posts\/182270\/revisions"}],"predecessor-version":[{"id":182276,"href":"https:\/\/www.ifun.de\/apiv2\/wp\/v2\/posts\/182270\/revisions\/182276"}],"wp:featuredmedia":[{"embeddable":true,"href":"https:\/\/www.ifun.de\/apiv2\/wp\/v2\/media\/182274"}],"wp:attachment":[{"href":"https:\/\/www.ifun.de\/apiv2\/wp\/v2\/media?parent=182270"}],"wp:term":[{"taxonomy":"category","embeddable":true,"href":"https:\/\/www.ifun.de\/apiv2\/wp\/v2\/categories?post=182270"},{"taxonomy":"post_tag","embeddable":true,"href":"https:\/\/www.ifun.de\/apiv2\/wp\/v2\/tags?post=182270"}],"curies":[{"name":"wp","href":"https:\/\/api.w.org\/{rel}","templated":true}]}}