{"id":182162,"date":"2022-02-14T08:37:15","date_gmt":"2022-02-14T07:37:15","guid":{"rendered":"https:\/\/www.ifun.de\/?p=182162"},"modified":"2022-02-14T09:34:11","modified_gmt":"2022-02-14T08:34:11","slug":"herr-der-ringe-erster-teaser-trailer-zur-amazon-serie","status":"publish","type":"post","link":"https:\/\/www.ifun.de\/herr-der-ringe-erster-teaser-trailer-zur-amazon-serie-182162\/","title":{"rendered":"Herr der Ringe: Erster Teaser-Trailer zur Amazon-Serie"},"content":{"rendered":"<p>Nur wenige Tage nachdem das Entertainment-Portal <a href=\"https:\/\/www.vanityfair.com\/hollywood\/2022\/02\/amazon-the-rings-of-power-series-first-look\">Vanity Fair einen ersten Blick<\/a> auf die Kost\u00fcme und Darsteller der aufw\u00e4ndigen Serien-Produktion &#8222;Der Herr der Ringe &#8211; Die Ringe der Macht&#8220; geworden hat, kommt von Amazon heute der erste Teaser-Trailer zur Fantasy-Serie, die noch in diesem Jahr mit ihrer ersten Staffel landen soll.<\/p>\n<p><a href=\"https:\/\/images.ifun.de\/wp-content\/uploads\/2022\/02\/lord-of-the-rings-009-1400.jpg\"><img loading=\"lazy\" decoding=\"async\" class=\"aligncenter size-medium wp-image-182165\" src=\"https:\/\/images.ifun.de\/wp-content\/uploads\/2022\/02\/lord-of-the-rings-009-1400-500x333.jpg\" alt=\"Lord Of The Rings 009 1400\" width=\"500\" height=\"333\" srcset=\"https:\/\/images.ifun.de\/wp-content\/uploads\/2022\/02\/lord-of-the-rings-009-1400-500x333.jpg 500w, https:\/\/images.ifun.de\/wp-content\/uploads\/2022\/02\/lord-of-the-rings-009-1400-700x466.jpg 700w, https:\/\/images.ifun.de\/wp-content\/uploads\/2022\/02\/lord-of-the-rings-009-1400-768x511.jpg 768w, https:\/\/images.ifun.de\/wp-content\/uploads\/2022\/02\/lord-of-the-rings-009-1400.jpg 1400w\" sizes=\"auto, (max-width: 500px) 100vw, 500px\" \/><\/a><\/p>\n<h6><a href=\"https:\/\/www.vanityfair.com\/hollywood\/2022\/02\/amazon-the-rings-of-power-series-first-look\">Eines der &#8222;First Look&#8220;-Bilder von Vanity Fair<\/a><\/h6>\n<h2>Kost\u00fcme als &#8222;zu sauber&#8220; in der Kritik<\/h2>\n<p>Der 67-sek\u00fcndige Teaser-Trailer scheint dabei zu unterstreichen, was nach dem sogenannten &#8222;First Look&#8220; von Vanity Fair die webweite Debatte dominierte: Anders als in der Spielfilm-Trilogie von Peter Jackson, in denen Kost\u00fcme und Charaktere vom Leben gezeichnet wirken, irritiert die Amazon-Serie mit einer Reinraum-\u00c4sthetik, der der nat\u00fcrlich verschmutzte und abgenutzte Charme der beliebten Kinofilme in weiten Teilen abhanden gekommen zu sein scheint.<\/p>\n<h2>Start am 2. September<\/h2>\n<p>Die neue Serie soll den Katalog von Amazon Prime Video Anfang September erreichen und k\u00f6nnte von Amazon as Zugpferd eingesetzt werden, um Prime-Kunden auch nach einer Preiserh\u00f6hung in Europa zum weiteren Zahlen der laufenden Prime-Mitgliedschaft zu \u00fcberzeugen. In den Vereinigten Staaten hatte Amazon die Kosten f\u00fcr das Prime-Abo erst k\u00fcrzlich <a href=\"https:\/\/www.ifun.de\/preiserhoehung-amazon-prime-mitgliedschaft-wird-16-teurer-181817\/\">um 16 Prozent von $119 auf $139<\/a> erh\u00f6ht und damit die dritte Preiserh\u00f6hung seit der Markteinf\u00fchrung des Prime-Abos durchgef\u00fchrt.<\/p>\n<p><div class=\"responsive-video\"><iframe loading=\"lazy\" title=\"Der Herr der Ringe: Die Ringe der Macht \u2013 Teaser Trailer | Prime Video DE\" width=\"500\" height=\"281\" src=\"https:\/\/www.youtube-nocookie.com\/embed\/NxYeO4pyx6Q?feature=oembed\" frameborder=\"0\" allow=\"accelerometer; autoplay; clipboard-write; encrypted-media; gyroscope; picture-in-picture; web-share\" referrerpolicy=\"strict-origin-when-cross-origin\" allowfullscreen><\/iframe><\/div><\/p>\n<p>Die Serienproduktion, soll sich dem &#8222;Wiedererstarken des B\u00f6sen in Mittelerde&#8220; widmen, wo es nach einer langen Zeit des Friedens wieder aus &#8222;den Tiefen des Nebelgebirges&#8220; rumort.<\/p>\n<p>Amazon hat die hauseigene \u201eHerr der Ringe\u201c-Serie bereits 2017 <a href=\"https:\/\/www.ifun.de\/prime-video-amazon-produziert-herr-der-ringe-serie-115248\/\">angek\u00fcndigt<\/a> und soll damals gut 250 Millionen US-Dollar in die Produktions- und Fernsehrechte investiert haben. Auch die Produktion einer zweiten Staffel wurde bereits best\u00e4tigt. Seit vergangenem August <a href=\"https:\/\/www.ifun.de\/herr-der-ringe-amazon-kuendigt-2-staffel-mit-drehort-uk-an-174221\/\">steht fest<\/a>: Season 02 soll vorwiegend im Vereinigten K\u00f6nigreich gedreht werden.<\/p>\n<p><img loading=\"lazy\" decoding=\"async\" src=\"https:\/\/vg01.met.vgwort.de\/na\/0641ff2d3c724c3d9ea06771cf95694d\" width=\"1\" height=\"1\" no-lazy class=\"tracking\"><\/p>\n","protected":false},"excerpt":{"rendered":"<a href=\"https:\/\/www.ifun.de\/herr-der-ringe-erster-teaser-trailer-zur-amazon-serie-182162\/\"><img width=\"150\" height=\"150\" src=\"https:\/\/images.ifun.de\/wp-content\/uploads\/2022\/02\/lord-of-the-rings-009-1400-150x150.jpg\" class=\"alignright tfe wp-post-image\" alt=\"Lord Of The Rings 009 1400\" decoding=\"async\" loading=\"lazy\" \/><\/a><p>Nur wenige Tage nachdem das Entertainment-Portal Vanity Fair einen ersten Blick auf die Kost\u00fcme und Darsteller der aufw\u00e4ndigen Serien-Produktion &#8222;Der Herr der Ringe &#8211; Die Ringe der Macht&#8220; geworden hat, kommt von Amazon heute der erste Teaser-Trailer zur Fantasy-Serie, die noch in diesem Jahr mit ihrer ersten Staffel landen soll. Eines der &#8222;First Look&#8220;-Bilder von [&hellip;]<\/p>\n","protected":false},"author":1,"featured_media":182165,"comment_status":"open","ping_status":"closed","sticky":false,"template":"","format":"standard","meta":{"_acf_changed":false,"footnotes":""},"categories":[1],"tags":[53,2689,5708],"class_list":["post-182162","post","type-post","status-publish","format-standard","has-post-thumbnail","hentry","category-news","tag-amazon","tag-amazon-prime","tag-herr-der-ringe"],"acf":[],"aioseo_notices":[],"subheadline":["Start am 2. September","Start am 2. September"],"featured_image":["https:\/\/images.ifun.de\/wp-content\/uploads\/2022\/02\/herr-der-ringe.jpg"],"rest_api_enabler":{"subheadline":["Start am 2. September","Start am 2. September"],"featured_image":"https:\/\/images.ifun.de\/wp-content\/uploads\/2022\/02\/herr-der-ringe.jpg"},"_links":{"self":[{"href":"https:\/\/www.ifun.de\/apiv2\/wp\/v2\/posts\/182162","targetHints":{"allow":["GET"]}}],"collection":[{"href":"https:\/\/www.ifun.de\/apiv2\/wp\/v2\/posts"}],"about":[{"href":"https:\/\/www.ifun.de\/apiv2\/wp\/v2\/types\/post"}],"author":[{"embeddable":true,"href":"https:\/\/www.ifun.de\/apiv2\/wp\/v2\/users\/1"}],"replies":[{"embeddable":true,"href":"https:\/\/www.ifun.de\/apiv2\/wp\/v2\/comments?post=182162"}],"version-history":[{"count":3,"href":"https:\/\/www.ifun.de\/apiv2\/wp\/v2\/posts\/182162\/revisions"}],"predecessor-version":[{"id":182167,"href":"https:\/\/www.ifun.de\/apiv2\/wp\/v2\/posts\/182162\/revisions\/182167"}],"wp:featuredmedia":[{"embeddable":true,"href":"https:\/\/www.ifun.de\/apiv2\/wp\/v2\/media\/182165"}],"wp:attachment":[{"href":"https:\/\/www.ifun.de\/apiv2\/wp\/v2\/media?parent=182162"}],"wp:term":[{"taxonomy":"category","embeddable":true,"href":"https:\/\/www.ifun.de\/apiv2\/wp\/v2\/categories?post=182162"},{"taxonomy":"post_tag","embeddable":true,"href":"https:\/\/www.ifun.de\/apiv2\/wp\/v2\/tags?post=182162"}],"curies":[{"name":"wp","href":"https:\/\/api.w.org\/{rel}","templated":true}]}}