{"id":181813,"date":"2022-02-04T08:57:49","date_gmt":"2022-02-04T07:57:49","guid":{"rendered":"https:\/\/www.ifun.de\/?p=181813"},"modified":"2022-02-04T08:57:49","modified_gmt":"2022-02-04T07:57:49","slug":"facetime-video-apple-erklaert-kamera-und-mikrofon-modi","status":"publish","type":"post","link":"https:\/\/www.ifun.de\/facetime-video-apple-erklaert-kamera-und-mikrofon-modi-181813\/","title":{"rendered":"FaceTime-Video: Apple erkl\u00e4rt Kamera- und Mikrofon-Modi"},"content":{"rendered":"<p>Apple hat auf seinem offiziellen deutschen YouTube-Kanal ein neues &#8222;Gewusst wie&#8220;-Video zum Einsatz der unterschiedlichen Kamera- und Mikrofon-Modi w\u00e4hrend laufender FaceTime-Videoanrufe ver\u00f6ffentlicht und erinnert an die Verf\u00fcgbarkeit des Mikrofonmodus &#8222;Stimmisolation&#8220;, der sich bei Bedarf schnell \u00fcber das Kontrollzentrum aktivieren l\u00e4sst.<\/p>\n<p>Der nur <a href=\"https:\/\/www.youtube.com\/watch?v=nEYmlj9jKdU\">60 Sekunden kurze Clip<\/a> eignet sich hervorragend zum Teilen im Kreis der technikinteressierten Familie und sorgt im besten Fall f\u00fcr deutlich angenehmere Gespr\u00e4che mit den eigenen Eltern und Gro\u00dfeltern.<\/p>\n<h2>Hintergrundger\u00e4usche filtern<\/h2>\n<p>Die im Video demonstrierte Mikrofon-Funktion &#8222;Stimmisolation&#8220; ben\u00f6tigt mindestens ein iPhone XR bzw. iPhone XS oder neuere Modelle und setzt in Sachen Tablet mindestens ein iPad der 8. Generation, ein iPad Pro, ein iPad Air der 3. Generation oder ein iPad mini der 5. Generation voraus.<\/p>\n<p><div class=\"responsive-video\"><iframe loading=\"lazy\" title=\"So \u00e4nderst du den Mikrofon- und Kameramodus in FaceTime auf iPhone und iPad | Apple Support\" width=\"500\" height=\"281\" src=\"https:\/\/www.youtube-nocookie.com\/embed\/nEYmlj9jKdU?feature=oembed\" frameborder=\"0\" allow=\"accelerometer; autoplay; clipboard-write; encrypted-media; gyroscope; picture-in-picture; web-share\" referrerpolicy=\"strict-origin-when-cross-origin\" allowfullscreen><\/iframe><\/div><\/p>\n<p>Erf\u00fcllt ihr die Voraussetzungen, l\u00e4sst sich mit der optionalen Einstellung eine aggressive Ger\u00e4uschunterdr\u00fcckung aktivieren, die sich schmalbandig auf die <a href=\"https:\/\/www.logopraxis.info\/die-sprachbanane\/\">Sprachbanane<\/a> konzentriert und alle anderen Ger\u00e4usche so gut es geht zu reduzieren versucht.<\/p>\n<p>Ebenfalls in den Mikrofoneinstellungen verf\u00fcgbar ist das &#8222;Breite Spektrum&#8220;, das genau gegens\u00e4tzlich arbeitet und durch eine gr\u00f6\u00dftm\u00f6gliche Erfassung der Au\u00dfenger\u00e4usche auch in der Lage ist ein Vogelzwitschern w\u00e4hrend laufender Gespr\u00e4che zu \u00fcbermitteln.<\/p>\n<h2>Portr\u00e4tmodus zuschalten<\/h2>\n<p>Neben dem Mikrofon-Einstellungen erinnert Apples Kurzvideo auch an den Portr\u00e4tmodus, der sich auf Gesichter konzentriert und den Hintergrund mit einer Unsch\u00e4rfe versieht, um den Fokus eures Gegen\u00fcber auf das Gespr\u00e4ch und nicht auf das unaufger\u00e4umte Zimmer im Hintergrund zu lenken.<\/p>\n<p><a href=\"https:\/\/images.ifun.de\/wp-content\/uploads\/2022\/02\/ios15-ipad-pro-control-center-open-facetime.jpg\"><img loading=\"lazy\" decoding=\"async\" class=\"aligncenter size-large wp-image-181814\" src=\"https:\/\/images.ifun.de\/wp-content\/uploads\/2022\/02\/ios15-ipad-pro-control-center-open-facetime-700x505.jpg\" alt=\"Ios15 Ipad Pro Control Center Open Facetime\" width=\"700\" height=\"505\" srcset=\"https:\/\/images.ifun.de\/wp-content\/uploads\/2022\/02\/ios15-ipad-pro-control-center-open-facetime-700x505.jpg 700w, https:\/\/images.ifun.de\/wp-content\/uploads\/2022\/02\/ios15-ipad-pro-control-center-open-facetime-500x361.jpg 500w, https:\/\/images.ifun.de\/wp-content\/uploads\/2022\/02\/ios15-ipad-pro-control-center-open-facetime-768x554.jpg 768w, https:\/\/images.ifun.de\/wp-content\/uploads\/2022\/02\/ios15-ipad-pro-control-center-open-facetime-1536x1109.jpg 1536w, https:\/\/images.ifun.de\/wp-content\/uploads\/2022\/02\/ios15-ipad-pro-control-center-open-facetime.jpg 1560w\" sizes=\"auto, (max-width: 700px) 100vw, 700px\" \/><\/a><\/p>\n<p>Apple erkl\u00e4rt die Details der im Video angerissenen Modi unter der \u00dcberschrift &#8222;<a href=\"https:\/\/support.apple.com\/de-de\/HT204380\">FaceTime mit dem iPhone, iPad oder iPod touch verwenden<\/a>&#8220; im hauseigenen Support-Portal.<\/p>\n<p><img loading=\"lazy\" decoding=\"async\" src=\"https:\/\/vg01.met.vgwort.de\/na\/b695f710f3a248108424b85e5e6f5194\" width=\"1\" height=\"1\" no-lazy class=\"tracking\"><\/p>\n","protected":false},"excerpt":{"rendered":"<a href=\"https:\/\/www.ifun.de\/facetime-video-apple-erklaert-kamera-und-mikrofon-modi-181813\/\"><img width=\"150\" height=\"150\" src=\"https:\/\/images.ifun.de\/wp-content\/uploads\/2022\/02\/folgemodus-facetime-feature-150x150.jpg\" class=\"alignright tfe wp-post-image\" alt=\"Folgemodus Facetime Feature\" decoding=\"async\" loading=\"lazy\" \/><\/a><p>Apple hat auf seinem offiziellen deutschen YouTube-Kanal ein neues &#8222;Gewusst wie&#8220;-Video zum Einsatz der unterschiedlichen Kamera- und Mikrofon-Modi w\u00e4hrend laufender FaceTime-Videoanrufe ver\u00f6ffentlicht und erinnert an die Verf\u00fcgbarkeit des Mikrofonmodus &#8222;Stimmisolation&#8220;, der sich bei Bedarf schnell \u00fcber das Kontrollzentrum aktivieren l\u00e4sst. Der nur 60 Sekunden kurze Clip eignet sich hervorragend zum Teilen im Kreis der technikinteressierten [&hellip;]<\/p>\n","protected":false},"author":1,"featured_media":181815,"comment_status":"open","ping_status":"closed","sticky":false,"template":"","format":"standard","meta":{"_acf_changed":false,"footnotes":""},"categories":[1],"tags":[90,202,175,31],"class_list":["post-181813","post","type-post","status-publish","format-standard","has-post-thumbnail","hentry","category-news","tag-basics","tag-facetime","tag-mikrofon","tag-video"],"acf":[],"aioseo_notices":[],"featured_image":["https:\/\/images.ifun.de\/wp-content\/uploads\/2022\/02\/folgemodus-facetime-feature.jpg"],"subheadline":["60 Sekunden Grundlagen"],"rest_api_enabler":{"featured_image":"https:\/\/images.ifun.de\/wp-content\/uploads\/2022\/02\/folgemodus-facetime-feature.jpg","subheadline":"60 Sekunden Grundlagen"},"_links":{"self":[{"href":"https:\/\/www.ifun.de\/apiv2\/wp\/v2\/posts\/181813","targetHints":{"allow":["GET"]}}],"collection":[{"href":"https:\/\/www.ifun.de\/apiv2\/wp\/v2\/posts"}],"about":[{"href":"https:\/\/www.ifun.de\/apiv2\/wp\/v2\/types\/post"}],"author":[{"embeddable":true,"href":"https:\/\/www.ifun.de\/apiv2\/wp\/v2\/users\/1"}],"replies":[{"embeddable":true,"href":"https:\/\/www.ifun.de\/apiv2\/wp\/v2\/comments?post=181813"}],"version-history":[{"count":1,"href":"https:\/\/www.ifun.de\/apiv2\/wp\/v2\/posts\/181813\/revisions"}],"predecessor-version":[{"id":181816,"href":"https:\/\/www.ifun.de\/apiv2\/wp\/v2\/posts\/181813\/revisions\/181816"}],"wp:featuredmedia":[{"embeddable":true,"href":"https:\/\/www.ifun.de\/apiv2\/wp\/v2\/media\/181815"}],"wp:attachment":[{"href":"https:\/\/www.ifun.de\/apiv2\/wp\/v2\/media?parent=181813"}],"wp:term":[{"taxonomy":"category","embeddable":true,"href":"https:\/\/www.ifun.de\/apiv2\/wp\/v2\/categories?post=181813"},{"taxonomy":"post_tag","embeddable":true,"href":"https:\/\/www.ifun.de\/apiv2\/wp\/v2\/tags?post=181813"}],"curies":[{"name":"wp","href":"https:\/\/api.w.org\/{rel}","templated":true}]}}