{"id":181671,"date":"2022-02-01T18:23:33","date_gmt":"2022-02-01T17:23:33","guid":{"rendered":"https:\/\/www.ifun.de\/?p=181671"},"modified":"2022-02-01T18:23:33","modified_gmt":"2022-02-01T17:23:33","slug":"mdr-fuer-alle-mdr-will-juenger-und-digitaler-werden","status":"publish","type":"post","link":"https:\/\/www.ifun.de\/mdr-fuer-alle-mdr-will-juenger-und-digitaler-werden-181671\/","title":{"rendered":"MDR f\u00fcr alle: MDR will j\u00fcnger und digitaler werden"},"content":{"rendered":"<p>Der in der ARD organisierte Mitteldeutsche Rundfunk (MDR) hat seinen neuen Entwicklungsplan bis zum Jahr 2025 vorgestellt und damit die Strategie der Programm- und Angebotsausrichtung f\u00fcr die kommenden drei Jahre vorgelegt. <a href=\"https:\/\/www.mdr.de\/unternehmen\/informationen\/dokumente\/mdr-entwicklungsplan-zweitausendzweiundzwanzig-bis-zweitausendfuenfundzwanzig100.html\">Der Entwicklungsplan<\/a> steht unter dem von der MDR-Intendantin Karola Wille ausgegebenen Motto &#8222;MDR f\u00fcr alle&#8220; und kann bei Interesse im PDF-Format aus dem Netz geladen werden.<\/p>\n<p><a href=\"https:\/\/images.ifun.de\/wp-content\/uploads\/2022\/02\/bild-karola-wille-intendantin-mdr-100-resimage_v-variantSmall16x9_w-1024_1500.jpg\"><img loading=\"lazy\" decoding=\"async\" class=\"aligncenter size-medium wp-image-181673\" src=\"https:\/\/images.ifun.de\/wp-content\/uploads\/2022\/02\/bild-karola-wille-intendantin-mdr-100-resimage_v-variantSmall16x9_w-1024_1500-500x281.jpg\" alt=\"Bild Karola Wille Intendantin Mdr 100 Resimage V VariantSmall16x9 W 1024 1500\" width=\"500\" height=\"281\" srcset=\"https:\/\/images.ifun.de\/wp-content\/uploads\/2022\/02\/bild-karola-wille-intendantin-mdr-100-resimage_v-variantSmall16x9_w-1024_1500-500x281.jpg 500w, https:\/\/images.ifun.de\/wp-content\/uploads\/2022\/02\/bild-karola-wille-intendantin-mdr-100-resimage_v-variantSmall16x9_w-1024_1500-700x394.jpg 700w, https:\/\/images.ifun.de\/wp-content\/uploads\/2022\/02\/bild-karola-wille-intendantin-mdr-100-resimage_v-variantSmall16x9_w-1024_1500-768x432.jpg 768w, https:\/\/images.ifun.de\/wp-content\/uploads\/2022\/02\/bild-karola-wille-intendantin-mdr-100-resimage_v-variantSmall16x9_w-1024_1500.jpg 1024w\" sizes=\"auto, (max-width: 500px) 100vw, 500px\" \/><\/a><\/p>\n<h6>Karola Wille | Bild: MDR &amp; Kirsten Nijhof<\/h6>\n<h2>Online-Angebot soll ausgebaut werden<\/h2>\n<p>Ganz wichtig ist dem MDR dabei, zuk\u00fcnftige auch Bev\u00f6lkerungsgruppen erreichen zu wollen, die man bislang nicht richtig habe erreichen beziehungsweise mitnehmen k\u00f6nnen. Daf\u00fcr will man perspektivisch mehr j\u00fcngere Anwender ansprechen und diesen eine breitere Auswahl an Digital-Angeboten pr\u00e4sentieren.<\/p>\n<p>Die Hoffnung: Im Jahr 2025 sollen mindestens 25 Prozent der Menschen in Mitteldeutschland regelm\u00e4\u00dfig auf die Online-Angebote des MDR zugreifen. Aktuell liegt die Quote bei gerade mal 8,9 Prozent. Allerdings: Nach Angaben des MDR nutzen 92% der Menschen ab 14 Jahre immerhin mindestens ein MDR-Angebot in einer Zeitspanne von zwei Wochen.<\/p>\n<p><a href=\"https:\/\/images.ifun.de\/wp-content\/uploads\/2022\/02\/mdr-app-angebote.jpg\"><img loading=\"lazy\" decoding=\"async\" class=\"aligncenter size-large wp-image-181674\" src=\"https:\/\/images.ifun.de\/wp-content\/uploads\/2022\/02\/mdr-app-angebote-700x486.jpg\" alt=\"Mdr App Angebote\" width=\"700\" height=\"486\" srcset=\"https:\/\/images.ifun.de\/wp-content\/uploads\/2022\/02\/mdr-app-angebote-700x486.jpg 700w, https:\/\/images.ifun.de\/wp-content\/uploads\/2022\/02\/mdr-app-angebote-500x347.jpg 500w, https:\/\/images.ifun.de\/wp-content\/uploads\/2022\/02\/mdr-app-angebote-768x534.jpg 768w, https:\/\/images.ifun.de\/wp-content\/uploads\/2022\/02\/mdr-app-angebote.jpg 1500w\" sizes=\"auto, (max-width: 700px) 100vw, 700px\" \/><\/a><\/p>\n<h6>Die App-Angebote des MDR<\/h6>\n<h2>&#8222;starke Stimme des Ostens&#8220;<\/h2>\n<p>Der MDR sieht sich zuk\u00fcnftig selbstbewusst als &#8222;starke Stimme des Ostens&#8220; und will diese f\u00fcr alle Generationen erklingen lassen, denn obwohl die Angebote digitaler werden sollen, wird die Bev\u00f6lkerung in Mitteldeutschland \u00e4lter: 2025, so hei\u00dft es im Entwicklungsplan (<a href=\"https:\/\/www.mdr.de\/unternehmen\/informationen\/dokumente\/mdr-entwicklungsplan-zweitausendzweiundzwanzig-bis-zweitausendfuenfundzwanzig100-downloadFile.pdf\">PDF-Download<\/a>), soll die Altersgruppe der \u00fcber 70-j\u00e4hrigen um acht Prozentpunkte auf einen Anteil von etwa 27 Prozent geklettert sein &#8211; bundesweit liegt die Altersgruppe der \u00fcber 70-j\u00e4hrigen hingegen bei nur 16,8 Prozent.<\/p>\n<p>Insgesamt plant der MDR drei Content-Offensiven, die Karola Wille<br \/>\nunter den \u00dcberschriften &#8222;Information und Regionalit\u00e4t&#8220;, &#8222;Fiktionales und dokumentarisches Erz\u00e4hlen&#8220; und &#8222;Innovative, junge Kultur&#8220; zusammenf\u00e4llt. Im Entwicklungsplan hei\u00dft es dazu:<\/p>\n<blockquote><p>Unsere Gesamtreichweite werden wir nur halten bzw. steigern k\u00f6nnen, wenn wir die Reichweite unserer non-linearen Online-Angebote deutlich steigern. Daher lautet unser zentrales Ziel f\u00fcr MDR 2025: 25% aller Menschen in Mitteldeutschland nutzen im Jahr 2025 gewohnheitsm\u00e4\u00dfig mindestens eines unserer Online-Angebote (Stammnutzung mindestens 4 Tage\/Woche).<\/p><\/blockquote>\n<p><img loading=\"lazy\" decoding=\"async\" src=\"https:\/\/vg04.met.vgwort.de\/na\/80d9eac87cda43909471fc3cf26e932c\" width=\"1\" height=\"1\" no-lazy class=\"tracking\"><\/p>\n","protected":false},"excerpt":{"rendered":"<a href=\"https:\/\/www.ifun.de\/mdr-fuer-alle-mdr-will-juenger-und-digitaler-werden-181671\/\"><img width=\"150\" height=\"150\" src=\"https:\/\/images.ifun.de\/wp-content\/uploads\/2022\/02\/mdr-halle-feature-150x150.jpg\" class=\"alignright tfe wp-post-image\" alt=\"Mdr Halle Feature\" decoding=\"async\" loading=\"lazy\" \/><\/a><p>Der in der ARD organisierte Mitteldeutsche Rundfunk (MDR) hat seinen neuen Entwicklungsplan bis zum Jahr 2025 vorgestellt und damit die Strategie der Programm- und Angebotsausrichtung f\u00fcr die kommenden drei Jahre vorgelegt. Der Entwicklungsplan steht unter dem von der MDR-Intendantin Karola Wille ausgegebenen Motto &#8222;MDR f\u00fcr alle&#8220; und kann bei Interesse im PDF-Format aus dem Netz [&hellip;]<\/p>\n","protected":false},"author":1,"featured_media":181675,"comment_status":"open","ping_status":"closed","sticky":false,"template":"","format":"standard","meta":{"_acf_changed":false,"footnotes":""},"categories":[1],"tags":[58,1188],"class_list":["post-181671","post","type-post","status-publish","format-standard","has-post-thumbnail","hentry","category-news","tag-fernsehen","tag-mdr"],"acf":[],"aioseo_notices":[],"subheadline":["Entwicklungsplan bis 2025","Entwicklungsplan bis 2025"],"featured_image":["https:\/\/images.ifun.de\/wp-content\/uploads\/2022\/02\/mdr-halle-feature.jpg"],"rest_api_enabler":{"subheadline":["Entwicklungsplan bis 2025","Entwicklungsplan bis 2025"],"featured_image":"https:\/\/images.ifun.de\/wp-content\/uploads\/2022\/02\/mdr-halle-feature.jpg"},"_links":{"self":[{"href":"https:\/\/www.ifun.de\/apiv2\/wp\/v2\/posts\/181671","targetHints":{"allow":["GET"]}}],"collection":[{"href":"https:\/\/www.ifun.de\/apiv2\/wp\/v2\/posts"}],"about":[{"href":"https:\/\/www.ifun.de\/apiv2\/wp\/v2\/types\/post"}],"author":[{"embeddable":true,"href":"https:\/\/www.ifun.de\/apiv2\/wp\/v2\/users\/1"}],"replies":[{"embeddable":true,"href":"https:\/\/www.ifun.de\/apiv2\/wp\/v2\/comments?post=181671"}],"version-history":[{"count":2,"href":"https:\/\/www.ifun.de\/apiv2\/wp\/v2\/posts\/181671\/revisions"}],"predecessor-version":[{"id":181676,"href":"https:\/\/www.ifun.de\/apiv2\/wp\/v2\/posts\/181671\/revisions\/181676"}],"wp:featuredmedia":[{"embeddable":true,"href":"https:\/\/www.ifun.de\/apiv2\/wp\/v2\/media\/181675"}],"wp:attachment":[{"href":"https:\/\/www.ifun.de\/apiv2\/wp\/v2\/media?parent=181671"}],"wp:term":[{"taxonomy":"category","embeddable":true,"href":"https:\/\/www.ifun.de\/apiv2\/wp\/v2\/categories?post=181671"},{"taxonomy":"post_tag","embeddable":true,"href":"https:\/\/www.ifun.de\/apiv2\/wp\/v2\/tags?post=181671"}],"curies":[{"name":"wp","href":"https:\/\/api.w.org\/{rel}","templated":true}]}}