{"id":181542,"date":"2022-01-31T07:13:50","date_gmt":"2022-01-31T06:13:50","guid":{"rendered":"https:\/\/www.ifun.de\/?p=181542"},"modified":"2022-02-01T19:53:53","modified_gmt":"2022-02-01T18:53:53","slug":"neuer-imac-pro-spaeter-im-jahr-als-ergaenzung-zum-24-zoll-imac","status":"publish","type":"post","link":"https:\/\/www.ifun.de\/neuer-imac-pro-spaeter-im-jahr-als-ergaenzung-zum-24-zoll-imac-181542\/","title":{"rendered":"Neuer iMac Pro: Sp\u00e4ter im Jahr als Erg\u00e4nzung zum 24-Zoll iMac"},"content":{"rendered":"<p>Apple selbst hat den internen Strategiewechsel offiziell zwar nie best\u00e4tigt, mit mehreren Jahren Abstand sind sich viele Marktbeobachter inzwischen aber einig: Als Apple Ende 2017 seinen ersten iMac Pro vorstellte, das Desktop-Flaggschiff erreichte den Markt damals in den Fu\u00dfspuren der gerade erst vorgestellten, runderneuerten MacBook-Familie mit Touch Bar, sollten diese den Mac Pro abl\u00f6sen.<\/p>\n<p><a href=\"https:\/\/images.ifun.de\/wp-content\/uploads\/2021\/04\/imac-2021-gelb.jpg\"><img loading=\"lazy\" decoding=\"async\" class=\"aligncenter size-medium wp-image-169256\" src=\"https:\/\/images.ifun.de\/wp-content\/uploads\/2021\/04\/imac-2021-gelb-500x288.jpg\" alt=\"Imac 2021 Gelb\" width=\"500\" height=\"288\" srcset=\"https:\/\/images.ifun.de\/wp-content\/uploads\/2021\/04\/imac-2021-gelb-500x288.jpg 500w, https:\/\/images.ifun.de\/wp-content\/uploads\/2021\/04\/imac-2021-gelb-700x404.jpg 700w, https:\/\/images.ifun.de\/wp-content\/uploads\/2021\/04\/imac-2021-gelb-768x443.jpg 768w, https:\/\/images.ifun.de\/wp-content\/uploads\/2021\/04\/imac-2021-gelb.jpg 1400w\" sizes=\"auto, (max-width: 500px) 100vw, 500px\" \/><\/a><\/p>\n<h2>Der Mac Pro sollte eigentlich verschwinden<\/h2>\n<p>Der schwarze Zylinder wartete damals schon seit Ewigkeiten auf eine Hardware-Revision, der iMac Pro brachte diese in bekannter Form. Statt weiterhin auf einen gesonderten Desktop-Modell zu setzen bot Apple seine beliebteste Maschine nun auch in einer Pro-Ausf\u00fchrung an und stellte die Weichen f\u00fcr die Zukunft.<\/p>\n<p>Die tragbaren MacBooks des Unternehmens wurden mit hauchd\u00fcnnen Tastaturen, fast ohne Peripherie-Anschlussm\u00f6glichkeiten, und mit bunt-verspielter Touch Bar ausgeliefert. Der Mac Pro, den Apple erst 2013 neu erfunden hatte, konnte wegen unzureichender W\u00e4rme-Ableitung im Inneren nicht kraftvoller gestaltet werden und wurde durch den iMac Pro ersetzt, der den vorhandenen iMacs sehr \u00e4hnlich war und sich vor allem in den Punkten Performance, Preis und Painting unterschied: Das neue Modell wurde erstmals auch in Spacegrau mit Spacegrauen Eingabeger\u00e4ten angeboten.<\/p>\n<h2>Dann folgte die Kehrtwende<\/h2>\n<p>In den sich anschlie\u00dfenden Jahren rappelte sich Apple dann langsam wieder und leitete die Kehrtwende ein. Der Mac Pro kehrte zur\u00fcck, die hauseigene Laptop-Familie wurde komplett \u00fcberarbeitet, von der Touch Bar befreit und um zus\u00e4tzliche Anschl\u00fcsse erg\u00e4nzt. Der iMac erhielt mit dem 24-Zoll iMac im vergangenen Fr\u00fchjahr einen neuen Formfaktor. Ungekl\u00e4rt ist jedoch noch, wie es um das gro\u00dfe 27-Zoll-Modell des iMac bestellt ist, das noch nicht \u00fcberarbeitet wurde.<\/p>\n<p>Hier orakelt der Finanznachrichten-Dienst Bloomberg <a href=\"https:\/\/www.bloomberg.com\/news\/newsletters\/2022-01-30\/will-apple-aapl-buy-peloton-probably-not-kz1dkcm7\">nun<\/a>: Apple wird sich der Bezeichnung iMac Pro nicht entledigen, sondern diese nutzen um sp\u00e4ter im Jahr eine gr\u00f6\u00dfere, kraftvollere Version des 24-Zoll iMac vorzustellen. Wie beim iPhone h\u00e4tte dann auch der iMac ein regul\u00e4res und ein Pro Modell, letztgenanntes w\u00fcrde auf die auch im Mac pro verbauten Chips, den M1 Pro und den M1 Max setzen.<\/p>\n<p><img loading=\"lazy\" decoding=\"async\" src=\"https:\/\/vg04.met.vgwort.de\/na\/b2831c0ab6d2463596236112584b02e0\" width=\"1\" height=\"1\" no-lazy class=\"tracking\"><\/p>\n","protected":false},"excerpt":{"rendered":"<a href=\"https:\/\/www.ifun.de\/neuer-imac-pro-spaeter-im-jahr-als-ergaenzung-zum-24-zoll-imac-181542\/\"><img decoding=\"async\" width=\"150\" src=\"https:\/\/images.ifun.de\/wp-content\/uploads\/2021\/04\/imac-2021-gelb-500x288.jpg\" class=\"alignright wp-post-image tfe\" alt=\"Imac 2021 Gelb\" title=\"\" \/><\/a><p>Apple selbst hat den internen Strategiewechsel offiziell zwar nie best\u00e4tigt, mit mehreren Jahren Abstand sind sich viele Marktbeobachter inzwischen aber einig: Als Apple Ende 2017 seinen ersten iMac Pro vorstellte, das Desktop-Flaggschiff erreichte den Markt damals in den Fu\u00dfspuren der gerade erst vorgestellten, runderneuerten MacBook-Familie mit Touch Bar, sollten diese den Mac Pro abl\u00f6sen. Der [&hellip;]<\/p>\n","protected":false},"author":1,"featured_media":0,"comment_status":"open","ping_status":"closed","sticky":false,"template":"","format":"standard","meta":{"_acf_changed":false,"footnotes":""},"categories":[1,1783],"tags":[4736,393],"class_list":["post-181542","post","type-post","status-publish","format-standard","hentry","category-news","category-feature","tag-apple","tag-imac"],"acf":[],"aioseo_notices":[],"subheadline":["Pro-Modell bleibt uns wohl erhalten"],"featured_image":["https:\/\/images.ifun.de\/wp-content\/uploads\/2021\/04\/imac-2021-1.jpg"],"rest_api_enabler":{"subheadline":"Pro-Modell bleibt uns wohl erhalten","featured_image":"https:\/\/images.ifun.de\/wp-content\/uploads\/2021\/04\/imac-2021-1.jpg"},"_links":{"self":[{"href":"https:\/\/www.ifun.de\/apiv2\/wp\/v2\/posts\/181542","targetHints":{"allow":["GET"]}}],"collection":[{"href":"https:\/\/www.ifun.de\/apiv2\/wp\/v2\/posts"}],"about":[{"href":"https:\/\/www.ifun.de\/apiv2\/wp\/v2\/types\/post"}],"author":[{"embeddable":true,"href":"https:\/\/www.ifun.de\/apiv2\/wp\/v2\/users\/1"}],"replies":[{"embeddable":true,"href":"https:\/\/www.ifun.de\/apiv2\/wp\/v2\/comments?post=181542"}],"version-history":[{"count":3,"href":"https:\/\/www.ifun.de\/apiv2\/wp\/v2\/posts\/181542\/revisions"}],"predecessor-version":[{"id":181550,"href":"https:\/\/www.ifun.de\/apiv2\/wp\/v2\/posts\/181542\/revisions\/181550"}],"wp:attachment":[{"href":"https:\/\/www.ifun.de\/apiv2\/wp\/v2\/media?parent=181542"}],"wp:term":[{"taxonomy":"category","embeddable":true,"href":"https:\/\/www.ifun.de\/apiv2\/wp\/v2\/categories?post=181542"},{"taxonomy":"post_tag","embeddable":true,"href":"https:\/\/www.ifun.de\/apiv2\/wp\/v2\/tags?post=181542"}],"curies":[{"name":"wp","href":"https:\/\/api.w.org\/{rel}","templated":true}]}}