{"id":181484,"date":"2022-01-27T20:20:25","date_gmt":"2022-01-27T19:20:25","guid":{"rendered":"https:\/\/www.ifun.de\/?p=181484"},"modified":"2022-02-01T19:53:27","modified_gmt":"2022-02-01T18:53:27","slug":"neue-betas-fuer-mac-und-ios-bringen-universal-control","status":"publish","type":"post","link":"https:\/\/www.ifun.de\/neue-betas-fuer-mac-und-ios-bringen-universal-control-181484\/","title":{"rendered":"Neue Betas f\u00fcr Mac und iOS bringen &#8222;Universal Control&#8220;"},"content":{"rendered":"<p>Die Einf\u00fchrung von Apples <a href=\"https:\/\/www.ifun.de\/macos-monterey-ohne-universal-control-auf-der-zielgeraden-176135\/\">Universal Control<\/a> r\u00fcckt n\u00e4her. Irgendwie wird es auch Zeit, schlie\u00dflich hat Apple die Funktion bereits im vergangenen Juni angek\u00fcndigt und dann <a href=\"https:\/\/www.ifun.de\/verfuegbar-im-fruehjahr-apple-verschiebt-universal-control-offiziell-179565\/\">mehrfach verschoben<\/a>. In den neu f\u00fcr Entwickler verf\u00fcgbaren Testversionen von macOS 12.3, iOS 15.4 und iPadOS 15.4 zeigt sich die im Deutschen \u201eNahtlose Steuerung\u201c genannte Funktion nun, was auf eine mit diesen Updates anstehende finale Freigabe hindeutet.<\/p>\n<p>Apple umschreibt mit \u201eUniversal Control\u201c die M\u00f6glichkeit, eine Tastatur, Maus oder ein einzelnes Trackpad auf einfache Weise mit mehreren Ger\u00e4ten zu verwenden. Dabei l\u00e4sst sich der Cursor beispielsweise vom Bildschirm eines iMac auf ein daneben stehendes iPad ziehen, um dort weiterzuarbeiten oder sogar eine Datei per Drag-and-Drop zwischen zwei Ger\u00e4ten zu verschieben. Eine Demonstration der Funktion seht ihr im folgenden Video mit Apples Software-Chef Craig Federighi.<\/p>\n<p><div class=\"responsive-video\"><iframe loading=\"lazy\" width=\"700\" height=\"371\" src=\"https:\/\/www.youtube-nocookie.com\/embed\/X3-2Md-Zt3o\" frameborder=\"0\" allowfullscreen><\/iframe><\/div><\/p>\n<p>Voraussetzung f\u00fcr die Nutzung von Universal Control ist Apple zufolge, dass die genutzten Ger\u00e4te mit der selben Apple-ID in iCloud angemeldet sind und jeweils Bluetooth, WLAN und Handoff aktiviert sind. Erste Erfahrungsberichte d\u00fcrften in den n\u00e4chsten Tagen in gr\u00f6\u00dferer Zahl eintreffen, wenngleich man bedenken muss, dass in den ersten Beta-Versionen stets mit Unzul\u00e4nglichkeiten und Problemen zu rechnen ist.<\/p>\n<h2>Erste Schritte mit Universal Control<\/h2>\n<p>Unter dem Titel \u201eErste Schritte mit Universal Control\u201c h\u00e4lt Apple f\u00fcr Entwickler und sp\u00e4ter auch freiwillige Beta-Tester die folgenden Infos zu der neuen Funktion bereit:<\/p>\n<blockquote>\n<p>Wenn man seinen Mac und sein iPad zum ersten Mal miteinander verbindet, indem man den Zeiger an den Rand des Bildschirms bewegt, sieht man das Symbol des Ger\u00e4ts, von dem aus man die Verbindung herstellt.<\/p>\n<p>Bei Desktop Macs, die man permanent f\u00fcr Universal Control einrichten m\u00f6chte, z.B. an einem Arbeitsplatz mit iMac und MacBook, kann man in den Systemeinstellungen \u201eMonitore&quot; festlegen, dass Universal Control st\u00e4ndig verwendet wird.<\/p>\n<p>Wenn es sich bei mindestens einem Ger\u00e4t um ein tragbares Ger\u00e4t wie ein iPad oder MacBook handelt, muss man die Verbindung jedes Mal erneut herstellen, sobald das Ger\u00e4t in Reichweite ist, und zuvor bewegt oder in den Ruhezustand versetzt wurde.<\/p>\n<p>Nach dem Herstellen der Verbindung kann man die Ger\u00e4te jederzeit in den Systemeinstellungen \u201eMonitore\u201c anordnen (analog zur Verwendung eines externen Bildschirms). Dadurch l\u00e4sst sich der Zeiger reibungslos zwischen den Bildschirmen bewegen, ohne pl\u00f6tzlich nach oben oder unten zu springen. Das Anordnen ist beispielsweise auch dann n\u00fctzlich, wenn man eine aktive Ecke in der unteren rechten Ecke des Macs auf &quot;Schnellnotiz&quot; eingestellt hat und nicht m\u00f6chte, dass dieser Teil des Bildschirms f\u00fcr Universal Control verwendet wird.<\/p>\n<\/blockquote>\n","protected":false},"excerpt":{"rendered":"<p>Die Einf\u00fchrung von Apples Universal Control r\u00fcckt n\u00e4her. Irgendwie wird es auch Zeit, schlie\u00dflich hat Apple die Funktion bereits im vergangenen Juni angek\u00fcndigt und dann mehrfach verschoben. In den neu f\u00fcr Entwickler verf\u00fcgbaren Testversionen von macOS 12.3, iOS 15.4 und iPadOS 15.4 zeigt sich die im Deutschen \u201eNahtlose Steuerung\u201c genannte Funktion nun, was auf eine [&hellip;]<\/p>\n","protected":false},"author":2,"featured_media":0,"comment_status":"open","ping_status":"closed","sticky":false,"template":"","format":"standard","meta":{"_acf_changed":false,"footnotes":""},"categories":[6,1783],"tags":[5423],"class_list":["post-181484","post","type-post","status-publish","format-standard","hentry","category-entwickler","category-feature","tag-universal-control"],"acf":[],"aioseo_notices":[],"subheadline":["Vorab f\u00fcr Entwickler"],"featured_image":["https:\/\/images.ifun.de\/wp-content\/uploads\/2021\/09\/macos-monterey-universal-control-feature.jpg"],"rest_api_enabler":{"subheadline":"Vorab f\u00fcr Entwickler","featured_image":"https:\/\/images.ifun.de\/wp-content\/uploads\/2021\/09\/macos-monterey-universal-control-feature.jpg"},"_links":{"self":[{"href":"https:\/\/www.ifun.de\/apiv2\/wp\/v2\/posts\/181484","targetHints":{"allow":["GET"]}}],"collection":[{"href":"https:\/\/www.ifun.de\/apiv2\/wp\/v2\/posts"}],"about":[{"href":"https:\/\/www.ifun.de\/apiv2\/wp\/v2\/types\/post"}],"author":[{"embeddable":true,"href":"https:\/\/www.ifun.de\/apiv2\/wp\/v2\/users\/2"}],"replies":[{"embeddable":true,"href":"https:\/\/www.ifun.de\/apiv2\/wp\/v2\/comments?post=181484"}],"version-history":[{"count":5,"href":"https:\/\/www.ifun.de\/apiv2\/wp\/v2\/posts\/181484\/revisions"}],"predecessor-version":[{"id":181489,"href":"https:\/\/www.ifun.de\/apiv2\/wp\/v2\/posts\/181484\/revisions\/181489"}],"wp:attachment":[{"href":"https:\/\/www.ifun.de\/apiv2\/wp\/v2\/media?parent=181484"}],"wp:term":[{"taxonomy":"category","embeddable":true,"href":"https:\/\/www.ifun.de\/apiv2\/wp\/v2\/categories?post=181484"},{"taxonomy":"post_tag","embeddable":true,"href":"https:\/\/www.ifun.de\/apiv2\/wp\/v2\/tags?post=181484"}],"curies":[{"name":"wp","href":"https:\/\/api.w.org\/{rel}","templated":true}]}}