{"id":181218,"date":"2022-01-21T17:33:43","date_gmt":"2022-01-21T16:33:43","guid":{"rendered":"https:\/\/www.ifun.de\/?p=181218"},"modified":"2022-01-26T21:31:39","modified_gmt":"2022-01-26T20:31:39","slug":"apple-verliert-eine-der-fuenf-wichtigsten-mitarbeiterinnen","status":"publish","type":"post","link":"https:\/\/www.ifun.de\/apple-verliert-eine-der-fuenf-wichtigsten-mitarbeiterinnen-181218\/","title":{"rendered":"Apple verliert eine der f\u00fcnf wichtigsten Mitarbeiterinnen"},"content":{"rendered":"<p>Apples Kommunikationschefin Stella Low, die erst im vergangenen Mai von Cisco zu Apple wechselte und dort den \u00fcber zwei Jahre hinweg unbesetzt gebliebenen Posten des Vice President of Worldwide Corporate Communications bekleidete, hat sich nach nicht mal 12 Monaten im Amt aus der Chefetage des Unternehmens zur\u00fcckgezogen. Die Top-Managerin wird sich fortan nicht mehr um Apples Au\u00dfendarstellung, das Krisen-Management und den Entwurf einheitlicher Sprachregelungen, sondern ausschlie\u00dflich um die eigene Familie k\u00fcmmern.<\/p>\n<p><a href=\"https:\/\/images.ifun.de\/wp-content\/uploads\/2021\/07\/stella-low-apple-vp-communications.jpg\"><img loading=\"lazy\" decoding=\"async\" class=\"aligncenter size-medium wp-image-173317\" src=\"https:\/\/images.ifun.de\/wp-content\/uploads\/2021\/07\/stella-low-apple-vp-communications-500x464.jpg\" alt=\"Stella Low Apple Vp Communications\" width=\"500\" height=\"464\" srcset=\"https:\/\/images.ifun.de\/wp-content\/uploads\/2021\/07\/stella-low-apple-vp-communications-500x464.jpg 500w, https:\/\/images.ifun.de\/wp-content\/uploads\/2021\/07\/stella-low-apple-vp-communications.jpg 600w\" sizes=\"auto, (max-width: 500px) 100vw, 500px\" \/><\/a><\/p>\n<h2>Eine der 18 wichtigsten<\/h2>\n<p>Eine \u00fcberraschende Personalie, war Low doch erst im vergangenen Sommer in die F\u00fchrungsriege des Unternehmens <a href=\"https:\/\/www.ifun.de\/apple-fuehrungsetage-stella-low-als-neuestes-vorstandsmitglied-gelistet-173315\/\">aufgestiegen<\/a> und wurde seit gerade mal sechs Monaten auf der sogenannten Leadership-Webseite Apples aufgef\u00fchrt, auf der die 18 wichtigsten Mitarbeitern des Unternehmens vorgestellt werden.<\/p>\n<p>Die Kommunikationschefin <a href=\"https:\/\/www.ifun.de\/unternehmenskommunikation-in-neuen-haenden-apple-setzt-auf-stella-low-170141\/\">folgte ihrerseits auf Steve Dowling<\/a>, der bis 2019 als PR-Chef f\u00fcr Apple arbeitete und <a href=\"https:\/\/www.ifun.de\/apples-pr-chef-geht-dowling-ueberblickte-die-influencer-aera-143441\/\">die Influencer-\u00c4ra \u00fcberblickte<\/a>. Eine Zeit w\u00e4hrend der der Konzern der traditionellen Pressearbeit den R\u00fccken kehrte und f\u00fcr die Vorstellung neuer Produkte nicht mehr auf die Meinungen der Technik-Kolumnisten von New York Times und Wall Street Journal setzte, sondern vorwiegend mit YouTube-Ber\u00fchmtheiten und Instagram-Pers\u00f6nlichkeiten kooperierte.<\/p>\n<p>Nach Dowlings R\u00fcckzug leitete Apples Phil Schiller die PR-Abteilung des Unternehmens kommissarisch, ist seit seiner <a href=\"https:\/\/www.ifun.de\/phil-schiller-fungiert-jetzt-offiziell-als-apple-fellow-160332\/\">Ernennung zum &#8222;Apple Fellow&#8220;<\/a> allerdings nur noch f\u00fcr den App Store zust\u00e4ndig.<\/p>\n<h2>Apple-Urgestein \u00fcbernimmt<\/h2>\n<p>Die Nachfolge von Stella Low wird Kristin Huguet Quayle antreten, die bereits seit 2005 im Unternehmen aktiv ist und als Unternehmenssprecherin sowohl unter Steve Dowling als auch unter dessen ber\u00fcchtigter Vorg\u00e4ngerin Katie Cotton arbeitete.<\/p>\n<p><a href=\"https:\/\/images.ifun.de\/wp-content\/uploads\/2022\/01\/Kristin-Huguet-Quayle-1400.jpg\"><img loading=\"lazy\" decoding=\"async\" class=\"aligncenter size-large wp-image-181220\" src=\"https:\/\/images.ifun.de\/wp-content\/uploads\/2022\/01\/Kristin-Huguet-Quayle-1400-700x467.jpg\" alt=\"Kristin Huguet Quayle 1400\" width=\"700\" height=\"467\" srcset=\"https:\/\/images.ifun.de\/wp-content\/uploads\/2022\/01\/Kristin-Huguet-Quayle-1400-700x467.jpg 700w, https:\/\/images.ifun.de\/wp-content\/uploads\/2022\/01\/Kristin-Huguet-Quayle-1400-500x333.jpg 500w, https:\/\/images.ifun.de\/wp-content\/uploads\/2022\/01\/Kristin-Huguet-Quayle-1400-768x512.jpg 768w, https:\/\/images.ifun.de\/wp-content\/uploads\/2022\/01\/Kristin-Huguet-Quayle-1400.jpg 1400w\" sizes=\"auto, (max-width: 700px) 100vw, 700px\" \/><\/a><\/p>\n<p>Quayle wird Tim Cook unterstehen und hat den Posten der Kommunikationschefin ab sofort inne. Gegen\u00fcber US-Medienvertretern <a href=\"https:\/\/www.buzzfeednews.com\/article\/johnpaczkowski\/apple-new-head-of-pr-kristin-huguet\">kommentiert Apple die Personalie<\/a>:<\/p>\n<blockquote><p>&#8222;Kristin has played an instrumental role sharing Apple\u2019s story of incredible innovation and strong values for more than 15 years. With an extraordinary depth of experience and a long track record of principled leadership, Kristin is uniquely suited for her new role overseeing worldwide communications.&#8220;<\/p><\/blockquote>\n<p><h8><a href=\"https:\/\/www.buzzfeednews.com\/article\/johnpaczkowski\/apple-new-head-of-pr-kristin-huguet\">Via Buzzfeed<\/a><\/h8><\/p>\n<p><img loading=\"lazy\" decoding=\"async\" src=\"https:\/\/vg04.met.vgwort.de\/na\/8ecd668560c0414084022453d752b82c\" width=\"1\" height=\"1\" no-lazy class=\"tracking\"><\/p>\n","protected":false},"excerpt":{"rendered":"<a href=\"https:\/\/www.ifun.de\/apple-verliert-eine-der-fuenf-wichtigsten-mitarbeiterinnen-181218\/\"><img width=\"150\" height=\"150\" src=\"https:\/\/images.ifun.de\/wp-content\/uploads\/2022\/01\/Kristin-Huguet-Quayle-1400-150x150.jpg\" class=\"alignright tfe wp-post-image\" alt=\"Kristin Huguet Quayle 1400\" decoding=\"async\" loading=\"lazy\" \/><\/a><p>Apples Kommunikationschefin Stella Low, die erst im vergangenen Mai von Cisco zu Apple wechselte und dort den \u00fcber zwei Jahre hinweg unbesetzt gebliebenen Posten des Vice President of Worldwide Corporate Communications bekleidete, hat sich nach nicht mal 12 Monaten im Amt aus der Chefetage des Unternehmens zur\u00fcckgezogen. Die Top-Managerin wird sich fortan nicht mehr um [&hellip;]<\/p>\n","protected":false},"author":1,"featured_media":181220,"comment_status":"open","ping_status":"closed","sticky":false,"template":"","format":"standard","meta":{"_acf_changed":false,"footnotes":""},"categories":[1,1783],"tags":[4736],"class_list":["post-181218","post","type-post","status-publish","format-standard","has-post-thumbnail","hentry","category-news","category-feature","tag-apple"],"acf":[],"aioseo_notices":[],"subheadline":["PR-Chefin geht nach nur 8 Monaten"],"featured_image":["https:\/\/images.ifun.de\/wp-content\/uploads\/2022\/01\/Apple-Raumschiff-carles-rabada-ktWur2xM1hs-unsplash.jpg"],"rest_api_enabler":{"subheadline":"PR-Chefin geht nach nur 8 Monaten","featured_image":"https:\/\/images.ifun.de\/wp-content\/uploads\/2022\/01\/Apple-Raumschiff-carles-rabada-ktWur2xM1hs-unsplash.jpg"},"_links":{"self":[{"href":"https:\/\/www.ifun.de\/apiv2\/wp\/v2\/posts\/181218","targetHints":{"allow":["GET"]}}],"collection":[{"href":"https:\/\/www.ifun.de\/apiv2\/wp\/v2\/posts"}],"about":[{"href":"https:\/\/www.ifun.de\/apiv2\/wp\/v2\/types\/post"}],"author":[{"embeddable":true,"href":"https:\/\/www.ifun.de\/apiv2\/wp\/v2\/users\/1"}],"replies":[{"embeddable":true,"href":"https:\/\/www.ifun.de\/apiv2\/wp\/v2\/comments?post=181218"}],"version-history":[{"count":2,"href":"https:\/\/www.ifun.de\/apiv2\/wp\/v2\/posts\/181218\/revisions"}],"predecessor-version":[{"id":181221,"href":"https:\/\/www.ifun.de\/apiv2\/wp\/v2\/posts\/181218\/revisions\/181221"}],"wp:featuredmedia":[{"embeddable":true,"href":"https:\/\/www.ifun.de\/apiv2\/wp\/v2\/media\/181220"}],"wp:attachment":[{"href":"https:\/\/www.ifun.de\/apiv2\/wp\/v2\/media?parent=181218"}],"wp:term":[{"taxonomy":"category","embeddable":true,"href":"https:\/\/www.ifun.de\/apiv2\/wp\/v2\/categories?post=181218"},{"taxonomy":"post_tag","embeddable":true,"href":"https:\/\/www.ifun.de\/apiv2\/wp\/v2\/tags?post=181218"}],"curies":[{"name":"wp","href":"https:\/\/api.w.org\/{rel}","templated":true}]}}