{"id":181016,"date":"2022-01-18T12:58:26","date_gmt":"2022-01-18T11:58:26","guid":{"rendered":"https:\/\/www.ifun.de\/?p=181016"},"modified":"2022-01-18T12:58:26","modified_gmt":"2022-01-18T11:58:26","slug":"deezer-integriert-ard-podcasts-fuer-alle-nutzer","status":"publish","type":"post","link":"https:\/\/www.ifun.de\/deezer-integriert-ard-podcasts-fuer-alle-nutzer-181016\/","title":{"rendered":"Deezer integriert ARD-Podcasts f\u00fcr alle Nutzer"},"content":{"rendered":"<p>Im Rahmen einer Kooperation mit der ARD erweitert der Musikdienst <a href=\"https:\/\/www.deezer.com\/de\/\">Deezer<\/a> sein Angebot um zahlreiche Podcasts der \u00f6ffentlich-rechtlichen Sender. Die neuen Inhalte finden sich in dem hierf\u00fcr auf Deezer erstellten <a href=\"https:\/\/www.deezer.com\/de\/channels\/ard\">ARD-Channel<\/a> versammelt.<\/p>\n<p><a href=\"https:\/\/images.ifun.de\/wp-content\/uploads\/2022\/01\/deezer-ard-podcasts.jpg\"><img loading=\"lazy\" decoding=\"async\" src=\"https:\/\/images.ifun.de\/wp-content\/uploads\/2022\/01\/deezer-ard-podcasts-500x403.jpg\" alt=\"Deezer Ard Podcasts\" width=\"500\" height=\"403\" class=\"alignnone size-medium wp-image-181017\" srcset=\"https:\/\/images.ifun.de\/wp-content\/uploads\/2022\/01\/deezer-ard-podcasts-500x403.jpg 500w, https:\/\/images.ifun.de\/wp-content\/uploads\/2022\/01\/deezer-ard-podcasts-700x564.jpg 700w, https:\/\/images.ifun.de\/wp-content\/uploads\/2022\/01\/deezer-ard-podcasts-768x619.jpg 768w, https:\/\/images.ifun.de\/wp-content\/uploads\/2022\/01\/deezer-ard-podcasts.jpg 1000w\" sizes=\"auto, (max-width: 500px) 100vw, 500px\" \/><\/a><\/p>\n<p>In Zusammenarbeit mit den neun \u00f6ffentlich-rechtlichen Landesrundfunkanstalten der ARD pr\u00e4sentiert sich das Podcast-Angebot auf Deezer ab sofort um mehr als 400 ARD-Produktionen erweitert, die sich sich sowohl in Rahmen des Deezer-Free-Zugriffs als auch f\u00fcr Abo-Kunden kostenlos und werbefrei \u00fcber Deezer abrufen lassen.<\/p>\n<p>Das neue Angebot soll sich dabei insbesondere durch seine Vielfalt auszeichnen. So finden sich hier preisgekr\u00f6nte journalistische Inhalte wie die WDR-Produktion \u201eOury Jalloh und die Toten des Polizeireviers Dessau\u201c ebenso wie Comedy-Shows, True-Crime-Formate oder Wissens-Podcasts.<\/p>\n<p>Zusammen mit dieser Ank\u00fcndigung liefert Deezer auch ein paar Zahlen hinsichtlich der aktuellen Podcast-Nutzung. So ist die Zahl der Podcast-Streams auf Deezer in Deutschland 2021 im Vergleich zum Vorjahr um 40 Prozent gestiegen. Dabei h\u00f6ren Deezer-Nutzer am liebsten Podcasts mit einer Dauer von etwa 20 Minuten und dies ganz besonders gerne abends gegen 23 Uhr.<\/p>\n","protected":false},"excerpt":{"rendered":"<a href=\"https:\/\/www.ifun.de\/deezer-integriert-ard-podcasts-fuer-alle-nutzer-181016\/\"><img width=\"150\" height=\"150\" src=\"https:\/\/images.ifun.de\/wp-content\/uploads\/2022\/01\/deezer-ard-podcasts-150x150.jpg\" class=\"alignright tfe wp-post-image\" alt=\"Deezer Ard Podcasts\" decoding=\"async\" loading=\"lazy\" \/><\/a><p>Im Rahmen einer Kooperation mit der ARD erweitert der Musikdienst Deezer sein Angebot um zahlreiche Podcasts der \u00f6ffentlich-rechtlichen Sender. Die neuen Inhalte finden sich in dem hierf\u00fcr auf Deezer erstellten ARD-Channel versammelt. In Zusammenarbeit mit den neun \u00f6ffentlich-rechtlichen Landesrundfunkanstalten der ARD pr\u00e4sentiert sich das Podcast-Angebot auf Deezer ab sofort um mehr als 400 ARD-Produktionen erweitert, [&hellip;]<\/p>\n","protected":false},"author":2,"featured_media":181017,"comment_status":"open","ping_status":"closed","sticky":false,"template":"","format":"standard","meta":{"_acf_changed":false,"footnotes":""},"categories":[1],"tags":[183,893,785],"class_list":["post-181016","post","type-post","status-publish","format-standard","has-post-thumbnail","hentry","category-news","tag-ard","tag-deezer","tag-podcasts"],"acf":[],"aioseo_notices":[],"subheadline":["Neue Kooperation gestartet"],"featured_image":["https:\/\/images.ifun.de\/wp-content\/uploads\/2022\/01\/deezer-podcasts-ard-feature.jpg"],"rest_api_enabler":{"subheadline":"Neue Kooperation gestartet","featured_image":"https:\/\/images.ifun.de\/wp-content\/uploads\/2022\/01\/deezer-podcasts-ard-feature.jpg"},"_links":{"self":[{"href":"https:\/\/www.ifun.de\/apiv2\/wp\/v2\/posts\/181016","targetHints":{"allow":["GET"]}}],"collection":[{"href":"https:\/\/www.ifun.de\/apiv2\/wp\/v2\/posts"}],"about":[{"href":"https:\/\/www.ifun.de\/apiv2\/wp\/v2\/types\/post"}],"author":[{"embeddable":true,"href":"https:\/\/www.ifun.de\/apiv2\/wp\/v2\/users\/2"}],"replies":[{"embeddable":true,"href":"https:\/\/www.ifun.de\/apiv2\/wp\/v2\/comments?post=181016"}],"version-history":[{"count":3,"href":"https:\/\/www.ifun.de\/apiv2\/wp\/v2\/posts\/181016\/revisions"}],"predecessor-version":[{"id":181020,"href":"https:\/\/www.ifun.de\/apiv2\/wp\/v2\/posts\/181016\/revisions\/181020"}],"wp:featuredmedia":[{"embeddable":true,"href":"https:\/\/www.ifun.de\/apiv2\/wp\/v2\/media\/181017"}],"wp:attachment":[{"href":"https:\/\/www.ifun.de\/apiv2\/wp\/v2\/media?parent=181016"}],"wp:term":[{"taxonomy":"category","embeddable":true,"href":"https:\/\/www.ifun.de\/apiv2\/wp\/v2\/categories?post=181016"},{"taxonomy":"post_tag","embeddable":true,"href":"https:\/\/www.ifun.de\/apiv2\/wp\/v2\/tags?post=181016"}],"curies":[{"name":"wp","href":"https:\/\/api.w.org\/{rel}","templated":true}]}}