{"id":180565,"date":"2022-01-07T08:29:44","date_gmt":"2022-01-07T07:29:44","guid":{"rendered":"https:\/\/www.ifun.de\/?p=180565"},"modified":"2022-01-07T08:29:44","modified_gmt":"2022-01-07T07:29:44","slug":"altersfreigabe-r-apple-trailert-the-tragedy-of-macbeth","status":"publish","type":"post","link":"https:\/\/www.ifun.de\/altersfreigabe-r-apple-trailert-the-tragedy-of-macbeth-180565\/","title":{"rendered":"Altersfreigabe &#8218;R&#8216;: Apple trailert &#8222;The Tragedy of Macbeth&#8220;"},"content":{"rendered":"<p>Auf dem offiziellen YouTube-Kanal des Unternehmens hat Apple jetzt <a href=\"https:\/\/www.youtube.com\/watch?v=ptqe7s6pO7g\">einen neuen Trailer<\/a> f\u00fcr das Spielfilm-Deb\u00fct &#8222;The Tragedy of Macbeth&#8220; ver\u00f6ffentlicht, das am n\u00e4chsten Freitag mit Denzel Washington und Frances McDormand in den Hauptrollen auf Apples Video-Streaming-Service Apple TV+ verf\u00fcgbar sein wird.<\/p>\n<p><a href=\"https:\/\/images.ifun.de\/wp-content\/uploads\/2022\/01\/The_Tragedy_of_Macbeth_Poster_0102.jpg\"><img loading=\"lazy\" decoding=\"async\" class=\"aligncenter size-medium wp-image-180566\" src=\"https:\/\/images.ifun.de\/wp-content\/uploads\/2022\/01\/The_Tragedy_of_Macbeth_Poster_0102-500x282.jpg\" alt=\"The Tragedy Of Macbeth Poster 0102\" width=\"500\" height=\"282\" srcset=\"https:\/\/images.ifun.de\/wp-content\/uploads\/2022\/01\/The_Tragedy_of_Macbeth_Poster_0102-500x282.jpg 500w, https:\/\/images.ifun.de\/wp-content\/uploads\/2022\/01\/The_Tragedy_of_Macbeth_Poster_0102-700x394.jpg 700w, https:\/\/images.ifun.de\/wp-content\/uploads\/2022\/01\/The_Tragedy_of_Macbeth_Poster_0102-768x433.jpg 768w, https:\/\/images.ifun.de\/wp-content\/uploads\/2022\/01\/The_Tragedy_of_Macbeth_Poster_0102.jpg 980w\" sizes=\"auto, (max-width: 500px) 100vw, 500px\" \/><\/a><\/p>\n<p>Wohl um Apple die Chance auf eine Oscar-Nominierung einzur\u00e4umen, startete die Adaption der Shakespeare-Trag\u00f6die bereits Ende 2021 in ausgew\u00e4hlten amerikanischen Kinos.<\/p>\n<p>An dem Projekt des amerikanischen Filmemachers Joel Coen, der unter anderem f\u00fcr &#8222;Fargo&#8220; und &#8222;The Ballad of Buster Scruggs&#8220; verantwortlich zeichnete, haben das Spielfilm-Studio A24 und Apple Original Films zusammen gearbeitet. Herausgekommen ist ein mit der amerikanischen Altersfreigabe &#8222;R&#8220; bewerteter Film, den sich Jugendliche unter 17 Jahren nur in Begleitung eines Erwachsenen anschauen sollten.<\/p>\n<p>Vom offiziellen Trailer abgesehen, verr\u00e4t Apple nur wenig \u00fcber die eigene Adaption des Theater-Klassikers. Zwar hat der Konzern eine Pressemitteilung <a href=\"https:\/\/www.apple.com\/tv-pr\/news\/2021\/12\/apple-original-films-hosts-los-angeles-premiere-of-joel-coens-the-tragedy-of-macbeth-starring-denzel-washington-and-frances-mcdormand\/\">ver\u00f6ffentlicht<\/a>, die Apples Top-Manager Eddy Cue auf dem roten Teppich mit den am Dreh beteiligten Hollywood-Stars zeigt, geht auf die Handlung allerdings nur mit einem oberfl\u00e4chlichen Halbsatz ein: The Tragedy of Macbeth sei eine Geschichte &#8222;von Mord, Wahnsinn, Ehrgeiz und zorniger Gerissenheit&#8220;, hei\u00dft es bei Apple.<\/p>\n<p><a href=\"https:\/\/images.ifun.de\/wp-content\/uploads\/2022\/01\/121621_Apple_Film_Premiere_Tragedy_Macbeth_Big_Image_01_big_image_post.jpg.large_2x.jpg\"><img loading=\"lazy\" decoding=\"async\" class=\"aligncenter size-large wp-image-180567\" src=\"https:\/\/images.ifun.de\/wp-content\/uploads\/2022\/01\/121621_Apple_Film_Premiere_Tragedy_Macbeth_Big_Image_01_big_image_post.jpg.large_2x-700x394.jpg\" alt=\"121621 Apple Film Premiere Tragedy Macbeth Big Image 01 Big Image Post.jpg.large 2x\" width=\"700\" height=\"394\" srcset=\"https:\/\/images.ifun.de\/wp-content\/uploads\/2022\/01\/121621_Apple_Film_Premiere_Tragedy_Macbeth_Big_Image_01_big_image_post.jpg.large_2x-700x394.jpg 700w, https:\/\/images.ifun.de\/wp-content\/uploads\/2022\/01\/121621_Apple_Film_Premiere_Tragedy_Macbeth_Big_Image_01_big_image_post.jpg.large_2x-500x282.jpg 500w, https:\/\/images.ifun.de\/wp-content\/uploads\/2022\/01\/121621_Apple_Film_Premiere_Tragedy_Macbeth_Big_Image_01_big_image_post.jpg.large_2x-768x433.jpg 768w, https:\/\/images.ifun.de\/wp-content\/uploads\/2022\/01\/121621_Apple_Film_Premiere_Tragedy_Macbeth_Big_Image_01_big_image_post.jpg.large_2x-1536x865.jpg 1536w, https:\/\/images.ifun.de\/wp-content\/uploads\/2022\/01\/121621_Apple_Film_Premiere_Tragedy_Macbeth_Big_Image_01_big_image_post.jpg.large_2x.jpg 1960w\" sizes=\"auto, (max-width: 700px) 100vw, 700px\" \/><\/a><\/p>\n<h6>Ganz links: Apples Eddy Cue auf den roten Teppich<\/h6>\n<h2>Erste Nominierungen abger\u00e4umt<\/h2>\n<p>Im Dezember konnte The Tragedy of Macbeth bereits erste Nominierungen f\u00fcr Auszeichnungen in der Filmbranche abr\u00e4umen. Die Critics Choice Film Awards haben Denzel Washington als besten Darsteller und Bruno Delbonnel in der Kategorie Best Cinematography nominiert. Die Entscheidung, welche Nominierten die Auszeichnungen erhalten, steht jedoch noch aus, da die Preisverleihung aufgrund der wieder zunehmenden Coronavirus-Pandemie verschoben werden musste.<\/p>\n<p><div class=\"responsive-video\"><iframe loading=\"lazy\" title=\"The Tragedy of Macbeth \u2014 Official Trailer | Apple TV+\" width=\"500\" height=\"281\" src=\"https:\/\/www.youtube-nocookie.com\/embed\/ptqe7s6pO7g?feature=oembed\" frameborder=\"0\" allow=\"accelerometer; autoplay; clipboard-write; encrypted-media; gyroscope; picture-in-picture; web-share\" referrerpolicy=\"strict-origin-when-cross-origin\" allowfullscreen><\/iframe><\/div><\/p>\n<p><img loading=\"lazy\" decoding=\"async\" src=\"https:\/\/vg04.met.vgwort.de\/na\/ce3f37bc3839412793d47bdba677753e\" width=\"1\" height=\"1\" no-lazy class=\"tracking\"><\/p>\n","protected":false},"excerpt":{"rendered":"<a href=\"https:\/\/www.ifun.de\/altersfreigabe-r-apple-trailert-the-tragedy-of-macbeth-180565\/\"><img width=\"150\" height=\"150\" src=\"https:\/\/images.ifun.de\/wp-content\/uploads\/2022\/01\/macbeth-feature-150x150.jpg\" class=\"alignright tfe wp-post-image\" alt=\"Macbeth Feature\" decoding=\"async\" loading=\"lazy\" \/><\/a><p>Auf dem offiziellen YouTube-Kanal des Unternehmens hat Apple jetzt einen neuen Trailer f\u00fcr das Spielfilm-Deb\u00fct &#8222;The Tragedy of Macbeth&#8220; ver\u00f6ffentlicht, das am n\u00e4chsten Freitag mit Denzel Washington und Frances McDormand in den Hauptrollen auf Apples Video-Streaming-Service Apple TV+ verf\u00fcgbar sein wird. Wohl um Apple die Chance auf eine Oscar-Nominierung einzur\u00e4umen, startete die Adaption der Shakespeare-Trag\u00f6die [&hellip;]<\/p>\n","protected":false},"author":1,"featured_media":180568,"comment_status":"open","ping_status":"closed","sticky":false,"template":"","format":"standard","meta":{"_acf_changed":false,"footnotes":""},"categories":[4],"tags":[26,4467,1885,31],"class_list":["post-180565","post","type-post","status-publish","format-standard","has-post-thumbnail","hentry","category-appletv","tag-apple-tv","tag-apple-tv-plus","tag-trailer","tag-video"],"acf":[],"aioseo_notices":[],"featured_image":["https:\/\/images.ifun.de\/wp-content\/uploads\/2022\/01\/macbeth-feature.jpg"],"subheadline":["Mit Denzel Washington"],"rest_api_enabler":{"featured_image":"https:\/\/images.ifun.de\/wp-content\/uploads\/2022\/01\/macbeth-feature.jpg","subheadline":"Mit Denzel Washington"},"_links":{"self":[{"href":"https:\/\/www.ifun.de\/apiv2\/wp\/v2\/posts\/180565","targetHints":{"allow":["GET"]}}],"collection":[{"href":"https:\/\/www.ifun.de\/apiv2\/wp\/v2\/posts"}],"about":[{"href":"https:\/\/www.ifun.de\/apiv2\/wp\/v2\/types\/post"}],"author":[{"embeddable":true,"href":"https:\/\/www.ifun.de\/apiv2\/wp\/v2\/users\/1"}],"replies":[{"embeddable":true,"href":"https:\/\/www.ifun.de\/apiv2\/wp\/v2\/comments?post=180565"}],"version-history":[{"count":1,"href":"https:\/\/www.ifun.de\/apiv2\/wp\/v2\/posts\/180565\/revisions"}],"predecessor-version":[{"id":180569,"href":"https:\/\/www.ifun.de\/apiv2\/wp\/v2\/posts\/180565\/revisions\/180569"}],"wp:featuredmedia":[{"embeddable":true,"href":"https:\/\/www.ifun.de\/apiv2\/wp\/v2\/media\/180568"}],"wp:attachment":[{"href":"https:\/\/www.ifun.de\/apiv2\/wp\/v2\/media?parent=180565"}],"wp:term":[{"taxonomy":"category","embeddable":true,"href":"https:\/\/www.ifun.de\/apiv2\/wp\/v2\/categories?post=180565"},{"taxonomy":"post_tag","embeddable":true,"href":"https:\/\/www.ifun.de\/apiv2\/wp\/v2\/tags?post=180565"}],"curies":[{"name":"wp","href":"https:\/\/api.w.org\/{rel}","templated":true}]}}