{"id":180306,"date":"2022-01-03T07:45:46","date_gmt":"2022-01-03T06:45:46","guid":{"rendered":"https:\/\/www.ifun.de\/?p=180306"},"modified":"2022-01-05T12:33:06","modified_gmt":"2022-01-05T11:33:06","slug":"ikea-symfonisk-2-generation-jetzt-im-handel-und-im-video","status":"publish","type":"post","link":"https:\/\/www.ifun.de\/ikea-symfonisk-2-generation-jetzt-im-handel-und-im-video-180306\/","title":{"rendered":"IKEA Symfonisk: 2. Generation jetzt im Handel und im Video"},"content":{"rendered":"<p>Das schwedische Einrichtungshaus IKEA hat damit begonnen <a href=\"https:\/\/clkde.tradedoubler.com\/click?p(290994)a(747172)g(24311716)url(https:\/\/www.ikea.com\/de\/de\/p\/symfonisk-regal-wifi-speaker-weiss-generation-2-50506587\/)\">die zweite Generation<\/a> des IKEA Symfonisk Regal-Lautsprechers in seinem Online-Store zu listen und zu verkaufen. Dies f\u00fchrt dazu, dass  dort momentan beide Modelle des rechteckigen Sonos-Lautsprechers zu identischen Preisen aufgef\u00fchrt werden.<\/p>\n<p><a href=\"https:\/\/images.ifun.de\/wp-content\/uploads\/2022\/01\/ikea-symfonisk-2-generation.jpg\"><img loading=\"lazy\" decoding=\"async\" class=\"aligncenter size-medium wp-image-180308\" src=\"https:\/\/images.ifun.de\/wp-content\/uploads\/2022\/01\/ikea-symfonisk-2-generation-500x500.jpg\" alt=\"Ikea Symfonisk 2 Generation\" width=\"500\" height=\"500\" srcset=\"https:\/\/images.ifun.de\/wp-content\/uploads\/2022\/01\/ikea-symfonisk-2-generation-500x500.jpg 500w, https:\/\/images.ifun.de\/wp-content\/uploads\/2022\/01\/ikea-symfonisk-2-generation-700x700.jpg 700w, https:\/\/images.ifun.de\/wp-content\/uploads\/2022\/01\/ikea-symfonisk-2-generation-150x150.jpg 150w, https:\/\/images.ifun.de\/wp-content\/uploads\/2022\/01\/ikea-symfonisk-2-generation-768x768.jpg 768w, https:\/\/images.ifun.de\/wp-content\/uploads\/2022\/01\/ikea-symfonisk-2-generation.jpg 900w\" sizes=\"auto, (max-width: 500px) 100vw, 500px\" \/><\/a><\/p>\n<p>Neben <a href=\"https:\/\/www.ifun.de\/ikea-symfonisk-neue-sonos-lautsprecher-ab-99-euro-136141\/\">dem im April 2019<\/a> erstmals vorgestellten Symfonisk-Speaker, der seit <a href=\"https:\/\/www.ifun.de\/letzte-chance-ikea-symfonisk-regallautsprecher-laeuft-aus-178520\/\">mehreren Wochen<\/a> mit dem Zusatz &#8222;Letzte Chance! Nur noch kurze Zeit erh\u00e4ltlich.&#8220; versehen ist, kann nun die zweite Generation <a href=\"https:\/\/clkde.tradedoubler.com\/click?p(290994)a(747172)g(24311716)url(https:\/\/www.ikea.com\/de\/de\/p\/symfonisk-regal-wifi-speaker-weiss-generation-2-50506587\/)\">f\u00fcr 99,99 Euro erworben<\/a> und per Online-Bestellung geordert werden.<\/p>\n<p>Auf den ersten Blick gleichen sich die beiden Generationen dabei wie ein Ei dem anderen, unter anderem unterscheidet sich jedoch die Anordnung der Bedienelemente auf der Vorderseite der Regal-Lautsprecher. Statt Leiser, Play\/Pause und Lauter haben IKEA und Sonos die Reihenfolge nun leicht umgestellt und die drei Tasten in der Abfolge Leiser, Lauter und Play\/Pause angeordnet.<\/p>\n<h2>Geringerer Standby-Verbrauch<\/h2>\n<p>Zudem scheint die Energieaufnahme im Standby-Betrieb reduziert worden zu sein. So soll die zweite Generation des g\u00fcnstigen Multiroom-Lautsprechers nur noch einen Standby-Konsum von &lt;2,15 Watt aufweisen. Die erste Generation des IKEA Symfonisk Regal-Lautsprechers kam hier laut Datenblatt noch auf einen Standby-Konsum von &lt;5,5 Watt.<\/p>\n<p>Ansonsten scheinen beide Modelle fast identisch auszufallen. Diesen Eindruck legen auch erste YouTube-Videos nahe, die sich an einem Sound-Vergleich der beiden Generationen versuchen. So zeigt etwa der YouTuber Philippe Cox die zweite Generation des IKEA Symfonisk Regal-Lautsprechers in Aktion.<\/p>\n<p><div class=\"responsive-video\"><iframe loading=\"lazy\" title=\"ikea symfonisk bookshelf gen2\" width=\"500\" height=\"281\" src=\"https:\/\/www.youtube-nocookie.com\/embed\/gHyw7VyYnKM?feature=oembed\" frameborder=\"0\" allow=\"accelerometer; autoplay; clipboard-write; encrypted-media; gyroscope; picture-in-picture; web-share\" referrerpolicy=\"strict-origin-when-cross-origin\" allowfullscreen><\/iframe><\/div><\/p>\n<h2>Neue Tischlampe seit November<\/h2>\n<p>Offizielle Informationen von IKEA und Sonos \u00fcber die Gr\u00fcnde f\u00fcr den Verkauf der 2. Generation stehen zur Stunde noch aus. Erst k\u00fcrzlich hatte das M\u00f6belhaus auch das andere Modell der Sonos-Lautsprecher im eigenen Programm, <a href=\"https:\/\/clk.tradedoubler.com\/click?p=290994&amp;a=747172&amp;url=https%3A%2F%2Fwww.ikea.com%2Fde%2Fde%2Fp%2Fsymfonisk-tischleuchte-wifi-speaker-stschirm-weiss-s59430927%2F\">die Symfonisk-Tischlampe<\/a>, in einer \u00fcberarbeiteten und in Teilen g\u00e4nzlich neu gestalteten Version <a href=\"https:\/\/www.ifun.de\/symfonisk-tischlampe-von-ikea-startet-zum-einfuehrungspreis-178183\/\">in den Markt eingef\u00fchrt<\/a>.<\/p>\n<p><img loading=\"lazy\" decoding=\"async\" src=\"https:\/\/vg04.met.vgwort.de\/na\/f9d9f5e25c0142e6827a7f4535039ac7\" width=\"1\" height=\"1\" no-lazy class=\"tracking\"><\/p>\n","protected":false},"excerpt":{"rendered":"<a href=\"https:\/\/www.ifun.de\/ikea-symfonisk-2-generation-jetzt-im-handel-und-im-video-180306\/\"><img width=\"150\" height=\"150\" src=\"https:\/\/images.ifun.de\/wp-content\/uploads\/2022\/01\/ikea-symfonisk-2-generation-feature-1-150x150.jpg\" class=\"alignright tfe wp-post-image\" alt=\"Ikea Symfonisk 2 Generation Feature\" decoding=\"async\" loading=\"lazy\" \/><\/a><p>Das schwedische Einrichtungshaus IKEA hat damit begonnen die zweite Generation des IKEA Symfonisk Regal-Lautsprechers in seinem Online-Store zu listen und zu verkaufen. Dies f\u00fchrt dazu, dass dort momentan beide Modelle des rechteckigen Sonos-Lautsprechers zu identischen Preisen aufgef\u00fchrt werden. Neben dem im April 2019 erstmals vorgestellten Symfonisk-Speaker, der seit mehreren Wochen mit dem Zusatz &#8222;Letzte Chance! [&hellip;]<\/p>\n","protected":false},"author":1,"featured_media":180309,"comment_status":"open","ping_status":"closed","sticky":false,"template":"","format":"standard","meta":{"_acf_changed":false,"footnotes":""},"categories":[22,1783],"tags":[1132,1068,4470,6325],"class_list":["post-180306","post","type-post","status-publish","format-standard","has-post-thumbnail","hentry","category-zubehor","category-feature","tag-ikea","tag-sonos","tag-symfonisk","tag-zubehor"],"acf":[],"aioseo_notices":[],"featured_image":["https:\/\/images.ifun.de\/wp-content\/uploads\/2022\/01\/ikea-symfonisk-2-generation-feature-1.jpg"],"subheadline":["Geringerer Standby-Verbrauch"],"rest_api_enabler":{"featured_image":"https:\/\/images.ifun.de\/wp-content\/uploads\/2022\/01\/ikea-symfonisk-2-generation-feature-1.jpg","subheadline":"Geringerer Standby-Verbrauch"},"_links":{"self":[{"href":"https:\/\/www.ifun.de\/apiv2\/wp\/v2\/posts\/180306","targetHints":{"allow":["GET"]}}],"collection":[{"href":"https:\/\/www.ifun.de\/apiv2\/wp\/v2\/posts"}],"about":[{"href":"https:\/\/www.ifun.de\/apiv2\/wp\/v2\/types\/post"}],"author":[{"embeddable":true,"href":"https:\/\/www.ifun.de\/apiv2\/wp\/v2\/users\/1"}],"replies":[{"embeddable":true,"href":"https:\/\/www.ifun.de\/apiv2\/wp\/v2\/comments?post=180306"}],"version-history":[{"count":1,"href":"https:\/\/www.ifun.de\/apiv2\/wp\/v2\/posts\/180306\/revisions"}],"predecessor-version":[{"id":180310,"href":"https:\/\/www.ifun.de\/apiv2\/wp\/v2\/posts\/180306\/revisions\/180310"}],"wp:featuredmedia":[{"embeddable":true,"href":"https:\/\/www.ifun.de\/apiv2\/wp\/v2\/media\/180309"}],"wp:attachment":[{"href":"https:\/\/www.ifun.de\/apiv2\/wp\/v2\/media?parent=180306"}],"wp:term":[{"taxonomy":"category","embeddable":true,"href":"https:\/\/www.ifun.de\/apiv2\/wp\/v2\/categories?post=180306"},{"taxonomy":"post_tag","embeddable":true,"href":"https:\/\/www.ifun.de\/apiv2\/wp\/v2\/tags?post=180306"}],"curies":[{"name":"wp","href":"https:\/\/api.w.org\/{rel}","templated":true}]}}