{"id":180283,"date":"2021-12-31T13:36:11","date_gmt":"2021-12-31T12:36:11","guid":{"rendered":"https:\/\/www.ifun.de\/?p=180283"},"modified":"2022-01-05T12:33:20","modified_gmt":"2022-01-05T11:33:20","slug":"im-rueckblick-das-war-das-apple-jahr-2021","status":"publish","type":"post","link":"https:\/\/www.ifun.de\/im-rueckblick-das-war-das-apple-jahr-2021-180283\/","title":{"rendered":"Im R\u00fcckblick: Das war das Apple-Jahr 2021"},"content":{"rendered":"<p>Den letzten Tag des Jahres wollen wir wie immer dazu nutzen, einen Blick zur\u00fcck auf die vergangenen zw\u00f6lf Monate zu werfen. Im Fokus steht dabei nat\u00fcrlich Apple und damit verbunden insbesondere die Hard- und Software-Neuerungen des Herstellers.<\/p>\n<p><a href=\"https:\/\/images.ifun.de\/wp-content\/uploads\/2021\/12\/tim-cook-aple-park.jpg\"><img loading=\"lazy\" decoding=\"async\" src=\"https:\/\/images.ifun.de\/wp-content\/uploads\/2021\/12\/tim-cook-aple-park-500x321.jpg\" alt=\"Tim Cook Aple Park\" width=\"500\" height=\"321\" class=\"alignnone size-medium wp-image-180296\" srcset=\"https:\/\/images.ifun.de\/wp-content\/uploads\/2021\/12\/tim-cook-aple-park-500x321.jpg 500w, https:\/\/images.ifun.de\/wp-content\/uploads\/2021\/12\/tim-cook-aple-park-700x450.jpg 700w, https:\/\/images.ifun.de\/wp-content\/uploads\/2021\/12\/tim-cook-aple-park-768x493.jpg 768w, https:\/\/images.ifun.de\/wp-content\/uploads\/2021\/12\/tim-cook-aple-park.jpg 1400w\" sizes=\"auto, (max-width: 500px) 100vw, 500px\" \/><\/a><\/p>\n<h2>HomePod-Ende und \u201eSpring Loaded\u201c-Feuerwerk<\/h2>\n<p>Die ersten Monate des Jahres 2021 liefen mit Blick auf Produktank\u00fcndigungen erwartungsgem\u00e4\u00df ruhig. Stattdessen sorgte Apple im M\u00e4rz mit der <a href=\"https:\/\/www.ifun.de\/apple-nimmt-den-grossen-homepod-aus-dem-programm-167560\/\">Einstellung des HomePod<\/a> f\u00fcr Schlagzeilen. Der 2017 mit gro\u00dfen Ambitionen vorgestellte Siri-Lautsprecher wurde ersatzlos gestrichen, Apple bietet stattdessen jetzt nur noch den einfacheren, aber auch deutlich g\u00fcnstigeren HomePod mini an.<\/p>\n<p>So richtig los ging das Apple-Jahr 2021 dann eigentlich erst im April. Zu Monatsbeginn hat Apple zun\u00e4chst sein Spiele-Abo <a href=\"https:\/\/www.iphone-ticker.de\/apple-arcade-oeffnet-sich-bekannte-klassiker-und-erfolgstitel-hinzugefuegt-172550\/\">Apple Arcade nennenswert erweitert<\/a> und dessen Exklusivit\u00e4t zur\u00fcckgefahren, um fortan auch bekannte Klassiker und Erfolgstitel hinzuf\u00fcgen zu k\u00f6nnen.<\/p>\n<p><a href=\"https:\/\/images.ifun.de\/wp-content\/uploads\/2021\/12\/apple-spring-loaded-neue-imacs.jpg\"><img loading=\"lazy\" decoding=\"async\" src=\"https:\/\/images.ifun.de\/wp-content\/uploads\/2021\/12\/apple-spring-loaded-neue-imacs-700x504.jpg\" alt=\"Apple Spring Loaded Neue Imacs\" width=\"700\" height=\"504\" class=\"alignnone size-large wp-image-180300\" srcset=\"https:\/\/images.ifun.de\/wp-content\/uploads\/2021\/12\/apple-spring-loaded-neue-imacs-700x504.jpg 700w, https:\/\/images.ifun.de\/wp-content\/uploads\/2021\/12\/apple-spring-loaded-neue-imacs-500x360.jpg 500w, https:\/\/images.ifun.de\/wp-content\/uploads\/2021\/12\/apple-spring-loaded-neue-imacs-768x553.jpg 768w, https:\/\/images.ifun.de\/wp-content\/uploads\/2021\/12\/apple-spring-loaded-neue-imacs.jpg 1400w\" sizes=\"auto, (max-width: 700px) 100vw, 700px\" \/><\/a><\/p>\n<p>Am 20. April wurde dann nicht nur der <a href=\"https:\/\/www.iphone-ticker.de\/airtags-sind-offiziell-das-ist-apples-sachenfinder-173276\/\" title=\"AirTags sind offiziell: Das ist Apples Sachenfinder\">AirTag vorgestellt<\/a>, sondern wir bekamen auch das <a href=\"https:\/\/www.ifun.de\/mit-liquid-retina-xdr-display-das-neue-ipad-pro-wird-teurer-169215\/\" title=\"Das neue iPad Pro: 12,9-Zoll-Modell mit Liquid Retina XDR-Display\">neue iPad Pro<\/a> und die <a href=\"https:\/\/www.ifun.de\/der-neue-imac-in-sieben-farben-mit-apples-m1-chip-169217\/\" title=\"Der neue iMac: In sieben Farben mit Apples M1-Chip und Touch ID\">neuen bunten iMacs<\/a> &#8211; beides von M1-Prozessoren angetrieben &#8211; zu sehen. Zudem wurden im Rahmen der von Apple \u201eSpring Loaded\u201c genannten Veranstaltung eine \u00fcberarbeitete Variante von <a href=\"https:\/\/www.ifun.de\/apple-tv-kommt-mit-a12-prozessor-und-neuer-fernbedienung-169248\/\" title=\"Apple TV kommt mit A12-Prozessor und neuer Fernbedienung\">Apple TV mit neuer Siri-Fernbedienung<\/a> vorgestellt, <a href=\"https:\/\/www.iphone-ticker.de\/iphone-12-jetzt-auch-in-violett-erhaeltlich-173310\/\" title=\"iPhone 12 jetzt auch in Violett erh\u00e4ltlich\">Violett als neue iPhone-Farbe<\/a> pr\u00e4sentiert und kommerzielle <a href=\"https:\/\/www.iphone-ticker.de\/apple-podcasts-ab-mai-auch-mit-kostenpflichtigen-abo-optionen-173324\/\" title=\"Apple Podcasts ab Mai auch mit kostenpflichtigen Abo-Optionen\">Podcast-Abos<\/a> angek\u00fcndigt.<\/p>\n<p>Eine Woche sp\u00e4ter hat Apple dann <a href=\"https:\/\/www.iphone-ticker.de\/ios-14-5-ist-da-iphone-jetzt-auch-mit-maske-entsperren-173270\/\" title=\"iOS 14.5 ist da: iPhone jetzt auch mit Maske entsperren\">iOS 14.5 freigegeben<\/a>, verbunden mit der M\u00f6glichkeit, das iPhone mit der Apple Watch zu entsperren und alternative Siri-Stimmen zu verwenden. <\/p>\n<h2>WWDC zeigt neue Betriebssysteme<\/h2>\n<p>Der n\u00e4chste gro\u00dfe Tag im Apple-Jahr 2021 war dann der 7. Juni. Mit dem Start der erneut ausschlie\u00dflich digital ausgetragenen Entwicklerkonferenz WWDC konnten wir auch detailliert erste Blicke auf die kommenden Versionen der Apple-Betriebssysteme werfen.<\/p>\n<p><a href=\"https:\/\/images.ifun.de\/wp-content\/uploads\/2021\/12\/tim-cook-wwdc-2021.jpg\"><img loading=\"lazy\" decoding=\"async\" src=\"https:\/\/images.ifun.de\/wp-content\/uploads\/2021\/12\/tim-cook-wwdc-2021-700x456.jpg\" alt=\"Tim Cook Wwdc 2021\" width=\"700\" height=\"456\" class=\"alignnone size-large wp-image-180293\" srcset=\"https:\/\/images.ifun.de\/wp-content\/uploads\/2021\/12\/tim-cook-wwdc-2021-700x456.jpg 700w, https:\/\/images.ifun.de\/wp-content\/uploads\/2021\/12\/tim-cook-wwdc-2021-500x325.jpg 500w, https:\/\/images.ifun.de\/wp-content\/uploads\/2021\/12\/tim-cook-wwdc-2021-768x500.jpg 768w, https:\/\/images.ifun.de\/wp-content\/uploads\/2021\/12\/tim-cook-wwdc-2021.jpg 1400w\" sizes=\"auto, (max-width: 700px) 100vw, 700px\" \/><\/a><\/p>\n<p>Eine Woche sp\u00e4ter stand der <a href=\"https:\/\/www.iphone-ticker.de\/zum-hoeren-bezahlen-apples-podcast-abos-starten-175755\/\" title=\"Zum H\u00f6ren bezahlen: Apples Podcast-Abos starten\">Start von Apples Podcast-Abos<\/a> auf dem Plan. Das Angebot in Deutschland zeigt sich hier bis heute allerdings stark limitiert.<\/p>\n<h2>Apples iPhone-Event \u201eCalifornia Streaming\u201c<\/h2>\n<p>Nach einer ausgiebigen Sommerpause folgte am 14. September Apples allj\u00e4hrlich wichtigstes Hardware-Event. Neben den <a href=\"https:\/\/www.iphone-ticker.de\/iphone-13-und-13-mini-neue-farben-mehr-akku-kleinerer-notch-179538\/\" title=\"iPhone 13 und 13 mini: Neue Farben, mehr Akku, kleinerer \u201eNotch\u201c\">neuen<\/a> <a href=\"https:\/\/www.iphone-ticker.de\/iphone-13-pro-und-iphone-13-pro-max-groesserer-akku-und-bis-zu-1-tb-speicher-179534\/\" title=\"iPhone 13 Pro und iPhone 13 Pro Max: Gr\u00f6\u00dferer Akku und bis zu 1 TB\">iPhone-Modellen<\/a> f\u00fcr 2021 gab es im Rahmen der \u201eCalifornia Streaming\u201c genannten Veranstaltung auch die <a href=\"https:\/\/www.iphone-ticker.de\/apple-watch-series-7-dezentes-design-update-mit-groesserem-display-179530\/\" title=\"Apple Watch Series 7: Dezentes Design-Update mit gr\u00f6\u00dferem Display\">Apple Watch Series 7<\/a>, ein vollst\u00e4ndig <a href=\"https:\/\/www.ifun.de\/ipad-mini-jetzt-mit-touch-id-in-der-standby-taste-175468\/\" title=\"iPad mini jetzt mit Touch ID in der Standby-Taste\">\u00fcberarbeitetes iPad mini<\/a> sowie eine aktualisierte Version von <a href=\"https:\/\/www.ifun.de\/apple-stellt-das-ipad-9-vor-a13-prozessor-und-bessere-kamera-175454\/\" title=\"Apple stellt das iPad 9 vor: A13-Prozessor und bessere Kamera\">Apples Einsteiger-iPad<\/a> zu sehen.<\/p>\n<p><a href=\"https:\/\/images.ifun.de\/wp-content\/uploads\/2021\/12\/tim-cook-iphone-13-vorstellung.jpg\"><img loading=\"lazy\" decoding=\"async\" src=\"https:\/\/images.ifun.de\/wp-content\/uploads\/2021\/12\/tim-cook-iphone-13-vorstellung-700x417.jpg\" alt=\"Tim Cook Iphone 13 Vorstellung\" width=\"700\" height=\"417\" class=\"alignnone size-large wp-image-180295\" srcset=\"https:\/\/images.ifun.de\/wp-content\/uploads\/2021\/12\/tim-cook-iphone-13-vorstellung-700x417.jpg 700w, https:\/\/images.ifun.de\/wp-content\/uploads\/2021\/12\/tim-cook-iphone-13-vorstellung-500x298.jpg 500w, https:\/\/images.ifun.de\/wp-content\/uploads\/2021\/12\/tim-cook-iphone-13-vorstellung-768x457.jpg 768w, https:\/\/images.ifun.de\/wp-content\/uploads\/2021\/12\/tim-cook-iphone-13-vorstellung.jpg 1400w\" sizes=\"auto, (max-width: 700px) 100vw, 700px\" \/><\/a><\/p>\n<p>Wenige Tage sp\u00e4ter hat Apple dann die neuen Betriebssysteme f\u00fcr seine Computer und Mobilger\u00e4te freigegeben und den gr\u00f6\u00dften Teil der neuen Ger\u00e4te auch kurz drauf in den Handel gebracht. Lediglich auf die Apple Watch Series 7 musste man in diesem Jahr l\u00e4nger warten.<\/p>\n<h2>MacBook Pro wieder ohne Touch Bar<\/h2>\n<p>Weiter ging es in Sachen Apple-Ank\u00fcndigungen dann am 18. Oktober mit der Vorstellung mit Prozessoren vom Typ M1 Pro und M1 Max ausgestatteter <a href=\"https:\/\/www.ifun.de\/nach-fuenf-langen-jahren-das-ist-apples-neues-macbook-pro-176997\/\" title=\"Nach f\u00fcnf langen Jahren: Das ist Apples neues MacBook Pro\">neuer MacBook-Pro-Modelle<\/a>. Die Worte, mit denen Apple den Wegfall der von den Kunden nur schlecht angenommenen Touch Bar umschrieb, verleiteten zum Schmunzeln: \u201eDas Magic Keyboard bringt zum ersten Mal Funk\u00adtions\u00adtasten in voller Gr\u00f6\u00dfe auf das MacBook Pro, mit dem mecha\u00adnischen Tasten\u00adgef\u00fchl, das Pros lieben\u201c.<\/p>\n<p><a href=\"https:\/\/images.ifun.de\/wp-content\/uploads\/2021\/12\/craig-federighi-mac.jpg\"><img loading=\"lazy\" decoding=\"async\" src=\"https:\/\/images.ifun.de\/wp-content\/uploads\/2021\/12\/craig-federighi-mac-700x407.jpg\" alt=\"Craig Federighi Mac\" width=\"700\" height=\"407\" class=\"alignnone size-large wp-image-180297\" srcset=\"https:\/\/images.ifun.de\/wp-content\/uploads\/2021\/12\/craig-federighi-mac-700x407.jpg 700w, https:\/\/images.ifun.de\/wp-content\/uploads\/2021\/12\/craig-federighi-mac-500x291.jpg 500w, https:\/\/images.ifun.de\/wp-content\/uploads\/2021\/12\/craig-federighi-mac-768x447.jpg 768w, https:\/\/images.ifun.de\/wp-content\/uploads\/2021\/12\/craig-federighi-mac.jpg 1400w\" sizes=\"auto, (max-width: 700px) 100vw, 700px\" \/><\/a><\/p>\n<p>Zudem wurden in diesem Rahmen die <a href=\"https:\/\/www.iphone-ticker.de\/airpods-die-3-generation-kann-3d-audio-181203\/\" title=\"AirPods: Die dritte Generation kann 3D-Audio\">AirPods 3<\/a> pr\u00e4sentiert und <a href=\"https:\/\/www.ifun.de\/homepod-mini-neue-modelle-ab-november-177063\/\" title=\"HomePod mini: Neue Modelle ab November\">neue HomePod-Farben<\/a> sowie das \u201eSiri-Abo\u201c <a href=\"https:\/\/www.iphone-ticker.de\/apple-music-voice-wer-siri-nutzt-zahlt-nur-die-haelfte-181233\/\" title=\"Apple Music Voice: Wer Siri nutzt zahlt nur die H\u00e4lfte\">Apple Music Voice<\/a> angek\u00fcndigt. Eine Woche sp\u00e4ter stand dann <a href=\"https:\/\/www.ifun.de\/macos-monterey-steht-zum-download-bereit-177366\/\" title=\"macOS Monterey steht zum Download bereit\">macOS Monterey<\/a> f\u00fcr alle Nutzer zum Download bereit. Begleitend hat Apple auch <a href=\"https:\/\/www.iphone-ticker.de\/apple-veroeffentlicht-ios-15-1-und-ipados-15-1-181553\/\" title=\"Apple ver\u00f6ffentlicht iOS 15.1 und iPadOS 15.1\">iOS 15 freigegeben<\/a> und mit einem <a href=\"https:\/\/www.ifun.de\/homepod-update-15-1-bringt-3d-audio-und-apple-music-lossless-177386\/\" title=\"HomePod-Update 15.1 bringt 3D-Audio und Apple Music Lossless\">HomePod-Update<\/a> die Wiedergabe von 3D-Audio und Apple Music Lossless erm\u00f6glicht.<\/p>\n<h2>Jahresabschluss mit Apple Fitness<\/h2>\n<p>Der Apple-Winter begann in diesem Jahr am 3. November mit der Verf\u00fcgbarkeit von <a href=\"https:\/\/www.iphone-ticker.de\/video-workouts-apple-fitness-startet-in-deutschland-181995\/\" title=\"Video-Workouts: Apple Fitness+ startet in Deutschland\">Apple Fitness in Deutschland<\/a>. Vom 23. November an war hierzulande dann der HomePod mini in den neuen Farben <a href=\"https:\/\/www.ifun.de\/homepod-mini-jetzt-in-blau-gelb-und-orange-erhaeltlich-178707\/\" title=\"HomePod mini jetzt in Blau, Gelb und Orange erh\u00e4ltlich\">verf\u00fcgbar<\/a>. F\u00fcr deutsche Fans und Kunden hatte Apple zudem noch die Er\u00f6ffnung des zweiten Berliner <a href=\"https:\/\/www.ifun.de\/reservierungen-moeglich-apple-rosenthaler-strasse-oeffnet-donnerstag-178993\/\" title=\"Reservierungen m\u00f6glich: Apple Rosenthaler Stra\u00dfe \u00f6ffnet Donnerstag\">Apple Store Rosenthaler Stra\u00dfe<\/a> am 2. Dezember im Gep\u00e4ck.<\/p>\n<p>Als einen der f\u00fcr uns wichtigsten Tage im abgelaufenen Jahr wollen wir zu guter Letzt nochmal an den <a href=\"https:\/\/www.ifun.de\/20-jahre-ipod-wie-alles-begann-177300\/\" title=\"20 Jahre iPod \u2013 Wie alles begann\">23. Oktober<\/a> erinnern. An diesem Datum hat nicht nur der iPod sein zwanzigj\u00e4hriges Jubil\u00e4um gefeiert, f\u00fcr uns war dieser Tag letztendlich auch der Startschuss f\u00fcr dieses Onlineangebot.<\/p>\n<p><b>Kommt gut ins neue Jahr!<\/b><img loading=\"lazy\" decoding=\"async\" src=\"https:\/\/vg05.met.vgwort.de\/na\/b9b705e8026e43e89782ae49e03bba5a\" width=\"1\" height=\"1\" no-lazy class=\"tracking\"><\/p>\n","protected":false},"excerpt":{"rendered":"<a href=\"https:\/\/www.ifun.de\/im-rueckblick-das-war-das-apple-jahr-2021-180283\/\"><img width=\"150\" height=\"150\" src=\"https:\/\/images.ifun.de\/wp-content\/uploads\/2021\/12\/apple-park-feature-150x150.jpg\" class=\"alignright tfe wp-post-image\" alt=\"Apple Park Feature\" decoding=\"async\" loading=\"lazy\" \/><\/a><p>Den letzten Tag des Jahres wollen wir wie immer dazu nutzen, einen Blick zur\u00fcck auf die vergangenen zw\u00f6lf Monate zu werfen. Im Fokus steht dabei nat\u00fcrlich Apple und damit verbunden insbesondere die Hard- und Software-Neuerungen des Herstellers. HomePod-Ende und \u201eSpring Loaded\u201c-Feuerwerk Die ersten Monate des Jahres 2021 liefen mit Blick auf Produktank\u00fcndigungen erwartungsgem\u00e4\u00df ruhig. Stattdessen [&hellip;]<\/p>\n","protected":false},"author":2,"featured_media":180291,"comment_status":"open","ping_status":"closed","sticky":false,"template":"","format":"standard","meta":{"_acf_changed":false,"footnotes":""},"categories":[3,1783],"tags":[],"class_list":["post-180283","post","type-post","status-publish","format-standard","has-post-thumbnail","hentry","category-apple","category-feature"],"acf":[],"aioseo_notices":[],"subheadline":["Die letzten 12 Monate im Schnelldurchlauf"],"featured_image":["https:\/\/images.ifun.de\/wp-content\/uploads\/2021\/10\/apple-event-feature.jpg"],"rest_api_enabler":{"subheadline":"Die letzten 12 Monate im Schnelldurchlauf","featured_image":"https:\/\/images.ifun.de\/wp-content\/uploads\/2021\/10\/apple-event-feature.jpg"},"_links":{"self":[{"href":"https:\/\/www.ifun.de\/apiv2\/wp\/v2\/posts\/180283","targetHints":{"allow":["GET"]}}],"collection":[{"href":"https:\/\/www.ifun.de\/apiv2\/wp\/v2\/posts"}],"about":[{"href":"https:\/\/www.ifun.de\/apiv2\/wp\/v2\/types\/post"}],"author":[{"embeddable":true,"href":"https:\/\/www.ifun.de\/apiv2\/wp\/v2\/users\/2"}],"replies":[{"embeddable":true,"href":"https:\/\/www.ifun.de\/apiv2\/wp\/v2\/comments?post=180283"}],"version-history":[{"count":12,"href":"https:\/\/www.ifun.de\/apiv2\/wp\/v2\/posts\/180283\/revisions"}],"predecessor-version":[{"id":180304,"href":"https:\/\/www.ifun.de\/apiv2\/wp\/v2\/posts\/180283\/revisions\/180304"}],"wp:featuredmedia":[{"embeddable":true,"href":"https:\/\/www.ifun.de\/apiv2\/wp\/v2\/media\/180291"}],"wp:attachment":[{"href":"https:\/\/www.ifun.de\/apiv2\/wp\/v2\/media?parent=180283"}],"wp:term":[{"taxonomy":"category","embeddable":true,"href":"https:\/\/www.ifun.de\/apiv2\/wp\/v2\/categories?post=180283"},{"taxonomy":"post_tag","embeddable":true,"href":"https:\/\/www.ifun.de\/apiv2\/wp\/v2\/tags?post=180283"}],"curies":[{"name":"wp","href":"https:\/\/api.w.org\/{rel}","templated":true}]}}