{"id":180196,"date":"2021-12-29T11:54:04","date_gmt":"2021-12-29T10:54:04","guid":{"rendered":"https:\/\/www.ifun.de\/?p=180196"},"modified":"2021-12-29T13:32:42","modified_gmt":"2021-12-29T12:32:42","slug":"nur-beim-neuen-ipad-mini-lautstaerketasten-drehen-sich-mit","status":"publish","type":"post","link":"https:\/\/www.ifun.de\/nur-beim-neuen-ipad-mini-lautstaerketasten-drehen-sich-mit-180196\/","title":{"rendered":"Nur beim neuen iPad mini: Lautst\u00e4rketasten &#8222;drehen sich mit&#8220;"},"content":{"rendered":"<p>Wusstet ihr, dass sich die Lautst\u00e4rketasten des <a href=\"https:\/\/www.apple.com\/de\/ipad\/\" title=\"iPad mini\">neuen iPad mini<\/a> an die Ausrichtung des Ger\u00e4ts anpassen? Anders als sonst bei den iPads gewohnt, gibt es hier keine festen Kn\u00f6pfe f\u00fcr Laut oder Leise, sondern die Belegung der Tasten h\u00e4ngt davon ab, wie ihr das Ger\u00e4t in H\u00e4nden haltet.<\/p>\n<p>Dieser Automatismus wirkt sich nicht nur auf die Nutzung des iPad kopf\u00fcber aus, sondern macht sich auch bei Verwendung im Querformat bemerkbar: Egal ob die Tasten hier links oder rechts liegen, jeweils die obere davon erh\u00f6ht die Lautst\u00e4rke w\u00e4hrend die untere leiser macht. Im Hochformat gilt, das stets die rechts gelegene Taste die Lautst\u00e4rke erh\u00f6ht und die Leiser-Taste links davon ist.<\/p>\n<p><a href=\"https:\/\/images.ifun.de\/wp-content\/uploads\/2021\/12\/2021-ipad-mini-bedienung-lautstaerke-tasten.jpg\"><img loading=\"lazy\" decoding=\"async\" src=\"https:\/\/images.ifun.de\/wp-content\/uploads\/2021\/12\/2021-ipad-mini-bedienung-lautstaerke-tasten-700x333.jpg\" alt=\"2021 Ipad Mini Bedienung Lautstaerke Tasten\" width=\"700\" height=\"333\" class=\"alignnone size-large wp-image-180200\" srcset=\"https:\/\/images.ifun.de\/wp-content\/uploads\/2021\/12\/2021-ipad-mini-bedienung-lautstaerke-tasten-700x333.jpg 700w, https:\/\/images.ifun.de\/wp-content\/uploads\/2021\/12\/2021-ipad-mini-bedienung-lautstaerke-tasten-500x238.jpg 500w, https:\/\/images.ifun.de\/wp-content\/uploads\/2021\/12\/2021-ipad-mini-bedienung-lautstaerke-tasten-768x365.jpg 768w, https:\/\/images.ifun.de\/wp-content\/uploads\/2021\/12\/2021-ipad-mini-bedienung-lautstaerke-tasten.jpg 1400w\" sizes=\"auto, (max-width: 700px) 100vw, 700px\" \/><\/a><\/p>\n<p>Die mit dem im September vorgestellten <a href=\"https:\/\/www.ifun.de\/ipad-mini-jetzt-mit-touch-id-in-der-standby-taste-175468\/\" title=\"iPad mini jetzt mit Touch ID in der Standby-Taste\">iPad mini der 6. Generation<\/a> eingef\u00fchrte Funktionsweise macht die Bedienung des Ger\u00e4ts ein ganzes St\u00fcck einfacher. Verzichtet die neue Generation von Apples kleinstem Tablet doch ebenso wie die neueren Modelle von iPad Air und iPad Pro auf eine Home-Taste, und l\u00e4sst sich letztendlich quasi ohne Standard-Ausrichtung verwenden. Damit verbunden kommt nat\u00fcrlich berechtigt die Frage auf, warum Apple diese Funktion zwar mit dem neuen iPad mini bereitstellt, nicht aber f\u00fcr die restlichen iPad-Varianten ohne Home-Taste anbietet. Hier ist die Funktion der beiden Tasten wie bei den Modellen mit Home-Taste fest vorgegeben.<\/p>\n<p>Mehr Infos bei Apple: <a href=\"https:\/\/support.apple.com\/de-de\/HT210976\">Home-, Seiten- und andere Tasten auf dem iPad verwenden<\/a>.<\/p>\n<p><h8>Danke Ben<\/h8><\/p>\n","protected":false},"excerpt":{"rendered":"<a href=\"https:\/\/www.ifun.de\/nur-beim-neuen-ipad-mini-lautstaerketasten-drehen-sich-mit-180196\/\"><img width=\"150\" height=\"150\" src=\"https:\/\/images.ifun.de\/wp-content\/uploads\/2021\/12\/2021-ipad-mini-bedienung-lautstaerke-tasten-150x150.jpg\" class=\"alignright tfe wp-post-image\" alt=\"2021 Ipad Mini Bedienung Lautstaerke Tasten\" decoding=\"async\" loading=\"lazy\" \/><\/a><p>Wusstet ihr, dass sich die Lautst\u00e4rketasten des neuen iPad mini an die Ausrichtung des Ger\u00e4ts anpassen? Anders als sonst bei den iPads gewohnt, gibt es hier keine festen Kn\u00f6pfe f\u00fcr Laut oder Leise, sondern die Belegung der Tasten h\u00e4ngt davon ab, wie ihr das Ger\u00e4t in H\u00e4nden haltet. Dieser Automatismus wirkt sich nicht nur auf [&hellip;]<\/p>\n","protected":false},"author":2,"featured_media":180200,"comment_status":"open","ping_status":"closed","sticky":false,"template":"","format":"standard","meta":{"_acf_changed":false,"footnotes":""},"categories":[1],"tags":[],"class_list":["post-180196","post","type-post","status-publish","format-standard","has-post-thumbnail","hentry","category-news"],"acf":[],"aioseo_notices":[],"featured_image":["https:\/\/images.ifun.de\/wp-content\/uploads\/2021\/12\/ipad-mini-im-apple-store-feature.jpg"],"subheadline":["Automatik reagiert auf Rotation"],"rest_api_enabler":{"featured_image":"https:\/\/images.ifun.de\/wp-content\/uploads\/2021\/12\/ipad-mini-im-apple-store-feature.jpg","subheadline":"Automatik reagiert auf Rotation"},"_links":{"self":[{"href":"https:\/\/www.ifun.de\/apiv2\/wp\/v2\/posts\/180196","targetHints":{"allow":["GET"]}}],"collection":[{"href":"https:\/\/www.ifun.de\/apiv2\/wp\/v2\/posts"}],"about":[{"href":"https:\/\/www.ifun.de\/apiv2\/wp\/v2\/types\/post"}],"author":[{"embeddable":true,"href":"https:\/\/www.ifun.de\/apiv2\/wp\/v2\/users\/2"}],"replies":[{"embeddable":true,"href":"https:\/\/www.ifun.de\/apiv2\/wp\/v2\/comments?post=180196"}],"version-history":[{"count":6,"href":"https:\/\/www.ifun.de\/apiv2\/wp\/v2\/posts\/180196\/revisions"}],"predecessor-version":[{"id":180203,"href":"https:\/\/www.ifun.de\/apiv2\/wp\/v2\/posts\/180196\/revisions\/180203"}],"wp:featuredmedia":[{"embeddable":true,"href":"https:\/\/www.ifun.de\/apiv2\/wp\/v2\/media\/180200"}],"wp:attachment":[{"href":"https:\/\/www.ifun.de\/apiv2\/wp\/v2\/media?parent=180196"}],"wp:term":[{"taxonomy":"category","embeddable":true,"href":"https:\/\/www.ifun.de\/apiv2\/wp\/v2\/categories?post=180196"},{"taxonomy":"post_tag","embeddable":true,"href":"https:\/\/www.ifun.de\/apiv2\/wp\/v2\/tags?post=180196"}],"curies":[{"name":"wp","href":"https:\/\/api.w.org\/{rel}","templated":true}]}}