{"id":179703,"date":"2021-12-16T10:05:46","date_gmt":"2021-12-16T09:05:46","guid":{"rendered":"https:\/\/www.ifun.de\/?p=179703"},"modified":"2021-12-21T14:14:54","modified_gmt":"2021-12-21T13:14:54","slug":"ab-1-januar-2022-arbeitslos-meldung-wird-online-moeglich","status":"publish","type":"post","link":"https:\/\/www.ifun.de\/ab-1-januar-2022-arbeitslos-meldung-wird-online-moeglich-179703\/","title":{"rendered":"Ab 1. Januar 2022: Arbeitslos-Meldung wird online m\u00f6glich"},"content":{"rendered":"<p>Ab 1. Januar 2022 m\u00fcssen Arbeitssuchende nicht mehr zwangsl\u00e4ufig auf dem Amt vorstellig werden, sondern k\u00f6nnen ihre Arbeitslos-Meldung zu Beginn des neuen Jahres erstmals auch online vornehmen.<\/p>\n<blockquote class=\"twitter-tweet\" data-conversation=\"none\" data-cards=\"hidden\">\n<p dir=\"ltr\" lang=\"de\">&#x2139;&#xfe0f; Ab 1. Januar 2022 k\u00f6nnen sich Kund*innen der Arbeitsagenturen mit Online-Ausweis auf elektronischem Weg arbeitslos melden. Damit erg\u00e4nzen wir unsere <a href=\"https:\/\/twitter.com\/hashtag\/eServices?src=hash&amp;ref_src=twsrc%5Etfw\">#eServices<\/a> um weiteres digitales Angebot.<br \/>\nDetails und Informationen:<br \/>\n&#x1f449; <a href=\"https:\/\/t.co\/hCrE0Ok0nA\">https:\/\/t.co\/hCrE0Ok0nA<\/a> <a href=\"https:\/\/t.co\/xZzjegWSbj\">pic.twitter.com\/xZzjegWSbj<\/a><\/p>\n<p>\u2014 Bundesagentur f\u00fcr Arbeit (@Bundesagentur) <a href=\"https:\/\/twitter.com\/Bundesagentur\/status\/1470641956065792002?ref_src=twsrc%5Etfw\">December 14, 2021<\/a><\/p><\/blockquote>\n<p><script async src=\"https:\/\/platform.twitter.com\/widgets.js\" charset=\"utf-8\"><\/script><\/p>\n<p>Dabei gelten weiterhin die bisherigen Abst\u00e4nde von drei Monaten, drei Tagen und einem Tag: Wer schon wei\u00df, dass seine Anstellung demn\u00e4chst enden wird, ist dazu aufgerufen sich sp\u00e4testens drei Monate vor dem Ende des Besch\u00e4ftigungsverh\u00e4ltnisses arbeitssuchend zu melden. Wer pl\u00f6tzlich gek\u00fcndigt wird, sollte sich sp\u00e4testens drei Tage nach der Entlassung arbeitssuchend melden. Die Arbeitslosmeldung soll ihrerseits sp\u00e4testens am ersten Tag ohne Besch\u00e4ftigung erfolgen.<\/p>\n<p>Ab 1. Januar 2022 soll die Meldung dann auch \u00fcber die sogenannten <a href=\"https:\/\/www.arbeitsagentur.de\/news\/arbeitslos-melden-ab-2022-online-moeglich\">eService-Angebote der Bundesagentur f\u00fcr Arbeit<\/a> m\u00f6glich sein, damit kann auf das pers\u00f6nliche Erscheinen vor Ort verzichtet werden, das bislang zwingend vorausgesetzt wurde, damit entsprechende Antr\u00e4ge \u00fcberhaupt bearbeitet werden konnten.<\/p>\n<h2>Braucht Perso mit Online-Funktion<\/h2>\n<p>Nach Angaben der Bundesagentur f\u00fcr Arbeit wird die &#8222;elektronische Arbeitslosmeldung&#8220; damit dem pers\u00f6nlichen Vorsprechen gleichgestellt, allerdings wird nat\u00fcrlich auch f\u00fcr die Online-Meldung ein g\u00fcltiger Identifikationsnachweis vorausgesetzt.<\/p>\n<p><a href=\"https:\/\/images.ifun.de\/wp-content\/uploads\/2021\/12\/online-ausweis.jpg\"><img loading=\"lazy\" decoding=\"async\" class=\"aligncenter size-large wp-image-179705\" src=\"https:\/\/images.ifun.de\/wp-content\/uploads\/2021\/12\/online-ausweis-700x394.jpg\" alt=\"Online Ausweis\" width=\"700\" height=\"394\" srcset=\"https:\/\/images.ifun.de\/wp-content\/uploads\/2021\/12\/online-ausweis-700x394.jpg 700w, https:\/\/images.ifun.de\/wp-content\/uploads\/2021\/12\/online-ausweis-500x281.jpg 500w, https:\/\/images.ifun.de\/wp-content\/uploads\/2021\/12\/online-ausweis-768x432.jpg 768w, https:\/\/images.ifun.de\/wp-content\/uploads\/2021\/12\/online-ausweis.jpg 933w\" sizes=\"auto, (max-width: 700px) 100vw, 700px\" \/><\/a><\/p>\n<p>Anders formuliert: F\u00fcr die Online-Meldung der eigenen Arbeitslosigkeit wird ab Januar ein Personalausweis mit Online-Ausweisfunktion vorausgesetzt.<\/p>\n<p>Die Bundesagentur f\u00fcr Arbeit etabliert damit bundesweit, was coronabedingt schon in einzelnen Standorten erprobt wurde und wird zum Jahreswechsel die entsprechenden Formular auf dieser \u00dcbersichtsseite des eigenen Online-Portals bereitstellen.<\/p>\n<p>Weiterf\u00fchrende Informationen zu den technischen Voraussetzungen l\u00e4sst sich auf den Seiten der AusweisApp2, des Personalausweisportals und der Bundesagentur f\u00fcr Arbeit selbst einsehen:<\/p>\n<ul>\n<li><strong>AusweisApp2<\/strong>: <a href=\"https:\/\/www.ausweisapp.bund.de\/online-ausweisen\/das-brauchen-sie\/\">Das brauchen Sie<\/a><\/li>\n<li><strong>Personalausweisportal<\/strong>: <a href=\"https:\/\/www.personalausweisportal.de\/Webs\/PA\/DE\/buergerinnen-und-buerger\/online-ausweisen\/das-brauchen-sie\/das-brauchen-sie-node.html\">Online ausweisen<\/a><\/li>\n<li><strong>Arbeitsagentur<\/strong>: <a href=\"https:\/\/www.arbeitsagentur.de\/arbeitslos-melden\">Arbeitslos melden<\/a><\/li>\n<\/ul>\n<!-- WP-Appbox (Version: 4.5.12 \/\/ Store: appstore \/\/ ID: 948660805) -->\t<!-- app-link -->\n\t<div id=\"article-single-app-preview\">\n\t\t<div id=\"article-single-app-preview-header\">\n\t\t\t<span class=\"title\">Laden im App Store<\/span>\n\t\t<\/div>\n\t\t<div id=\"article-single-app-preview-content\">\n\t\t\t<div id=\"article-single-app-preview-img\"><img loading=\"lazy\" decoding=\"async\" src=\"\/\/is1-ssl.mzstatic.com\/image\/thumb\/PurpleSource221\/v4\/7b\/74\/30\/7b743064-5d50-1ccf-2f9f-4bae66c835d4\/Placeholder.mill\/200x200bb-75.png\" alt=\"AusweisApp Bund\"  height=\"72\" width=\"72\" class=\"asl-icon-img\" \/><\/div>\n\t\t\t<div id=\"article-single-app-preview-desc\">\n\t\t\t\t<span class=\"name\">AusweisApp Bund<\/span><br \/>\n\t\t\t\t<span class=\"seller\">Entwickler: <a target=\"_blank\" rel=\"nofollow\" href=\"https:\/\/apps.apple.com\/de\/developer\/governikus-gmbh-co-kg\/id948660804\">Governikus GmbH & Co. KG<\/a><\/span>\n\t\t\t<\/div>\n\t\t\t<a target=\"_blank\" rel=\"nofollow\" href=\"https:\/\/apps.apple.com\/de\/app\/ausweisapp-bund\/id948660805\"><div id=\"article-single-app-preview-download\">Preis: Kostenlos<br \/>\n\t\t\t<span class=\"size\">Laden<\/span><\/div><\/a>\n\t\t<\/div>\n\t\t<!-- <div id=\"article-single-app-preview-footer\"><\/div>\t-->\n\t<\/div>\n\t<!-- app-link\/ende --><!-- \/WP-Appbox -->\n<p><img loading=\"lazy\" decoding=\"async\" src=\"https:\/\/vg08.met.vgwort.de\/na\/4d4dc98b3d454f01b625341446fce05f\" width=\"1\" height=\"1\" no-lazy class=\"tracking\"><\/p>\n","protected":false},"excerpt":{"rendered":"<a href=\"https:\/\/www.ifun.de\/ab-1-januar-2022-arbeitslos-meldung-wird-online-moeglich-179703\/\"><img width=\"150\" height=\"150\" src=\"https:\/\/images.ifun.de\/wp-content\/uploads\/2021\/12\/bundesagentur-arbeitslos-feature-150x150.jpg\" class=\"alignright tfe wp-post-image\" alt=\"Bundesagentur Arbeitslos Feature\" decoding=\"async\" loading=\"lazy\" \/><\/a><p>Ab 1. Januar 2022 m\u00fcssen Arbeitssuchende nicht mehr zwangsl\u00e4ufig auf dem Amt vorstellig werden, sondern k\u00f6nnen ihre Arbeitslos-Meldung zu Beginn des neuen Jahres erstmals auch online vornehmen. &#x2139;&#xfe0f; Ab 1. Januar 2022 k\u00f6nnen sich Kund*innen der Arbeitsagenturen mit Online-Ausweis auf elektronischem Weg arbeitslos melden. Damit erg\u00e4nzen wir unsere #eServices um weiteres digitales Angebot. Details und [&hellip;]<\/p>\n","protected":false},"author":1,"featured_media":179706,"comment_status":"open","ping_status":"closed","sticky":false,"template":"","format":"standard","meta":{"_acf_changed":false,"footnotes":""},"categories":[5,1783],"tags":[659,5638,5171],"class_list":["post-179703","post","type-post","status-publish","format-standard","has-post-thumbnail","hentry","category-apps","category-feature","tag-arbeit","tag-digitalisierung","tag-personalausweis"],"acf":[],"aioseo_notices":[],"subheadline":["Braucht Perso mit Online-Funktion","Braucht Perso mit Online-Funktion"],"featured_image":["https:\/\/images.ifun.de\/wp-content\/uploads\/2021\/12\/bundesagentur-arbeitslos-feature.jpg"],"rest_api_enabler":{"subheadline":["Braucht Perso mit Online-Funktion","Braucht Perso mit Online-Funktion"],"featured_image":"https:\/\/images.ifun.de\/wp-content\/uploads\/2021\/12\/bundesagentur-arbeitslos-feature.jpg"},"_links":{"self":[{"href":"https:\/\/www.ifun.de\/apiv2\/wp\/v2\/posts\/179703","targetHints":{"allow":["GET"]}}],"collection":[{"href":"https:\/\/www.ifun.de\/apiv2\/wp\/v2\/posts"}],"about":[{"href":"https:\/\/www.ifun.de\/apiv2\/wp\/v2\/types\/post"}],"author":[{"embeddable":true,"href":"https:\/\/www.ifun.de\/apiv2\/wp\/v2\/users\/1"}],"replies":[{"embeddable":true,"href":"https:\/\/www.ifun.de\/apiv2\/wp\/v2\/comments?post=179703"}],"version-history":[{"count":2,"href":"https:\/\/www.ifun.de\/apiv2\/wp\/v2\/posts\/179703\/revisions"}],"predecessor-version":[{"id":179707,"href":"https:\/\/www.ifun.de\/apiv2\/wp\/v2\/posts\/179703\/revisions\/179707"}],"wp:featuredmedia":[{"embeddable":true,"href":"https:\/\/www.ifun.de\/apiv2\/wp\/v2\/media\/179706"}],"wp:attachment":[{"href":"https:\/\/www.ifun.de\/apiv2\/wp\/v2\/media?parent=179703"}],"wp:term":[{"taxonomy":"category","embeddable":true,"href":"https:\/\/www.ifun.de\/apiv2\/wp\/v2\/categories?post=179703"},{"taxonomy":"post_tag","embeddable":true,"href":"https:\/\/www.ifun.de\/apiv2\/wp\/v2\/tags?post=179703"}],"curies":[{"name":"wp","href":"https:\/\/api.w.org\/{rel}","templated":true}]}}