{"id":179521,"date":"2021-12-13T13:56:08","date_gmt":"2021-12-13T12:56:08","guid":{"rendered":"https:\/\/www.ifun.de\/?p=179521"},"modified":"2021-12-13T14:24:10","modified_gmt":"2021-12-13T13:24:10","slug":"internet-zu-langsam-ab-heute-koennt-ihr-messen-und-mindern","status":"publish","type":"post","link":"https:\/\/www.ifun.de\/internet-zu-langsam-ab-heute-koennt-ihr-messen-und-mindern-179521\/","title":{"rendered":"Internet zu langsam? Ab heute k\u00f6nnt ihr messen und mindern"},"content":{"rendered":"<p>Seit der j\u00fcngsten Novelle des Telekommunikationsgesetzes (TKG) haben Verbraucher auch gegen\u00fcber ihren Internet-Anbietern mehr Rechte. Wenn diese sich fortan \u00fcber schlechte Anbindungen beschwere, k\u00f6nnen die Provider nicht mehr einfach mit den Schultern zucken. <\/p>\n<p><a href=\"https:\/\/images.ifun.de\/wp-content\/uploads\/2021\/12\/breitbandmessung-1.jpg\"><img decoding=\"async\" class=\"aligncenter size-large wp-image-179523\" src=\"https:\/\/images.ifun.de\/wp-content\/uploads\/2021\/12\/breitbandmessung-1-700x552.jpg\" alt=\"Breitbandmessung\" width=\"500\" srcset=\"https:\/\/images.ifun.de\/wp-content\/uploads\/2021\/12\/breitbandmessung-1-700x552.jpg 700w, https:\/\/images.ifun.de\/wp-content\/uploads\/2021\/12\/breitbandmessung-1-500x394.jpg 500w, https:\/\/images.ifun.de\/wp-content\/uploads\/2021\/12\/breitbandmessung-1-768x606.jpg 768w, https:\/\/images.ifun.de\/wp-content\/uploads\/2021\/12\/breitbandmessung-1.jpg 984w\" sizes=\"(max-width: 700px) 100vw, 700px\" \/><\/a><\/p>\n<p>Bei nachweisbar schlechten Anbindungen k\u00f6nnen Verbraucher sowohl eine Minderungen der Monatsgeb\u00fchren einfordern als auch die vorzeitige K\u00fcndigungen veranlassen. Die zum Nachweis vorausgesetzte Desktop-Anwendung <a href=\"https:\/\/www.breitbandmessung.de\/\">Breitbandmessung<\/a> l\u00e4sst sich nach kurzer Auszeit seit heute nun auf euren Mac laden und nutzen.<\/p>\n<p>Hier kann die <a href=\"https:\/\/www.breitbandmessung.de\/\">Anwendung der Bundesnetzagentur<\/a> das Vorhandensein einer schlechten DSl- oder Kabelleitung dann ganz offiziell feststellen. Die Kriterien daf\u00fcr hat die Bundesnetzagentur erst Ende vergangener Woche <a href=\"https:\/\/www.bundesnetzagentur.de\/SharedDocs\/Pressemitteilungen\/DE\/2021\/20211206_Breitband.html\">festgelegt<\/a>.<\/p>\n<h2>Ab wann ist das Internet zu langsam?<\/h2>\n<p>Demnach k\u00f6nnen Verbraucher bereits aktiv werden, wenn im Rahmen des Nachweisverfahrens eine &#8222;minderungsrelevante Abweichung&#8220; auftritt. Diese sind klar definiert:<\/p>\n<ul>\n<li><strong>Sollgeschwindigkeit minimal:<\/strong> Die Minimale Geschwindigkeit gilt als minderungsrelevant unterschritten, wenn an zwei von drei Messtagen die minimale Geschwindigkeit nicht erreicht wird.<\/li>\n<li><strong>Sollgeschwindigkeit maximal<\/strong>: Minderungsrelevant ist hier, wenn an zwei von drei Messtagen 90 Prozent des Maximums nicht einmal erreicht werden.<\/li>\n<li><strong>Sollgeschwindigkeit normalerweise<\/strong>: Was die &#8222;normalerweise zur Verf\u00fcgung stehenden Geschwindigkeit&#8220; angeht, liegt bereits eine minderungsrelevante Abweichung vor, wenn diese nicht in 90 Prozent der Messungen erreicht wird.<\/li>\n<\/ul>\n<p>F\u00fcr alle Messungen muss die ab heute verf\u00fcgbare Breitbandmessung Desktop-Applikation eingesetzt werden, die unter anderem daf\u00fcr Sorge tr\u00e4gt, dass schlechte WLAN-Anbindungen die Messergebnisse nicht verf\u00e4lschen.<\/p>\n<p><a href=\"https:\/\/images.ifun.de\/wp-content\/uploads\/2021\/12\/messungen.jpg\"><img loading=\"lazy\" decoding=\"async\" class=\"aligncenter size-large wp-image-179524\" src=\"https:\/\/images.ifun.de\/wp-content\/uploads\/2021\/12\/messungen-700x455.jpg\" alt=\"Messungen\" width=\"700\" height=\"455\" srcset=\"https:\/\/images.ifun.de\/wp-content\/uploads\/2021\/12\/messungen-700x455.jpg 700w, https:\/\/images.ifun.de\/wp-content\/uploads\/2021\/12\/messungen-500x325.jpg 500w, https:\/\/images.ifun.de\/wp-content\/uploads\/2021\/12\/messungen-768x499.jpg 768w, https:\/\/images.ifun.de\/wp-content\/uploads\/2021\/12\/messungen.jpg 1400w\" sizes=\"auto, (max-width: 700px) 100vw, 700px\" \/><\/a><\/p>\n<p>Die App erkl\u00e4rt euch auf Wunsch auch noch mal die Kriterien nach denen man von einer &#8222;minderungsrelevanten Abweichung&#8220; sprechen und beim Internetanbieter vorstellig werden kann.<\/p>\n<blockquote><p>F\u00fchren Sie an drei unterschiedlichen Kalendertagen jeweils 10 Messungen durch, wobei zwischen den einzelnen Messtagen jeweils ein zeitlicher Abstand von mindestens einem Kalendertag liegen muss. Zwischen der f\u00fcnften und sechsten Messung eines Messtages ist dar\u00fcber hinaus ein Abstand von mindestens 3 Stunden einzuhalten und zwischen allen anderen Messungen eines Messtages ein Abstand von mindestens 5 Minuten.<\/p>\n<p>Nach erfolgreichem Abschluss der Messkampagne wird ein Messprotokoll erstellt. Dieses enth\u00e4lt eine Aussage \u00fcber ggf. vorliegende erhebliche, kontinuierliche oder regelm\u00e4\u00dfig wiederkehrende Abweichungen mit Blick auf die vertraglich vereinbarten Daten\u00fcbertragungsraten getroffen.<\/p><\/blockquote>\n<p><img loading=\"lazy\" decoding=\"async\" src=\"https:\/\/vg08.met.vgwort.de\/na\/3c2cfb2ad877473393753840c62acabe\" width=\"1\" height=\"1\" no-lazy class=\"tracking\"><\/p>\n","protected":false},"excerpt":{"rendered":"<a href=\"https:\/\/www.ifun.de\/internet-zu-langsam-ab-heute-koennt-ihr-messen-und-mindern-179521\/\"><img width=\"150\" height=\"150\" src=\"https:\/\/images.ifun.de\/wp-content\/uploads\/2021\/12\/messungen-150x150.jpg\" class=\"alignright tfe wp-post-image\" alt=\"Messungen\" decoding=\"async\" loading=\"lazy\" \/><\/a><p>Seit der j\u00fcngsten Novelle des Telekommunikationsgesetzes (TKG) haben Verbraucher auch gegen\u00fcber ihren Internet-Anbietern mehr Rechte. Wenn diese sich fortan \u00fcber schlechte Anbindungen beschwere, k\u00f6nnen die Provider nicht mehr einfach mit den Schultern zucken. Bei nachweisbar schlechten Anbindungen k\u00f6nnen Verbraucher sowohl eine Minderungen der Monatsgeb\u00fchren einfordern als auch die vorzeitige K\u00fcndigungen veranlassen. Die zum Nachweis vorausgesetzte [&hellip;]<\/p>\n","protected":false},"author":1,"featured_media":179524,"comment_status":"open","ping_status":"closed","sticky":false,"template":"","format":"standard","meta":{"_acf_changed":false,"footnotes":""},"categories":[5],"tags":[4737,4005,1522,118],"class_list":["post-179521","post","type-post","status-publish","format-standard","has-post-thumbnail","hentry","category-apps","tag-apps","tag-bundesnetzagentur","tag-geschwindigkeit","tag-internet"],"acf":[],"aioseo_notices":[],"subheadline":["Breitbandmessung jetzt in Ausgabe 3.0","Breitbandmessung jetzt in Ausgabe 3.0"],"featured_image":["https:\/\/images.ifun.de\/wp-content\/uploads\/2021\/09\/breitbandmessung-feature.jpg"],"rest_api_enabler":{"subheadline":["Breitbandmessung jetzt in Ausgabe 3.0","Breitbandmessung jetzt in Ausgabe 3.0"],"featured_image":"https:\/\/images.ifun.de\/wp-content\/uploads\/2021\/09\/breitbandmessung-feature.jpg"},"_links":{"self":[{"href":"https:\/\/www.ifun.de\/apiv2\/wp\/v2\/posts\/179521","targetHints":{"allow":["GET"]}}],"collection":[{"href":"https:\/\/www.ifun.de\/apiv2\/wp\/v2\/posts"}],"about":[{"href":"https:\/\/www.ifun.de\/apiv2\/wp\/v2\/types\/post"}],"author":[{"embeddable":true,"href":"https:\/\/www.ifun.de\/apiv2\/wp\/v2\/users\/1"}],"replies":[{"embeddable":true,"href":"https:\/\/www.ifun.de\/apiv2\/wp\/v2\/comments?post=179521"}],"version-history":[{"count":3,"href":"https:\/\/www.ifun.de\/apiv2\/wp\/v2\/posts\/179521\/revisions"}],"predecessor-version":[{"id":179526,"href":"https:\/\/www.ifun.de\/apiv2\/wp\/v2\/posts\/179521\/revisions\/179526"}],"wp:featuredmedia":[{"embeddable":true,"href":"https:\/\/www.ifun.de\/apiv2\/wp\/v2\/media\/179524"}],"wp:attachment":[{"href":"https:\/\/www.ifun.de\/apiv2\/wp\/v2\/media?parent=179521"}],"wp:term":[{"taxonomy":"category","embeddable":true,"href":"https:\/\/www.ifun.de\/apiv2\/wp\/v2\/categories?post=179521"},{"taxonomy":"post_tag","embeddable":true,"href":"https:\/\/www.ifun.de\/apiv2\/wp\/v2\/tags?post=179521"}],"curies":[{"name":"wp","href":"https:\/\/api.w.org\/{rel}","templated":true}]}}