{"id":179440,"date":"2021-12-09T19:08:56","date_gmt":"2021-12-09T18:08:56","guid":{"rendered":"https:\/\/www.ifun.de\/?p=179440"},"modified":"2021-12-09T19:19:26","modified_gmt":"2021-12-09T18:19:26","slug":"telekom-verpasst-termin-neue-magentacloud-verzoegert-sich","status":"publish","type":"post","link":"https:\/\/www.ifun.de\/telekom-verpasst-termin-neue-magentacloud-verzoegert-sich-179440\/","title":{"rendered":"Telekom verpasst Termin: Neue MagentaCLOUD verz\u00f6gert sich"},"content":{"rendered":"<p><strong>Update von 19:08 Uhr:<\/strong> Knappe zwei Stunden nach unserem Beitrag best\u00e4tigt die Telekom nun, dass die neue Version der MagentaCLOUD heute, entgegen der bisherigen Planung, nicht mehr live gehen wird.<\/p>\n<p><a href=\"https:\/\/images.ifun.de\/wp-content\/uploads\/2021\/12\/magentacloud.jpg\"><img loading=\"lazy\" decoding=\"async\" src=\"https:\/\/images.ifun.de\/wp-content\/uploads\/2021\/12\/magentacloud-500x250.jpg\" alt=\"Magentacloud\" width=\"500\" height=\"250\" class=\"aligncenter size-medium wp-image-179448\" srcset=\"https:\/\/images.ifun.de\/wp-content\/uploads\/2021\/12\/magentacloud-500x250.jpg 500w, https:\/\/images.ifun.de\/wp-content\/uploads\/2021\/12\/magentacloud-700x350.jpg 700w, https:\/\/images.ifun.de\/wp-content\/uploads\/2021\/12\/magentacloud-768x384.jpg 768w, https:\/\/images.ifun.de\/wp-content\/uploads\/2021\/12\/magentacloud.jpg 800w\" sizes=\"auto, (max-width: 500px) 100vw, 500px\" \/><\/a><\/p>\n<p>Ein Mitarbeiter <a href=\"https:\/\/telekomhilft.telekom.de\/t5\/MagentaCLOUD\/Sammelthread-Update-der-MagentaCLOUD-ab-dem-06-12-2021\/m-p\/5462450#M54763\">schreibt<\/a>: <\/p>\n<blockquote><p>[&#8230;] Leider wird die MagentaCLOUD heute doch nicht mehr wieder erreichbar sein. Es wurde hier die Sorge ge\u00e4u\u00dfert, dass es zu Datenverlusten kommen k\u00f6nnte. Da die \u00dcbertragung der Daten bereits abgeschlossen sind, ist das eher unwahrscheinlich. <\/p>\n<p>An welchen Details die ganze Kiste aktuell h\u00e4ngen bleibt, kann ich nicht sagen, w\u00fcrde allerdings ja auch keinem helfen. Ich kann nur sagen das so ein Produkt wesentlich komplexer in der Struktur ist, also man sich das von au\u00dfen vorstellt und die Schwierigkeit eben darin besteht das alles richtig miteinander zu verkn\u00fcpfen. <\/p>\n<p>Ich kann den Unmut \u00fcber die lange Downtime sehr gut verstehen und wirklich alle beteiligten Kollegen*innen sind dar\u00fcber genauso ungl\u00fccklich wir Ihr es seit. Leider m\u00fcssen wir da jetzt gemeinsam durch. [&#8230;]<\/p><\/blockquote>\n<p><strong>Original-Eintrag von 17:50 Uhr:<\/strong> Am 23. November <a href=\"https:\/\/www.ifun.de\/magentacloud-3-werktage-offline-auszeit-und-relaunch-angekuendigt-178721\/\">k\u00fcndigte die Deutsche Telekom<\/a> umfassende Wartungsarbeiten bei ihrem Cloud-Speicher-Dienst MagentaCLOUD an. Da man vorhabe, eine komplett neue Version des Online-Speichers mit runderneuerter Benutzeroberfl\u00e4che und mehreren neuen Funktionen bereitzustellen, sehe man sich gezwungen, das vorhandene Angebot f\u00fcr einige Tage vom Netz zu nehmen.<\/p>\n<h2>Ab 9. Dezember im neuen Design<\/h2>\n<p>Die Telekom forderte ihre MagentaCLOUD-Kunden damals dazu auf, die als gel\u00f6scht markierten Dateien bis zum 5. Dezember zu sichern (da man diese nicht in das neue System \u00fcbernehmen werde) und anschlie\u00dfend mit einer Auszeit von zwei bis drei Tagen zu rechnen.<\/p>\n<p>Ab dem 9. Dezember, so die Zusage damals, w\u00fcrde man dann den Zugriff auf die neue MagentaCLOUD zur Verf\u00fcgung stellen.<\/p>\n<p><a href=\"https:\/\/images.ifun.de\/wp-content\/uploads\/2021\/12\/magenta-cloud.jpg\"><img loading=\"lazy\" decoding=\"async\" class=\"aligncenter size-large wp-image-179441\" src=\"https:\/\/images.ifun.de\/wp-content\/uploads\/2021\/12\/magenta-cloud-700x415.jpg\" alt=\"Magenta Cloud\" width=\"700\" height=\"415\" srcset=\"https:\/\/images.ifun.de\/wp-content\/uploads\/2021\/12\/magenta-cloud-700x415.jpg 700w, https:\/\/images.ifun.de\/wp-content\/uploads\/2021\/12\/magenta-cloud-500x296.jpg 500w, https:\/\/images.ifun.de\/wp-content\/uploads\/2021\/12\/magenta-cloud-768x455.jpg 768w, https:\/\/images.ifun.de\/wp-content\/uploads\/2021\/12\/magenta-cloud.jpg 1500w\" sizes=\"auto, (max-width: 700px) 100vw, 700px\" \/><\/a><\/p>\n<p>Inzwischen sind zwei Drittel des 9. Dezembers verstrichen und an immer mehr deutschen Arbeitspl\u00e4tzen verabschieden sich die Nutzer der MagentaCLOUD, die die Startseite des Web-Dienstes in Tagesverlauf heute mehr als einmal neu geladen haben d\u00fcrften, in den verdienten Feierabend.<\/p>\n<p>Gleichzeitig wird die Stimmung im offiziellen Community-Forum der Telekom <a href=\"https:\/\/telekomhilft.telekom.de\/t5\/MagentaCLOUD\/Sammelthread-Update-der-MagentaCLOUD-ab-dem-06-12-2021\/m-p\/5424216#M54219\">immer unruhiger<\/a>. Hier machen sich erste Anwender nicht nur auf die Suche nach Alternativen, sondern bangen mit fortschreitender Wartezeit auch um die eigenen Dateien.<\/p>\n<p>Mitverantwortlich d\u00fcrften die ausbleibenden Statusmeldungen der Telekom sein, die auf <a href=\"https:\/\/magentacloud.de\/\">magentacloud.de<\/a> weiterhin nur einen Wartungshinweis anzeigt und nach wie vor verspricht, die neue MagentaCLOUD ab 9. Dezember verf\u00fcgbar machen zu wollen.<\/p>\n<p><a href=\"https:\/\/images.ifun.de\/wp-content\/uploads\/2021\/12\/magenta-cloud-wartung.jpg\"><img loading=\"lazy\" decoding=\"async\" class=\"aligncenter size-large wp-image-179442\" src=\"https:\/\/images.ifun.de\/wp-content\/uploads\/2021\/12\/magenta-cloud-wartung-700x415.jpg\" alt=\"Magenta Cloud Wartung\" width=\"700\" height=\"415\" srcset=\"https:\/\/images.ifun.de\/wp-content\/uploads\/2021\/12\/magenta-cloud-wartung-700x415.jpg 700w, https:\/\/images.ifun.de\/wp-content\/uploads\/2021\/12\/magenta-cloud-wartung-500x296.jpg 500w, https:\/\/images.ifun.de\/wp-content\/uploads\/2021\/12\/magenta-cloud-wartung-768x455.jpg 768w, https:\/\/images.ifun.de\/wp-content\/uploads\/2021\/12\/magenta-cloud-wartung.jpg 1500w\" sizes=\"auto, (max-width: 700px) 100vw, 700px\" \/><\/a><\/p>\n<h2>Letztes Lebenszeichen vor 6 Stunden<\/h2>\n<p>Im Sammelthread zum Thema wurden mittlerweile <a href=\"https:\/\/telekomhilft.telekom.de\/t5\/MagentaCLOUD\/Sammelthread-Update-der-MagentaCLOUD-ab-dem-06-12-2021\/m-p\/5424216#M54219\">\u00fcber 220 Wortmeldungen<\/a> abgegeben, darunter auch die eines Telekom-Mitarbeiters der sich vor nunmehr sechs Stunden folgenderma\u00dfen zur Verz\u00f6gerung ge\u00e4u\u00dfert hat:<\/p>\n<blockquote><p>Um die Funktionalit\u00e4t der \u201eneuen MagentaCLOUD\u201c in den Apps und Webportal \u00fcber unterschiedliche Betriebssysteme sicherzustellen laufen momentan noch umfangreiche Qualit\u00e4tssicherungsma\u00dfnahmen und Testings. Wir rechnen damit, dass die neue MagentaCLOUD am Nachmittag verf\u00fcgbar sein wird. Die Bereitstellung der MagentaCLOUD App wird sich leider noch etwas verz\u00f6gern. Wir danken Ihnen f\u00fcr Ihr Verst\u00e4ndnis.<\/p><\/blockquote>\n<p><img loading=\"lazy\" decoding=\"async\" src=\"https:\/\/vg09.met.vgwort.de\/na\/6ea08c5e89e946d2b8f23d4d2b695047\" width=\"1\" height=\"1\" no-lazy class=\"tracking\"><\/p>\n","protected":false},"excerpt":{"rendered":"<a href=\"https:\/\/www.ifun.de\/telekom-verpasst-termin-neue-magentacloud-verzoegert-sich-179440\/\"><img width=\"150\" height=\"150\" src=\"https:\/\/images.ifun.de\/wp-content\/uploads\/2021\/12\/magenta-cloud-wartung-150x150.jpg\" class=\"alignright tfe wp-post-image\" alt=\"Magenta Cloud Wartung\" decoding=\"async\" loading=\"lazy\" \/><\/a><p>Update von 19:08 Uhr: Knappe zwei Stunden nach unserem Beitrag best\u00e4tigt die Telekom nun, dass die neue Version der MagentaCLOUD heute, entgegen der bisherigen Planung, nicht mehr live gehen wird. Ein Mitarbeiter schreibt: [&#8230;] Leider wird die MagentaCLOUD heute doch nicht mehr wieder erreichbar sein. Es wurde hier die Sorge ge\u00e4u\u00dfert, dass es zu Datenverlusten [&hellip;]<\/p>\n","protected":false},"author":1,"featured_media":179442,"comment_status":"open","ping_status":"closed","sticky":false,"template":"","format":"standard","meta":{"_acf_changed":false,"footnotes":""},"categories":[1],"tags":[2902,282],"class_list":["post-179440","post","type-post","status-publish","format-standard","has-post-thumbnail","hentry","category-news","tag-magentacloud","tag-telekom"],"acf":[],"aioseo_notices":[],"featured_image":["https:\/\/images.ifun.de\/wp-content\/uploads\/2017\/04\/magentacloud-header.jpg"],"subheadline":["\"Leider m\u00fcssen wir da jetzt gemeinsam durch\""],"rest_api_enabler":{"featured_image":"https:\/\/images.ifun.de\/wp-content\/uploads\/2017\/04\/magentacloud-header.jpg","subheadline":"\"Leider m\u00fcssen wir da jetzt gemeinsam durch\""},"_links":{"self":[{"href":"https:\/\/www.ifun.de\/apiv2\/wp\/v2\/posts\/179440","targetHints":{"allow":["GET"]}}],"collection":[{"href":"https:\/\/www.ifun.de\/apiv2\/wp\/v2\/posts"}],"about":[{"href":"https:\/\/www.ifun.de\/apiv2\/wp\/v2\/types\/post"}],"author":[{"embeddable":true,"href":"https:\/\/www.ifun.de\/apiv2\/wp\/v2\/users\/1"}],"replies":[{"embeddable":true,"href":"https:\/\/www.ifun.de\/apiv2\/wp\/v2\/comments?post=179440"}],"version-history":[{"count":10,"href":"https:\/\/www.ifun.de\/apiv2\/wp\/v2\/posts\/179440\/revisions"}],"predecessor-version":[{"id":179453,"href":"https:\/\/www.ifun.de\/apiv2\/wp\/v2\/posts\/179440\/revisions\/179453"}],"wp:featuredmedia":[{"embeddable":true,"href":"https:\/\/www.ifun.de\/apiv2\/wp\/v2\/media\/179442"}],"wp:attachment":[{"href":"https:\/\/www.ifun.de\/apiv2\/wp\/v2\/media?parent=179440"}],"wp:term":[{"taxonomy":"category","embeddable":true,"href":"https:\/\/www.ifun.de\/apiv2\/wp\/v2\/categories?post=179440"},{"taxonomy":"post_tag","embeddable":true,"href":"https:\/\/www.ifun.de\/apiv2\/wp\/v2\/tags?post=179440"}],"curies":[{"name":"wp","href":"https:\/\/api.w.org\/{rel}","templated":true}]}}