{"id":179184,"date":"2021-12-03T14:52:38","date_gmt":"2021-12-03T13:52:38","guid":{"rendered":"https:\/\/www.ifun.de\/?p=179184"},"modified":"2021-12-03T17:05:45","modified_gmt":"2021-12-03T16:05:45","slug":"amazon-e2-bietet-jetzt-macs-mit-m1-prozessoren-an","status":"publish","type":"post","link":"https:\/\/www.ifun.de\/amazon-e2-bietet-jetzt-macs-mit-m1-prozessoren-an-179184\/","title":{"rendered":"Amazons EC2-Cloud bietet jetzt Macs mit M1-Prozessoren an"},"content":{"rendered":"<p>\u00dcber <a href=\"https:\/\/aws.amazon.com\/de\/ec2\">Amazon EC2<\/a> l\u00e4sst sich jetzt auch <a href=\"https:\/\/aws.amazon.com\/de\/ec2\/instance-types\/mac\/\">M1-basierte Prozessorleistung buchen<\/a>. Zun\u00e4chst allerdings nur am Standort USA, dort ist die auf dem Mac mini M1 basierende Rechenleistung zum Start in zwei Regionen zun\u00e4chst als &#8222;Vorschau&#8220; verf\u00fcgbar.<\/p>\n<p><a href=\"https:\/\/images.ifun.de\/wp-content\/uploads\/2021\/12\/amazon-e2-mac.jpg\"><img loading=\"lazy\" decoding=\"async\" src=\"https:\/\/images.ifun.de\/wp-content\/uploads\/2021\/12\/amazon-e2-mac-500x372.jpg\" alt=\"Amazon E2 Mac\" width=\"500\" height=\"372\" class=\"alignnone size-medium wp-image-179185\" srcset=\"https:\/\/images.ifun.de\/wp-content\/uploads\/2021\/12\/amazon-e2-mac-500x372.jpg 500w, https:\/\/images.ifun.de\/wp-content\/uploads\/2021\/12\/amazon-e2-mac-700x520.jpg 700w, https:\/\/images.ifun.de\/wp-content\/uploads\/2021\/12\/amazon-e2-mac-768x571.jpg 768w, https:\/\/images.ifun.de\/wp-content\/uploads\/2021\/12\/amazon-e2-mac.jpg 1000w\" sizes=\"auto, (max-width: 500px) 100vw, 500px\" \/><\/a><\/p>\n<p>Amazon ist derzeit der einzige Cloud-Anbieter, der in Verbindung mit einer Auswahl an Intel-, AMD- und Arm-basierten Prozessoren auch macOS unterst\u00fctzt. Zielgruppe sind insbesondere Entwickler, die beim Erstellen von Anwendungen f\u00fcr Apple-Ger\u00e4te leistungsf\u00e4hige Testumgebungen ben\u00f6tigen.<\/p>\n<p>Die Rechnerleistung l\u00e4sst sich bei Amazon EC2 auf Stundenbasis buchen. So werden f\u00fcr die neuen Mac minis mit M1-Prozessor aktuell 0,6498 Dollar pro Stunde verrechnet. Auf Basis von Laufzeitvertr\u00e4gen l\u00e4sst sich dieser Preis um bis zu 44 Prozent reduzieren.<\/p>\n<p>Die Einf\u00fchrung von M1-basierten Mac-mini-Computern bei Amazon EC2 ist als Fortf\u00fchrung des erst Ende vergangenen Jahres eingef\u00fchrten, zun\u00e4chst auf Intel-Basis eingef\u00fchrten Mac-Angebots von Amazon EC2 zu sehen. Bereits damals wurde angek\u00fcndigt, dass die ersten mit M1-Prozessoren ausgestatteten Macs in diesem Jahr folgen werden. Das Video unten hat Amazon bei der Einf\u00fchrung von EC2 f\u00fcr macOS ver\u00f6ffentlicht.<\/p>\n<p><div class=\"responsive-video\"><iframe loading=\"lazy\" title=\"AWS EC2 Mac Instances Launch - macOS in the cloud for the first time, with the benefits of EC2\" width=\"500\" height=\"281\" src=\"https:\/\/www.youtube-nocookie.com\/embed\/Pn3miC_tTH0?feature=oembed\" frameborder=\"0\" allow=\"accelerometer; autoplay; clipboard-write; encrypted-media; gyroscope; picture-in-picture; web-share\" referrerpolicy=\"strict-origin-when-cross-origin\" allowfullscreen><\/iframe><\/div><\/p>\n","protected":false},"excerpt":{"rendered":"<a href=\"https:\/\/www.ifun.de\/amazon-e2-bietet-jetzt-macs-mit-m1-prozessoren-an-179184\/\"><img width=\"150\" height=\"150\" src=\"https:\/\/images.ifun.de\/wp-content\/uploads\/2021\/12\/amazon-e2-mac-150x150.jpg\" class=\"alignright tfe wp-post-image\" alt=\"Amazon E2 Mac\" decoding=\"async\" loading=\"lazy\" \/><\/a><p>\u00dcber Amazon EC2 l\u00e4sst sich jetzt auch M1-basierte Prozessorleistung buchen. Zun\u00e4chst allerdings nur am Standort USA, dort ist die auf dem Mac mini M1 basierende Rechenleistung zum Start in zwei Regionen zun\u00e4chst als &#8222;Vorschau&#8220; verf\u00fcgbar. Amazon ist derzeit der einzige Cloud-Anbieter, der in Verbindung mit einer Auswahl an Intel-, AMD- und Arm-basierten Prozessoren auch macOS [&hellip;]<\/p>\n","protected":false},"author":2,"featured_media":179185,"comment_status":"open","ping_status":"closed","sticky":false,"template":"","format":"standard","meta":{"_acf_changed":false,"footnotes":""},"categories":[16],"tags":[5626,4968,6321],"class_list":["post-179184","post","type-post","status-publish","format-standard","has-post-thumbnail","hentry","category-mac","tag-amazon-e2","tag-apple-prozessoren","tag-mac"],"acf":[],"aioseo_notices":[],"featured_image":["https:\/\/images.ifun.de\/wp-content\/uploads\/2021\/12\/amazon-e2-mac-mini-feature.jpg"],"subheadline":["Rechenleistung auf Abruf"],"rest_api_enabler":{"featured_image":"https:\/\/images.ifun.de\/wp-content\/uploads\/2021\/12\/amazon-e2-mac-mini-feature.jpg","subheadline":"Rechenleistung auf Abruf"},"_links":{"self":[{"href":"https:\/\/www.ifun.de\/apiv2\/wp\/v2\/posts\/179184","targetHints":{"allow":["GET"]}}],"collection":[{"href":"https:\/\/www.ifun.de\/apiv2\/wp\/v2\/posts"}],"about":[{"href":"https:\/\/www.ifun.de\/apiv2\/wp\/v2\/types\/post"}],"author":[{"embeddable":true,"href":"https:\/\/www.ifun.de\/apiv2\/wp\/v2\/users\/2"}],"replies":[{"embeddable":true,"href":"https:\/\/www.ifun.de\/apiv2\/wp\/v2\/comments?post=179184"}],"version-history":[{"count":6,"href":"https:\/\/www.ifun.de\/apiv2\/wp\/v2\/posts\/179184\/revisions"}],"predecessor-version":[{"id":179198,"href":"https:\/\/www.ifun.de\/apiv2\/wp\/v2\/posts\/179184\/revisions\/179198"}],"wp:featuredmedia":[{"embeddable":true,"href":"https:\/\/www.ifun.de\/apiv2\/wp\/v2\/media\/179185"}],"wp:attachment":[{"href":"https:\/\/www.ifun.de\/apiv2\/wp\/v2\/media?parent=179184"}],"wp:term":[{"taxonomy":"category","embeddable":true,"href":"https:\/\/www.ifun.de\/apiv2\/wp\/v2\/categories?post=179184"},{"taxonomy":"post_tag","embeddable":true,"href":"https:\/\/www.ifun.de\/apiv2\/wp\/v2\/tags?post=179184"}],"curies":[{"name":"wp","href":"https:\/\/api.w.org\/{rel}","templated":true}]}}