{"id":178721,"date":"2021-11-23T13:57:00","date_gmt":"2021-11-23T12:57:00","guid":{"rendered":"https:\/\/www.ifun.de\/?p=178721"},"modified":"2021-11-23T13:57:00","modified_gmt":"2021-11-23T12:57:00","slug":"magentacloud-3-werktage-offline-auszeit-und-relaunch-angekuendigt","status":"publish","type":"post","link":"https:\/\/www.ifun.de\/magentacloud-3-werktage-offline-auszeit-und-relaunch-angekuendigt-178721\/","title":{"rendered":"MagentaCLOUD 3 Werktage offline: Auszeit und Relaunch angek\u00fcndigt"},"content":{"rendered":"<p>Die Deutsche Telekom hat einen umfassenden Umbau ihres Online-Speicher-Angebotes, der sogenannten <a href=\"https:\/\/cloud.telekom-dienste.de\/\">MagentaCLOUD<\/a> angek\u00fcndigt. Diese soll ab dem 9. Dezember in einer runderneuerten Version angeboten werden und dann mit einem &#8222;attraktiven Design&#8220; und mehreren neuen Funktionen starten.<\/p>\n<p><a href=\"https:\/\/images.ifun.de\/wp-content\/uploads\/2021\/11\/magentacloud.jpg\"><img loading=\"lazy\" decoding=\"async\" src=\"https:\/\/images.ifun.de\/wp-content\/uploads\/2021\/11\/magentacloud-500x316.jpg\" alt=\"Magentacloud\" width=\"500\" height=\"316\" class=\"aligncenter size-medium wp-image-178722\" srcset=\"https:\/\/images.ifun.de\/wp-content\/uploads\/2021\/11\/magentacloud-500x316.jpg 500w, https:\/\/images.ifun.de\/wp-content\/uploads\/2021\/11\/magentacloud-700x443.jpg 700w, https:\/\/images.ifun.de\/wp-content\/uploads\/2021\/11\/magentacloud-768x486.jpg 768w, https:\/\/images.ifun.de\/wp-content\/uploads\/2021\/11\/magentacloud.jpg 1400w\" sizes=\"auto, (max-width: 500px) 100vw, 500px\" \/><\/a><\/p>\n<h2>Auszeit ohne Datei-Zugriff<\/h2>\n<p>Mit welchen Feature-Erweiterungen Bestandskunden der MagentaCLOUD dann rechnen k\u00f6nnen, hat der Netzbetreiber bislang noch nicht kommuniziert, hat nun jedoch darauf hingewiesen, dass der Neustart mit einer erheblichen Auszeit einhergehen wird. Vor dem Relaunch soll die Dokumenten-Ablage zwei bis drei Tage vom Netz gehen. Eine Auszeit, die die Telekom nicht etwa auf ein Wochenende legt, sondern den Online-Speicher zum Start der 49. Kalenderwoche vom Netz nehmen wird.<\/p>\n<p>Bestandskunden m\u00fcssen sich damit auf eine Auszeit ab Montag, den 6. Dezember einstellen, die bis Donnerstag, 9. Dezember anhalten k\u00f6nnte. W\u00e4hrend dieses Zeitraums ist nicht nur der Zugriff auf gesicherte Dokumente unm\u00f6glich, auch das Speichern neuer Fotos und Videos in der MagentaCLOUD wird nicht funktionieren.<\/p>\n<h2>&#8222;Gel\u00f6schten Dateien&#8220; werden gel\u00f6scht<\/h2>\n<p>Ebenfalls wichtig zu wissen. Mit der Umstellung werden Kunden der MagentaCLOUD alle Dateien verlieren, die derzeit als gel\u00f6scht gekennzeichnet sind. Kunden, die diese auch weiterhin ben\u00f6tigen sind dazu angehalten diese bis sp\u00e4testens zum 5. Dezember manuell wiederherzustellen und zu sichern. Die Eintr\u00e4ge f\u00fcr den Terminkalender lauten damit:<\/p>\n<ul>\n<li><strong>Bis 5. Dezember<\/strong>: &#8222;Gel\u00f6schten Dateien&#8220; sichern<\/li>\n<li><strong>Ab 6. Dezember<\/strong>: 2-3 Tage kein Zugriff auf MagentaCLOUD<\/li>\n<li><strong>Ab 9. Dezember<\/strong>: Neustart &#8211; MagentaCLOUD in neuer Version<\/li>\n<\/ul>\n<p>Die Telekom hat auf <a href=\"https:\/\/cloud.telekom-dienste.de\/die-neue-magentacloud\">telekom.de\/neue-magentacloud<\/a> eine \u00dcbersichtsseite eingerichtet, die Bestandskunden mit Antworten auf h\u00e4ufige Fragen versorgt. Hier informiert der Anbieter zudem: Die bestehenden Login-Daten f\u00fcr die MagentaCLOUD bleiben auch nach dem Relaunch g\u00fcltig, bereits konfigurierte WebDav-Laufwerke m\u00fcssen allerdings neu eingerichtet werden.<\/p>\n<p><img loading=\"lazy\" decoding=\"async\" src=\"https:\/\/vg08.met.vgwort.de\/na\/a592174ac314422e906ee0e70918346e\" width=\"1\" height=\"1\" no-lazy class=\"tracking\"><\/p>\n","protected":false},"excerpt":{"rendered":"<a href=\"https:\/\/www.ifun.de\/magentacloud-3-werktage-offline-auszeit-und-relaunch-angekuendigt-178721\/\"><img width=\"150\" height=\"150\" src=\"https:\/\/images.ifun.de\/wp-content\/uploads\/2021\/11\/magentacloud-150x150.jpg\" class=\"alignright tfe wp-post-image\" alt=\"Magentacloud\" decoding=\"async\" loading=\"lazy\" \/><\/a><p>Die Deutsche Telekom hat einen umfassenden Umbau ihres Online-Speicher-Angebotes, der sogenannten MagentaCLOUD angek\u00fcndigt. Diese soll ab dem 9. Dezember in einer runderneuerten Version angeboten werden und dann mit einem &#8222;attraktiven Design&#8220; und mehreren neuen Funktionen starten. Auszeit ohne Datei-Zugriff Mit welchen Feature-Erweiterungen Bestandskunden der MagentaCLOUD dann rechnen k\u00f6nnen, hat der Netzbetreiber bislang noch nicht kommuniziert, [&hellip;]<\/p>\n","protected":false},"author":1,"featured_media":178722,"comment_status":"open","ping_status":"closed","sticky":false,"template":"","format":"standard","meta":{"_acf_changed":false,"footnotes":""},"categories":[1],"tags":[2902,282],"class_list":["post-178721","post","type-post","status-publish","format-standard","has-post-thumbnail","hentry","category-news","tag-magentacloud","tag-telekom"],"acf":[],"aioseo_notices":[],"featured_image":["https:\/\/images.ifun.de\/wp-content\/uploads\/2017\/04\/magentacloud-header.jpg"],"subheadline":["Kunden ohne Datei-Zugriff"],"rest_api_enabler":{"featured_image":"https:\/\/images.ifun.de\/wp-content\/uploads\/2017\/04\/magentacloud-header.jpg","subheadline":"Kunden ohne Datei-Zugriff"},"_links":{"self":[{"href":"https:\/\/www.ifun.de\/apiv2\/wp\/v2\/posts\/178721","targetHints":{"allow":["GET"]}}],"collection":[{"href":"https:\/\/www.ifun.de\/apiv2\/wp\/v2\/posts"}],"about":[{"href":"https:\/\/www.ifun.de\/apiv2\/wp\/v2\/types\/post"}],"author":[{"embeddable":true,"href":"https:\/\/www.ifun.de\/apiv2\/wp\/v2\/users\/1"}],"replies":[{"embeddable":true,"href":"https:\/\/www.ifun.de\/apiv2\/wp\/v2\/comments?post=178721"}],"version-history":[{"count":1,"href":"https:\/\/www.ifun.de\/apiv2\/wp\/v2\/posts\/178721\/revisions"}],"predecessor-version":[{"id":178723,"href":"https:\/\/www.ifun.de\/apiv2\/wp\/v2\/posts\/178721\/revisions\/178723"}],"wp:featuredmedia":[{"embeddable":true,"href":"https:\/\/www.ifun.de\/apiv2\/wp\/v2\/media\/178722"}],"wp:attachment":[{"href":"https:\/\/www.ifun.de\/apiv2\/wp\/v2\/media?parent=178721"}],"wp:term":[{"taxonomy":"category","embeddable":true,"href":"https:\/\/www.ifun.de\/apiv2\/wp\/v2\/categories?post=178721"},{"taxonomy":"post_tag","embeddable":true,"href":"https:\/\/www.ifun.de\/apiv2\/wp\/v2\/tags?post=178721"}],"curies":[{"name":"wp","href":"https:\/\/api.w.org\/{rel}","templated":true}]}}