{"id":178550,"date":"2021-11-18T19:31:12","date_gmt":"2021-11-18T18:31:12","guid":{"rendered":"https:\/\/www.ifun.de\/?p=178550"},"modified":"2021-11-18T19:31:12","modified_gmt":"2021-11-18T18:31:12","slug":"apple-macht-werbung-shareplay-kommt-spaeter-im-herbst-auf-den-mac","status":"publish","type":"post","link":"https:\/\/www.ifun.de\/apple-macht-werbung-shareplay-kommt-spaeter-im-herbst-auf-den-mac-178550\/","title":{"rendered":"Apple macht Werbung: SharePlay kommt &#8222;sp\u00e4ter im Herbst&#8220; auf den Mac"},"content":{"rendered":"<p>Gute Nachrichten f\u00fcr Mac-Nutzer, die auf die Bereitstellung von Apples SharePlay unter macOS warten. Apple hat weiterhin vor, die Funktionserweiterung noch in diesem Jahr freizugeben.<\/p>\n<p>In einer neuen <a href=\"https:\/\/www.apple.com\/de\/newsroom\/2021\/11\/shareplay-powers-new-ways-to-stay-connected-and-share-experiences-in-facetime\/\">Pressemitteilung zum Thema<\/a> findet sich der Hinweis, dass die mit iOS 15.1, iPadOS 15.1 und tvOS 15.1 f\u00fcr iPhone, iPad und Apple TV ver\u00f6ffentlichte Funktion \u201esp\u00e4ter im Herbst\u201c auch f\u00fcr den Mac erscheinen soll.<\/p>\n<p><a href=\"https:\/\/images.ifun.de\/wp-content\/uploads\/2021\/08\/shareplay.jpg\"><img loading=\"lazy\" decoding=\"async\" src=\"https:\/\/images.ifun.de\/wp-content\/uploads\/2021\/08\/shareplay-500x317.jpg\" alt=\"Shareplay\" width=\"500\" height=\"317\" class=\"alignnone size-medium wp-image-174289\" srcset=\"https:\/\/images.ifun.de\/wp-content\/uploads\/2021\/08\/shareplay-500x317.jpg 500w, https:\/\/images.ifun.de\/wp-content\/uploads\/2021\/08\/shareplay-700x444.jpg 700w, https:\/\/images.ifun.de\/wp-content\/uploads\/2021\/08\/shareplay-768x488.jpg 768w, https:\/\/images.ifun.de\/wp-content\/uploads\/2021\/08\/shareplay-1536x975.jpg 1536w, https:\/\/images.ifun.de\/wp-content\/uploads\/2021\/08\/shareplay.jpg 1846w\" sizes=\"auto, (max-width: 500px) 100vw, 500px\" \/><\/a><\/p>\n<h2>Eigentlich f\u00fcr macOS Monterey 12.0 geplant<\/h2>\n<p>Apple best\u00e4tigt damit, was sich bei den <a href=\"https:\/\/www.ifun.de\/shareplay-macos-12-1-bringt-gruppen-streaming-mit-177581\/\">Beta-Tests von macOS Monterey 12.1<\/a> bereits abgezeichnet hat. Die Option zum gemeinsamen Medienkonsum kommt zwar versp\u00e4tet, aber sie kommt noch auf den Mac. Urspr\u00fcnglich war die Integration von SharePlay direkt in macOS Monterey geplant. Im August hat Apple dann <a href=\"https:\/\/www.ifun.de\/ipados-15-und-ios-15-shareplay-wird-verschoben-174285\/\">mitgeteilt<\/a>, dass SharePlay nicht mit der ersten Version von macOS Monterey auf den Mac kommt, sondern versp\u00e4tet nachgeliefert wird.<\/p>\n<p>Apple beschreibt SharePlay als eine \u201eVielzahl leistungsstarker Funktionen f\u00fcr gemeinsame Erlebnisse w\u00e4hrend eines FaceTime-Anrufs\u201c. Anwender haben damit beispielsweise die M\u00f6glichkeit, die Inhalte von Apple TV+, Apple Music, Apple Fitness+ oder diverser Apps von Drittanbietern im Rahmen von FaceTime-Telefonaten mit anderen Nutzern zu teilen. Gerade Optionen wie das gemeinsame Ansehen von Videos k\u00f6nnen nat\u00fcrlich besonders von einem gr\u00f6\u00dferen Bildschirm profitieren. Neben Apple TV d\u00fcrfte letztendlich auch der Mac hier eine willkommene Plattform darstellen.<\/p>\n<p>Die sogenannten SharePlay-Sessions werden aus einem FaceTime-Telefonat heraus aktiviert, dabei k\u00f6nnen neben Einzel- auch Gruppengespr\u00e4che die Basis bilden. Den Beteiligten steht dabei eine gemeinsame Wiedergabesteuerung zur Verf\u00fcgung, sodass jeder Teilnehmer die Medieninhalte abspielen, pausieren oder darin vorw\u00e4rts springen kann.<\/p>\n<p>Noch ist v\u00f6llig offen, wann Apple macOS Monterey 12.1 tats\u00e4chlich freigeben wird. Zu Beginn dieser Woche hat Apple die dritte Testversion des kommenden Updates freigegeben.<img loading=\"lazy\" decoding=\"async\" src=\"https:\/\/vg07.met.vgwort.de\/na\/2a4619acfb734c389af618ccf9ae9540\" width=\"1\" height=\"1\" no-lazy class=\"tracking\"> <\/p>\n","protected":false},"excerpt":{"rendered":"<a href=\"https:\/\/www.ifun.de\/apple-macht-werbung-shareplay-kommt-spaeter-im-herbst-auf-den-mac-178550\/\"><img decoding=\"async\" width=\"150\" src=\"https:\/\/images.ifun.de\/wp-content\/uploads\/2021\/08\/shareplay-500x317.jpg\" class=\"alignright wp-post-image tfe\" alt=\"Shareplay\" title=\"\" \/><\/a><p>Gute Nachrichten f\u00fcr Mac-Nutzer, die auf die Bereitstellung von Apples SharePlay unter macOS warten. Apple hat weiterhin vor, die Funktionserweiterung noch in diesem Jahr freizugeben. In einer neuen Pressemitteilung zum Thema findet sich der Hinweis, dass die mit iOS 15.1, iPadOS 15.1 und tvOS 15.1 f\u00fcr iPhone, iPad und Apple TV ver\u00f6ffentlichte Funktion \u201esp\u00e4ter im [&hellip;]<\/p>\n","protected":false},"author":2,"featured_media":0,"comment_status":"open","ping_status":"closed","sticky":false,"template":"","format":"standard","meta":{"_acf_changed":false,"footnotes":""},"categories":[16],"tags":[202,5414,5491],"class_list":["post-178550","post","type-post","status-publish","format-standard","hentry","category-mac","tag-facetime","tag-macos-monterey","tag-shareplay"],"acf":[],"aioseo_notices":[],"subheadline":["Wohl mit macOS 12.1"],"featured_image":["https:\/\/images.ifun.de\/wp-content\/uploads\/2021\/08\/shareplay-feature.jpg"],"rest_api_enabler":{"subheadline":"Wohl mit macOS 12.1","featured_image":"https:\/\/images.ifun.de\/wp-content\/uploads\/2021\/08\/shareplay-feature.jpg"},"_links":{"self":[{"href":"https:\/\/www.ifun.de\/apiv2\/wp\/v2\/posts\/178550","targetHints":{"allow":["GET"]}}],"collection":[{"href":"https:\/\/www.ifun.de\/apiv2\/wp\/v2\/posts"}],"about":[{"href":"https:\/\/www.ifun.de\/apiv2\/wp\/v2\/types\/post"}],"author":[{"embeddable":true,"href":"https:\/\/www.ifun.de\/apiv2\/wp\/v2\/users\/2"}],"replies":[{"embeddable":true,"href":"https:\/\/www.ifun.de\/apiv2\/wp\/v2\/comments?post=178550"}],"version-history":[{"count":4,"href":"https:\/\/www.ifun.de\/apiv2\/wp\/v2\/posts\/178550\/revisions"}],"predecessor-version":[{"id":178554,"href":"https:\/\/www.ifun.de\/apiv2\/wp\/v2\/posts\/178550\/revisions\/178554"}],"wp:attachment":[{"href":"https:\/\/www.ifun.de\/apiv2\/wp\/v2\/media?parent=178550"}],"wp:term":[{"taxonomy":"category","embeddable":true,"href":"https:\/\/www.ifun.de\/apiv2\/wp\/v2\/categories?post=178550"},{"taxonomy":"post_tag","embeddable":true,"href":"https:\/\/www.ifun.de\/apiv2\/wp\/v2\/tags?post=178550"}],"curies":[{"name":"wp","href":"https:\/\/api.w.org\/{rel}","templated":true}]}}