{"id":178413,"date":"2021-11-16T17:55:48","date_gmt":"2021-11-16T16:55:48","guid":{"rendered":"https:\/\/www.ifun.de\/?p=178413"},"modified":"2021-11-16T17:56:32","modified_gmt":"2021-11-16T16:56:32","slug":"apples-home-services-chef-verlaesst-das-unternehmen","status":"publish","type":"post","link":"https:\/\/www.ifun.de\/apples-home-services-chef-verlaesst-das-unternehmen-178413\/","title":{"rendered":"Apples &#8222;Home Services&#8220;-Chef verl\u00e4sst das Unternehmen"},"content":{"rendered":"<p>Als Apple mit Sam Jadallah einen langj\u00e4hrigen Microsoft-Mitarbeiter und Gr\u00fcnder einer Smartlock-Firma als Verantwortlichen f\u00fcr seine HomeKit-Abteilung eingestellt hat, wurde dies als Zeichen daf\u00fcr gewertet, dass das Unternehmen seine Anstrengungen im Smarthome-Bereich intensivieren will. Nur zweieinhalb Jahre sp\u00e4ter steht hier die n\u00e4chste Personal-Rochade auf dem Plan. Jadallah hat seine Abschied von Apple bekannt gegeben, wer seine Nachfolge \u00fcbernimmt, ist derzeit noch offen.<\/p>\n<p><div class=\"responsive-video\"><iframe loading=\"lazy\" src=\"https:\/\/www.linkedin.com\/embed\/feed\/update\/urn:li:share:6865357447029153792\" height=\"679\" width=\"504\" frameborder=\"0\" allowfullscreen=\"\" title=\"Embedded post\"><\/iframe><\/div><\/p>\n<p>Jadallah <a href=\"https:\/\/www.linkedin.com\/feed\/update\/urn:li:activity:6865357447436013568\/\">informiert<\/a> auf dem Businessportal LinkedIn \u00fcber das Ende seiner T\u00e4tigkeit bei Apple. Die Stellungnahme l\u00e4sst keine R\u00fcckschl\u00fcsse \u00fcber die Gr\u00fcnde f\u00fcr seinen Abschied zu. Unterm Strich scheint sich die nicht immer klare Linie bei Apples HomeKit-Strategie auch bei der Besetzung der verantwortlichen Bereiche zu zeigen.<\/p>\n<p>Seit Jahren muss sich Apple den Vorw\u00fcrfen stellen, sein Engagement im Smarthome-Bereich nicht mit dem n\u00f6tigen Nachdruck voranzutreiben. Damit verbunden deuten teils drastische Kurswechsel immer wieder auf eine spontane Neuausrichtung hin. Angefangen bei der anf\u00e4nglich strikten und im Rahmen der Suche nach neuen Partnern aufgeweichten Lizenzpolitik bis hin zur \u00fcberraschenden Abk\u00fcndigung des HomePod.<\/p>\n<p>Letzte Ger\u00fcchte sehen Apple an einem neuen Smarthome-Ger\u00e4t arbeiten, das HomePod mit Apple TV und einem Bildschirm als neue Siri-Zentrale f\u00fcr die Haussteuerung verkn\u00fcpfen soll. Warten wir ab, inwieweit sich dergleichen bewahrheitet. Vielleicht l\u00e4sst die Nachfolge Jadallahs ja weitere Schl\u00fcsse auf Apples Pl\u00e4ne in diesem Bereich zu.<\/p>\n<p><h8>Via <a href=\"https:\/\/www.macrumors.com\/2021\/11\/15\/apple-home-services-head-departs-company\/\">MacRumors<\/a><\/h8><\/p>\n","protected":false},"excerpt":{"rendered":"<p>Als Apple mit Sam Jadallah einen langj\u00e4hrigen Microsoft-Mitarbeiter und Gr\u00fcnder einer Smartlock-Firma als Verantwortlichen f\u00fcr seine HomeKit-Abteilung eingestellt hat, wurde dies als Zeichen daf\u00fcr gewertet, dass das Unternehmen seine Anstrengungen im Smarthome-Bereich intensivieren will. Nur zweieinhalb Jahre sp\u00e4ter steht hier die n\u00e4chste Personal-Rochade auf dem Plan. Jadallah hat seine Abschied von Apple bekannt gegeben, wer [&hellip;]<\/p>\n","protected":false},"author":2,"featured_media":0,"comment_status":"open","ping_status":"closed","sticky":false,"template":"","format":"standard","meta":{"_acf_changed":false,"footnotes":""},"categories":[1],"tags":[2367],"class_list":["post-178413","post","type-post","status-publish","format-standard","hentry","category-news","tag-homekit"],"acf":[],"aioseo_notices":[],"subheadline":["Nach nur zweieinhalb Jahren","Nach nur zweieinhalb Jahren"],"featured_image":["https:\/\/images.ifun.de\/wp-content\/uploads\/2017\/03\/homekit-feature.jpg"],"rest_api_enabler":{"subheadline":["Nach nur zweieinhalb Jahren","Nach nur zweieinhalb Jahren"],"featured_image":"https:\/\/images.ifun.de\/wp-content\/uploads\/2017\/03\/homekit-feature.jpg"},"_links":{"self":[{"href":"https:\/\/www.ifun.de\/apiv2\/wp\/v2\/posts\/178413","targetHints":{"allow":["GET"]}}],"collection":[{"href":"https:\/\/www.ifun.de\/apiv2\/wp\/v2\/posts"}],"about":[{"href":"https:\/\/www.ifun.de\/apiv2\/wp\/v2\/types\/post"}],"author":[{"embeddable":true,"href":"https:\/\/www.ifun.de\/apiv2\/wp\/v2\/users\/2"}],"replies":[{"embeddable":true,"href":"https:\/\/www.ifun.de\/apiv2\/wp\/v2\/comments?post=178413"}],"version-history":[{"count":2,"href":"https:\/\/www.ifun.de\/apiv2\/wp\/v2\/posts\/178413\/revisions"}],"predecessor-version":[{"id":178415,"href":"https:\/\/www.ifun.de\/apiv2\/wp\/v2\/posts\/178413\/revisions\/178415"}],"wp:attachment":[{"href":"https:\/\/www.ifun.de\/apiv2\/wp\/v2\/media?parent=178413"}],"wp:term":[{"taxonomy":"category","embeddable":true,"href":"https:\/\/www.ifun.de\/apiv2\/wp\/v2\/categories?post=178413"},{"taxonomy":"post_tag","embeddable":true,"href":"https:\/\/www.ifun.de\/apiv2\/wp\/v2\/tags?post=178413"}],"curies":[{"name":"wp","href":"https:\/\/api.w.org\/{rel}","templated":true}]}}