{"id":17816,"date":"2011-10-21T11:26:48","date_gmt":"2011-10-21T09:26:48","guid":{"rendered":"http:\/\/www.ifun.de\/?p=17816"},"modified":"2011-10-21T11:27:13","modified_gmt":"2011-10-21T09:27:13","slug":"apple-store-berlin-kudamm","status":"publish","type":"post","link":"https:\/\/www.ifun.de\/apple-store-berlin-kudamm-17816\/","title":{"rendered":"Apple Store am Ku&#8217;damm Berlin: Baurechtliche Genehmigungen angeblich erteilt &#8211; Stadt Berlin k\u00fcndigt Apple als Mieter an"},"content":{"rendered":"<p>Die ehemalige <a href=\"http:\/\/www.berlin.de\/ba-charlottenburg-wilmersdorf\/bezirk\/lexikon\/filmbuehne_wien.html\">Filmb\u00fchne Wien<\/a> am Berliner Kurf\u00fcrstendamm ist bereits <a href=\"http:\/\/www.ifun.de\/apple-store-berlin-noch-in-diesem-jahr-direkt-am-kurfurstendamm-8633\/\">seit Januar<\/a> als favorisierter Standort f\u00fcr den ersten Apple Store in der Hauptstadt im Gespr\u00e4ch. Viel getan hat sich \u00fcber all die Monate hinweg nach au\u00dfen hin jedoch nicht, lediglich die Schaufenster wurden zwischenzeitlich mit schwarzer Folie verklebt.<\/p>\n<p><img loading=\"lazy\" decoding=\"async\" src=\"http:\/\/images.ifun.de\/wp-content\/uploads\/2011\/10\/berlin.jpg\" alt=\"\" title=\"berlin\" width=\"464\" height=\"278\" class=\"alignnone size-full wp-image-17820\" srcset=\"https:\/\/images.ifun.de\/wp-content\/uploads\/2011\/10\/berlin.jpg 464w, https:\/\/images.ifun.de\/wp-content\/uploads\/2011\/10\/berlin-300x179.jpg 300w\" sizes=\"auto, (max-width: 464px) 100vw, 464px\" \/><\/p>\n<p>M\u00f6glicherweise haben ja fehlende Genehmigungen das Bauvorhaben verz\u00f6gert. Das Geb\u00e4ude steht n\u00e4mlich unter Denkmalschutz, dementsprechend m\u00fcssten Umbauarbeiten im Inneren wie im \u00c4u\u00dferen einem gesonderten Genehmigungsverfahren unterzogen werden. Laut Zeitungsberichten (Danke Leo) hat das zust\u00e4ndige Bauamt diese Genehmigungen nun erteilt und den Vorbereitungen f\u00fcr die Er\u00f6ffnung des dann wohl gr\u00f6\u00dften deutschen Apple Stores steht nichts mehr im Wege.<\/p>\n<p><!--more-->Das eindrucksvolle Geb\u00e4ude verf\u00fcgt unter anderem \u00fcber einen gro\u00dfen Kinosaal, bereits letztes Jahr konnten wir einen Mitarbeiter von Apple Europa hinsichtlich des Berliner Stores mit der Aussage &#8222;Besonders in Berlin werden sie ausflippen&#8220; <a href=\"http:\/\/www.ifun.de\/apple-store-hamburg-foto-und-geruchte-6897\/\">zitieren<\/a>.<\/p>\n<p>Offiziell gibt es von Apple wie gewohnt keinerlei Aussagen, geschweige denn eine Best\u00e4tigung f\u00fcr den Standort. Allerdings ist sich die Stadt Berlin selbst inzwischen so sicher darin, dass sie die Anstehende Er\u00f6ffnung bereits auf ihrer Internetseite <a href=\"http:\/\/www.berlin.de\/ba-charlottenburg-wilmersdorf\/bezirk\/lexikon\/filmbuehne_wien.html\">kommuniziert<\/a>.<\/p>\n","protected":false},"excerpt":{"rendered":"<a href=\"https:\/\/www.ifun.de\/apple-store-berlin-kudamm-17816\/\"><img width=\"150\" height=\"150\" src=\"https:\/\/images.ifun.de\/wp-content\/uploads\/2011\/10\/berlin-150x150.jpg\" class=\"alignright tfe wp-post-image\" alt=\"\" decoding=\"async\" loading=\"lazy\" \/><\/a><p>Die ehemalige Filmb\u00fchne Wien am Berliner Kurf\u00fcrstendamm ist bereits seit Januar als favorisierter Standort f\u00fcr den ersten Apple Store in der Hauptstadt im Gespr\u00e4ch. Viel getan hat sich \u00fcber all die Monate hinweg nach au\u00dfen hin jedoch nicht, lediglich die Schaufenster wurden zwischenzeitlich mit schwarzer Folie verklebt. M\u00f6glicherweise haben ja fehlende Genehmigungen das Bauvorhaben verz\u00f6gert. [&hellip;]<\/p>\n","protected":false},"author":2,"featured_media":17820,"comment_status":"open","ping_status":"closed","sticky":false,"template":"","format":"standard","meta":{"_acf_changed":false,"footnotes":""},"categories":[3],"tags":[4736,49,708],"class_list":["post-17816","post","type-post","status-publish","format-standard","has-post-thumbnail","hentry","category-apple","tag-apple","tag-apple-store","tag-berlin-kurfurstendamm"],"acf":[],"aioseo_notices":[],"rest_api_enabler":[],"_links":{"self":[{"href":"https:\/\/www.ifun.de\/apiv2\/wp\/v2\/posts\/17816","targetHints":{"allow":["GET"]}}],"collection":[{"href":"https:\/\/www.ifun.de\/apiv2\/wp\/v2\/posts"}],"about":[{"href":"https:\/\/www.ifun.de\/apiv2\/wp\/v2\/types\/post"}],"author":[{"embeddable":true,"href":"https:\/\/www.ifun.de\/apiv2\/wp\/v2\/users\/2"}],"replies":[{"embeddable":true,"href":"https:\/\/www.ifun.de\/apiv2\/wp\/v2\/comments?post=17816"}],"version-history":[{"count":7,"href":"https:\/\/www.ifun.de\/apiv2\/wp\/v2\/posts\/17816\/revisions"}],"predecessor-version":[{"id":17824,"href":"https:\/\/www.ifun.de\/apiv2\/wp\/v2\/posts\/17816\/revisions\/17824"}],"wp:featuredmedia":[{"embeddable":true,"href":"https:\/\/www.ifun.de\/apiv2\/wp\/v2\/media\/17820"}],"wp:attachment":[{"href":"https:\/\/www.ifun.de\/apiv2\/wp\/v2\/media?parent=17816"}],"wp:term":[{"taxonomy":"category","embeddable":true,"href":"https:\/\/www.ifun.de\/apiv2\/wp\/v2\/categories?post=17816"},{"taxonomy":"post_tag","embeddable":true,"href":"https:\/\/www.ifun.de\/apiv2\/wp\/v2\/tags?post=17816"}],"curies":[{"name":"wp","href":"https:\/\/api.w.org\/{rel}","templated":true}]}}