{"id":177557,"date":"2021-10-28T20:40:10","date_gmt":"2021-10-28T18:40:10","guid":{"rendered":"https:\/\/www.ifun.de\/?p=177557"},"modified":"2021-11-01T18:47:37","modified_gmt":"2021-11-01T17:47:37","slug":"neuer-name-facebook-wird-zu-meta","status":"publish","type":"post","link":"https:\/\/www.ifun.de\/neuer-name-facebook-wird-zu-meta-177557\/","title":{"rendered":"Neuer Name: Facebook wird zu &#8222;Meta&#8220;"},"content":{"rendered":"<p>Im Rahmen der &#8222;Connect 2021&#8220;-Konferenz hat Facebooks Mark Zuckerberg heute offiziell gemacht, was sich schon vor einigen Tagen andeutete und den inzwischen vor allem Negativ belegten Firmennamen \u00fcber Bord geworfen. Aus Facebook, dem Unternehmen, <a href=\"https:\/\/about.facebook.com\/meta\/\">ist Meta geworden<\/a>. Das soziale Netzwerk wird seinen angestammten Namen hingegen weiter beibehalten.<\/p>\n<p><a href=\"https:\/\/images.ifun.de\/wp-content\/uploads\/2021\/10\/facebook-meta-gif.gif\"><img loading=\"lazy\" decoding=\"async\" src=\"https:\/\/images.ifun.de\/wp-content\/uploads\/2021\/10\/facebook-meta-gif.gif\" alt=\"Facebook Meta Gif\" width=\"500\" height=\"281\" class=\"aligncenter size-full wp-image-177568\" \/><\/a><\/p>\n<p>\u00c4hnlich wie Googles Alphabet ist Meta nun die Unternehmensmutter, die \u00fcber die Geschicke ihrer unterschiedlichen Produkte wachen wird. <\/p>\n<p>Dazu z\u00e4hlt neben dem Kurznachrichtendienst WhatsApp, das Foto-Netzwerk Instagram, der Facebook Messenger (fortan ebenfalls ohne Facebook im Namen), die AR-Brille Oculus und eben das soziale Netzwerk, das seit den Cambridge Analytica-Enth\u00fcllungen auf keinen gr\u00fcnen Ast mehr zu kommen scheint und kommunikativ inzwischen vor allem defensiv aufgestellt ist. Tut uns leid. Das wollten wir so nicht. Das machen wir in Zukunft besser.<\/p>\n<p><a href=\"https:\/\/images.ifun.de\/wp-content\/uploads\/2021\/10\/facebook-meta.jpg\"><img loading=\"lazy\" decoding=\"async\" src=\"https:\/\/images.ifun.de\/wp-content\/uploads\/2021\/10\/facebook-meta-700x395.jpg\" alt=\"Facebook Meta\" width=\"700\" height=\"395\" class=\"aligncenter size-large wp-image-177559\" srcset=\"https:\/\/images.ifun.de\/wp-content\/uploads\/2021\/10\/facebook-meta-700x395.jpg 700w, https:\/\/images.ifun.de\/wp-content\/uploads\/2021\/10\/facebook-meta-500x282.jpg 500w, https:\/\/images.ifun.de\/wp-content\/uploads\/2021\/10\/facebook-meta-768x434.jpg 768w, https:\/\/images.ifun.de\/wp-content\/uploads\/2021\/10\/facebook-meta.jpg 1045w\" sizes=\"auto, (max-width: 700px) 100vw, 700px\" \/><\/a><\/p>\n<h2>In Anspielung auf das &#8222;Metaverse&#8220;<\/h2>\n<p>Die neue Unternehmensbezeichnung Meta spielt zudem auf das von Mark Zuckerberg immer wieder beschworene &#8222;Metaverse&#8220; an, <a href=\"https:\/\/tech.fb.com\/connect-2021-our-vision-for-the-metaverse\/\">die Zukunftsvision dessen<\/a>, was nach Vorstellungen des Facebook-Chefs das Internet langfristig beerben und durch virtuelle Welten ersetzen wird.<\/p>\n<p>Und um das Metaverse ging es auch w\u00e4hrend der Keynote, der &#8222;Connect 2021&#8220;-Veranstaltung, die vor wenigen Minuten geendet hat und sich im eingebetteten Video nachschauen l\u00e4sst. <\/p>\n<p><a href=\"https:\/\/images.ifun.de\/wp-content\/uploads\/2021\/10\/meta-marken.jpg\"><img loading=\"lazy\" decoding=\"async\" src=\"https:\/\/images.ifun.de\/wp-content\/uploads\/2021\/10\/meta-marken-700x256.jpg\" alt=\"Meta Marken\" width=\"700\" height=\"256\" class=\"aligncenter size-large wp-image-177560\" srcset=\"https:\/\/images.ifun.de\/wp-content\/uploads\/2021\/10\/meta-marken-700x256.jpg 700w, https:\/\/images.ifun.de\/wp-content\/uploads\/2021\/10\/meta-marken-500x183.jpg 500w, https:\/\/images.ifun.de\/wp-content\/uploads\/2021\/10\/meta-marken-768x281.jpg 768w, https:\/\/images.ifun.de\/wp-content\/uploads\/2021\/10\/meta-marken.jpg 1121w\" sizes=\"auto, (max-width: 700px) 100vw, 700px\" \/><\/a><\/p>\n<h6>Das Produkt-Portfolio bleibt unver\u00e4ndert<\/h6>\n<p>Unklar bleibt welche konkreten \u00c4nderungen der neue Name mit sich bringen wird. Aktuell scheint das frische Branding und die Umstrukturierung des Mega-Konzerns vor allem den Abstand zwischen der Chefetage und den problematischeren Unternehmenszweigen zu vergr\u00f6\u00dfern, was vielleicht nicht ausschlaggebend f\u00fcr das Re-Branding war, f\u00fcr Zuckerberg aber doch ein willkommener Nebeneffekt sein d\u00fcrfte. <\/p>\n<p><div class=\"responsive-video\"><iframe loading=\"lazy\" width=\"700\" height=\"371\" src=\"https:\/\/www.youtube-nocookie.com\/embed\/0294iXEPO4Y\" frameborder=\"0\" allowfullscreen><\/iframe><\/div><\/p>\n<p><img loading=\"lazy\" decoding=\"async\" src=\"https:\/\/vg07.met.vgwort.de\/na\/7e2346223eed428c9a1da0d97b337fcf\" width=\"1\" height=\"1\" no-lazy class=\"tracking\"><\/p>\n","protected":false},"excerpt":{"rendered":"<a href=\"https:\/\/www.ifun.de\/neuer-name-facebook-wird-zu-meta-177557\/\"><img width=\"150\" height=\"150\" src=\"https:\/\/images.ifun.de\/wp-content\/uploads\/2021\/10\/meta-marken-150x150.jpg\" class=\"alignright tfe wp-post-image\" alt=\"Meta Marken\" decoding=\"async\" loading=\"lazy\" \/><\/a><p>Im Rahmen der &#8222;Connect 2021&#8220;-Konferenz hat Facebooks Mark Zuckerberg heute offiziell gemacht, was sich schon vor einigen Tagen andeutete und den inzwischen vor allem Negativ belegten Firmennamen \u00fcber Bord geworfen. Aus Facebook, dem Unternehmen, ist Meta geworden. Das soziale Netzwerk wird seinen angestammten Namen hingegen weiter beibehalten. \u00c4hnlich wie Googles Alphabet ist Meta nun die [&hellip;]<\/p>\n","protected":false},"author":1,"featured_media":177560,"comment_status":"open","ping_status":"closed","sticky":false,"template":"","format":"standard","meta":{"_acf_changed":false,"footnotes":""},"categories":[1,1783],"tags":[234,5590],"class_list":["post-177557","post","type-post","status-publish","format-standard","has-post-thumbnail","hentry","category-news","category-feature","tag-facebook","tag-meta"],"acf":[],"aioseo_notices":[],"featured_image":["https:\/\/images.ifun.de\/wp-content\/uploads\/2021\/10\/facebook-meta-feature-brand.jpg"],"subheadline":["In Anspielung auf das \"Metaverse\""],"rest_api_enabler":{"featured_image":"https:\/\/images.ifun.de\/wp-content\/uploads\/2021\/10\/facebook-meta-feature-brand.jpg","subheadline":"In Anspielung auf das \"Metaverse\""},"_links":{"self":[{"href":"https:\/\/www.ifun.de\/apiv2\/wp\/v2\/posts\/177557","targetHints":{"allow":["GET"]}}],"collection":[{"href":"https:\/\/www.ifun.de\/apiv2\/wp\/v2\/posts"}],"about":[{"href":"https:\/\/www.ifun.de\/apiv2\/wp\/v2\/types\/post"}],"author":[{"embeddable":true,"href":"https:\/\/www.ifun.de\/apiv2\/wp\/v2\/users\/1"}],"replies":[{"embeddable":true,"href":"https:\/\/www.ifun.de\/apiv2\/wp\/v2\/comments?post=177557"}],"version-history":[{"count":10,"href":"https:\/\/www.ifun.de\/apiv2\/wp\/v2\/posts\/177557\/revisions"}],"predecessor-version":[{"id":177571,"href":"https:\/\/www.ifun.de\/apiv2\/wp\/v2\/posts\/177557\/revisions\/177571"}],"wp:featuredmedia":[{"embeddable":true,"href":"https:\/\/www.ifun.de\/apiv2\/wp\/v2\/media\/177560"}],"wp:attachment":[{"href":"https:\/\/www.ifun.de\/apiv2\/wp\/v2\/media?parent=177557"}],"wp:term":[{"taxonomy":"category","embeddable":true,"href":"https:\/\/www.ifun.de\/apiv2\/wp\/v2\/categories?post=177557"},{"taxonomy":"post_tag","embeddable":true,"href":"https:\/\/www.ifun.de\/apiv2\/wp\/v2\/tags?post=177557"}],"curies":[{"name":"wp","href":"https:\/\/api.w.org\/{rel}","templated":true}]}}