{"id":177511,"date":"2021-10-28T07:57:16","date_gmt":"2021-10-28T05:57:16","guid":{"rendered":"https:\/\/www.ifun.de\/?p=177511"},"modified":"2021-11-01T18:46:59","modified_gmt":"2021-11-01T17:46:59","slug":"macos-monterey-einstellung-schiebt-menueleiste-bei-bedarf-unter-die-notch","status":"publish","type":"post","link":"https:\/\/www.ifun.de\/macos-monterey-einstellung-schiebt-menueleiste-bei-bedarf-unter-die-notch-177511\/","title":{"rendered":"macOS Monterey: Einstellung schiebt Men\u00fcleiste bei Bedarf unter die Notch"},"content":{"rendered":"<p>\u00dcberraschend schnell hat Apple auf die <a href=\"https:\/\/www.ifun.de\/video-die-notch-des-macbook-pro-irritiert-manche-apps-noch-177508\/\">Berichte<\/a> reagiert, dass bei nicht f\u00fcr die neue Bildschirmdarstellung optimierten Mac-Anwendungen mit vielen Eintr\u00e4gen in der Men\u00fcleiste, einzelne Elemente hinter der \u201eNotch\u201c verschwinden k\u00f6nnen. Abhilfe soll eine Einstellung namens \u201eGr\u00f6\u00dfe an Sitz unter der integrierten Kamera anpassen\u201c.<\/p>\n<blockquote class=\"twitter-tweet\">\n<p lang=\"en\" dir=\"ltr\">Good news for notch haters! If you&#39;ve got an app (or apps) with menus that collide with the notch, just Get Info on the app, and enable &quot;Scale to fit below built-in camera&quot;. <\/p>\n<p>While the app is running (even in the bg), your display is scaled.<a href=\"https:\/\/twitter.com\/hashtag\/Apple?src=hash&amp;ref_src=twsrc%5Etfw\">#Apple<\/a> <a href=\"https:\/\/twitter.com\/hashtag\/M1Pro?src=hash&amp;ref_src=twsrc%5Etfw\">#M1Pro<\/a> <a href=\"https:\/\/twitter.com\/hashtag\/M1Max?src=hash&amp;ref_src=twsrc%5Etfw\">#M1Max<\/a> <a href=\"https:\/\/twitter.com\/hashtag\/MacBookPro2021?src=hash&amp;ref_src=twsrc%5Etfw\">#MacBookPro2021<\/a> <a href=\"https:\/\/t.co\/nlGqkFkXAH\">pic.twitter.com\/nlGqkFkXAH<\/a><\/p>\n<p>&mdash; Joseph from Sketch (@Jatodaro) <a href=\"https:\/\/twitter.com\/Jatodaro\/status\/1453382287328874497?ref_src=twsrc%5Etfw\">October 27, 2021<\/a><\/p><\/blockquote>\n<p> <script async src=\"https:\/\/platform.twitter.com\/widgets.js\" charset=\"utf-8\"><\/script><\/p>\n<p>Apple beschreibt die Vorgehensweise in einem neu ver\u00f6ffentlichten Support-Dokument mit dem Titel \u201e<a href=\"https:\/\/support.apple.com\/de-de\/HT212842\">Einstellungen einer App so anpassen, dass sie auf dem MacBook Pro 14&quot; oder 16&quot; unterhalb des Kamerabereichs angezeigt werden<\/a>\u201c. Hier wird auf eine nicht auf den ersten Blick ersichtliche Option hingewiesen, die sich im Infofenster der einzelnen Mac-Apps versteckt.<\/p>\n<p>Wenn die Men\u00fcleiste einer App zu lang ist, um vollst\u00e4ndig links neben der Kamera angezeigt zu werden, kann man wie folgt Abhilfe schaffen. Mit dem Tastenk\u00fcrzel Befehl-i oder dem Men\u00fcleistenbefehl \u201eAblage -&gt; Informationen\u201c k\u00f6nnt ihr, wenn die entsprechende App im Finder ausgew\u00e4hlt ist, das oben abgebildete Infofenster zum Programm \u00f6ffnen. Im Bereich \u201eAllgemein\u201c findet sich dort nun die oben erw\u00e4hnte Option.<\/p>\n<p><a href=\"https:\/\/images.ifun.de\/wp-content\/uploads\/2021\/10\/numbers-info-fenster.jpg\"><img loading=\"lazy\" decoding=\"async\" src=\"https:\/\/images.ifun.de\/wp-content\/uploads\/2021\/10\/numbers-info-fenster.jpg\" alt=\"Numbers Info Fenster\" width=\"700\" height=\"850\" class=\"alignnone size-full wp-image-177519\" srcset=\"https:\/\/images.ifun.de\/wp-content\/uploads\/2021\/10\/numbers-info-fenster.jpg 978w, https:\/\/images.ifun.de\/wp-content\/uploads\/2021\/10\/numbers-info-fenster-412x500.jpg 412w, https:\/\/images.ifun.de\/wp-content\/uploads\/2021\/10\/numbers-info-fenster-576x700.jpg 576w, https:\/\/images.ifun.de\/wp-content\/uploads\/2021\/10\/numbers-info-fenster-768x933.jpg 768w\" sizes=\"auto, (max-width: 700px) 100vw, 700px\" \/><\/a><\/p>\n<p>Sobald ihr einen Haken bei \u201eGr\u00f6\u00dfe an Sitz unter der integrierten Kamera anpassen\u201c gemacht habt, wird der Bereich der Men\u00fcleiste jedesmal, wenn die entsprechende Anwendung ge\u00f6ffnet ist, schwarz eingef\u00e4rbt und die eigentliche Men\u00fcleiste unter die Kameraussparung geschoben. Genau genommen wird die Darstellung der App entsprechend skaliert und die angezeigte Bildschirmfl\u00e4che damit verbunden entsprechend reduziert &#8211; daf\u00fcr kann dann aber die Men\u00fcleiste wieder &#8222;wie fr\u00fcher&#8220; ohne die Unterbrechung durch die Notch die volle Breite des Bildschirms einnehmen.<\/p>\n<h2>Einstellung gilt f\u00fcr alle Apps in einem Space<\/h2>\n<p>Die Anpassung ist \u00fcbrigens dauerhaft und bleibt &#8211; wenn sie greift &#8211; so lange aktiv, wie ihr die entsprechende App ge\u00f6ffnet habt. Der schwarze Balken bleibt somit also auch erhalten, wenn die Anwendung zwar nicht mehr aktiv genutzt wird, aber noch im Hintergrund ge\u00f6ffnet ist.<\/p>\n<p>Besonders interessant ist die neue Option im Zusammenspiel mit der Verwendung von <a href=\"https:\/\/support.apple.com\/de-de\/guide\/mac-help\/mh14112\/mac\">Spaces<\/a> auf dem Mac. So k\u00f6nnte ein Space mit skalierter Bildschirmdarstellung und schwarzem \u201ePhantom-Men\u00fcbalken\u201c zuoberst neben einem anderen Space aktiv sein, in dem Apps ohne die Sonderoption die voller Bildschirmfl\u00e4che inklusive wieder sichtbarer Notch nutzen k\u00f6nnten.<\/p>\n<h2>Apple hat bereits mit macOS 12.0.1 nachgebessert<\/h2>\n<p>Apple hat dieses Verhalten betrefend bereits mit der f\u00fcr die neuen Modelle des MacBook Pro nachtr\u00e4glich bereitgestellten Softwareversion 12.0.1 wichtige Optimierungen vorgenommen. W\u00e4hrend wir den Effekt mit macOS 12.0 durch Ankreuzen der Option noch bei beliebigen Apps, darunter auch Numbers, sehen konnten, umflie\u00dfen die Men\u00fcleisteneintr\u00e4ge der Apple-App die Notch unter macOS 12.0.1 sauber. Die Option im Info-Fenster hat nun wohl tats\u00e4chlich nur noch bei wenigen Anwendungen Relevanz, die von ihren Entwicklern nicht entsprechend optimiert wurden.<img loading=\"lazy\" decoding=\"async\" src=\"https:\/\/vg06.met.vgwort.de\/na\/2b4b23d776f6456bbd119df46ca21adb\" width=\"1\" height=\"1\" no-lazy class=\"tracking\"><\/p>\n","protected":false},"excerpt":{"rendered":"<a href=\"https:\/\/www.ifun.de\/macos-monterey-einstellung-schiebt-menueleiste-bei-bedarf-unter-die-notch-177511\/\"><img width=\"150\" height=\"150\" src=\"https:\/\/images.ifun.de\/wp-content\/uploads\/2021\/10\/numbers-info-fenster-150x150.jpg\" class=\"alignright tfe wp-post-image\" alt=\"Numbers Info Fenster\" decoding=\"async\" loading=\"lazy\" \/><\/a><p>\u00dcberraschend schnell hat Apple auf die Berichte reagiert, dass bei nicht f\u00fcr die neue Bildschirmdarstellung optimierten Mac-Anwendungen mit vielen Eintr\u00e4gen in der Men\u00fcleiste, einzelne Elemente hinter der \u201eNotch\u201c verschwinden k\u00f6nnen. Abhilfe soll eine Einstellung namens \u201eGr\u00f6\u00dfe an Sitz unter der integrierten Kamera anpassen\u201c. Good news for notch haters! If you&#39;ve got an app (or apps) [&hellip;]<\/p>\n","protected":false},"author":2,"featured_media":177519,"comment_status":"open","ping_status":"closed","sticky":false,"template":"","format":"standard","meta":{"_acf_changed":false,"footnotes":""},"categories":[16,1783],"tags":[3095,2051,5575],"class_list":["post-177511","post","type-post","status-publish","format-standard","has-post-thumbnail","hentry","category-mac","category-feature","tag-macos","tag-menueleiste","tag-notch"],"acf":[],"aioseo_notices":[],"subheadline":["Schwarzer Balken eingeblendet"],"featured_image":["https:\/\/images.ifun.de\/wp-content\/uploads\/2021\/10\/macbook-pro-2021-kamera-in-notch-feature.jpg"],"rest_api_enabler":{"subheadline":"Schwarzer Balken eingeblendet","featured_image":"https:\/\/images.ifun.de\/wp-content\/uploads\/2021\/10\/macbook-pro-2021-kamera-in-notch-feature.jpg"},"_links":{"self":[{"href":"https:\/\/www.ifun.de\/apiv2\/wp\/v2\/posts\/177511","targetHints":{"allow":["GET"]}}],"collection":[{"href":"https:\/\/www.ifun.de\/apiv2\/wp\/v2\/posts"}],"about":[{"href":"https:\/\/www.ifun.de\/apiv2\/wp\/v2\/types\/post"}],"author":[{"embeddable":true,"href":"https:\/\/www.ifun.de\/apiv2\/wp\/v2\/users\/2"}],"replies":[{"embeddable":true,"href":"https:\/\/www.ifun.de\/apiv2\/wp\/v2\/comments?post=177511"}],"version-history":[{"count":8,"href":"https:\/\/www.ifun.de\/apiv2\/wp\/v2\/posts\/177511\/revisions"}],"predecessor-version":[{"id":177520,"href":"https:\/\/www.ifun.de\/apiv2\/wp\/v2\/posts\/177511\/revisions\/177520"}],"wp:featuredmedia":[{"embeddable":true,"href":"https:\/\/www.ifun.de\/apiv2\/wp\/v2\/media\/177519"}],"wp:attachment":[{"href":"https:\/\/www.ifun.de\/apiv2\/wp\/v2\/media?parent=177511"}],"wp:term":[{"taxonomy":"category","embeddable":true,"href":"https:\/\/www.ifun.de\/apiv2\/wp\/v2\/categories?post=177511"},{"taxonomy":"post_tag","embeddable":true,"href":"https:\/\/www.ifun.de\/apiv2\/wp\/v2\/tags?post=177511"}],"curies":[{"name":"wp","href":"https:\/\/api.w.org\/{rel}","templated":true}]}}