{"id":177320,"date":"2021-10-24T13:23:50","date_gmt":"2021-10-24T11:23:50","guid":{"rendered":"https:\/\/www.ifun.de\/?p=177320"},"modified":"2021-10-24T13:27:18","modified_gmt":"2021-10-24T11:27:18","slug":"macbook-pro-2021-erste-inoffizielle-fotos-und-unboxing-videos","status":"publish","type":"post","link":"https:\/\/www.ifun.de\/macbook-pro-2021-erste-inoffizielle-fotos-und-unboxing-videos-177320\/","title":{"rendered":"MacBook Pro 2021: Erste inoffizielle Fotos und Unboxing-Videos"},"content":{"rendered":"<p>Von Dienstag an ist Apples neues MacBook Pro mit 14 und 16 Zoll Bildschirmgr\u00f6\u00dfe erh\u00e4ltlich. Zwei Tage davor gibt es zwar noch keine offiziell von Apple abgesegneten Reviews, doch sind mittlerweile verschiedenenorts Bilder und Videos aufgetaucht, auf denen etwas mehr von den Ger\u00e4ten zu sehen ist, als dies im Rahmen von Apples polierter Pr\u00e4sentation der Fall war.<\/p>\n<blockquote class=\"twitter-tweet\">\n<p lang=\"en\" dir=\"ltr\">Thick. <a href=\"https:\/\/t.co\/gZQPh6i7o2\">pic.twitter.com\/gZQPh6i7o2<\/a><\/p>\n<p>&mdash; Mark Gurman (@markgurman) <a href=\"https:\/\/twitter.com\/markgurman\/status\/1451595869317443587?ref_src=twsrc%5Etfw\">October 22, 2021<\/a><\/p><\/blockquote>\n<p> <script async src=\"https:\/\/platform.twitter.com\/widgets.js\" charset=\"utf-8\"><\/script><\/p>\n<p>Auch Apple selbst hat nochmal nachgelegt und ein Foto von Tim Cook ver\u00f6ffentlicht, das diesen vor dem neuen MacBook Pro sitzend zeigt. Das Notebook erscheint hier vergleichsweise dick, dies k\u00f6nnte allerdings durchaus mit dem neuen Formfaktor zusammenh\u00e4ngen. Das neue MacBook Pro 14 Zoll ist mit 1,55 Zentimetern sogar minimal d\u00fcnner als das alte 13-Zoll-Ger\u00e4t (1,56 Zentimeter). Mit 16 Zoll Bildschirmgr\u00f6\u00dfe wird das Notebook jedoch in der Tat h\u00f6her und misst zugeklappt 1,68 Zentimeter statt bislang 1,62 Zentimeter.<\/p>\n<p><a href=\"https:\/\/images.ifun.de\/wp-content\/uploads\/2021\/10\/macbook-pro-2021-handson.jpg\"><img loading=\"lazy\" decoding=\"async\" src=\"https:\/\/images.ifun.de\/wp-content\/uploads\/2021\/10\/macbook-pro-2021-handson-700x364.jpg\" alt=\"Macbook Pro 2021 Handson\" width=\"700\" height=\"364\" class=\"alignnone size-large wp-image-177323\" srcset=\"https:\/\/images.ifun.de\/wp-content\/uploads\/2021\/10\/macbook-pro-2021-handson-700x364.jpg 700w, https:\/\/images.ifun.de\/wp-content\/uploads\/2021\/10\/macbook-pro-2021-handson-500x260.jpg 500w, https:\/\/images.ifun.de\/wp-content\/uploads\/2021\/10\/macbook-pro-2021-handson-768x399.jpg 768w, https:\/\/images.ifun.de\/wp-content\/uploads\/2021\/10\/macbook-pro-2021-handson.jpg 1400w\" sizes=\"auto, (max-width: 700px) 100vw, 700px\" \/><\/a><\/p>\n<p>Die beiden Fotos hier hat das Apple-Blog <a href=\"https:\/\/www.macrumors.com\/2021\/10\/23\/new-hands-on-macbook-pro-16-video\/\">MacRumors<\/a> aufgest\u00f6bert. Die Detailaufnahme oben stammt aus einem mittlerweile wieder gel\u00f6schten YouTube-Video und zeigt den neuen MagSafe-Anschluss im Detail. Auf der Vergleichsaufnahme unten ist das neue MacBook Pro 14\u201c neben Apples MacBook Pro 13\u201c zu sehen, hier zeigt sich auch sehr sch\u00f6n die zus\u00e4tzliche Bildschirmfl\u00e4che inklusive der Notch an der Oberseite.<\/p>\n<p><a href=\"https:\/\/images.ifun.de\/wp-content\/uploads\/2021\/10\/macbook-pro-2021-14-zoll-vergleich-mit-13-zoll.jpg\"><img loading=\"lazy\" decoding=\"async\" src=\"https:\/\/images.ifun.de\/wp-content\/uploads\/2021\/10\/macbook-pro-2021-14-zoll-vergleich-mit-13-zoll-700x409.jpg\" alt=\"Macbook Pro 2021 14 Zoll Vergleich Mit 13 Zoll\" width=\"700\" height=\"409\" class=\"alignnone size-large wp-image-177325\" srcset=\"https:\/\/images.ifun.de\/wp-content\/uploads\/2021\/10\/macbook-pro-2021-14-zoll-vergleich-mit-13-zoll-700x409.jpg 700w, https:\/\/images.ifun.de\/wp-content\/uploads\/2021\/10\/macbook-pro-2021-14-zoll-vergleich-mit-13-zoll-500x292.jpg 500w, https:\/\/images.ifun.de\/wp-content\/uploads\/2021\/10\/macbook-pro-2021-14-zoll-vergleich-mit-13-zoll-768x449.jpg 768w, https:\/\/images.ifun.de\/wp-content\/uploads\/2021\/10\/macbook-pro-2021-14-zoll-vergleich-mit-13-zoll.jpg 1280w\" sizes=\"auto, (max-width: 700px) 100vw, 700px\" \/><\/a><\/p>\n<p>Unten k\u00f6nnt ihr dann noch ein erstes Unboxing-Video des neuen MacBook Pro 14\u201c sehen. Auch hier zeigt sich nochmal deutlich der \u00fcberarbeitete Formfaktor mit den massiver wirkenden Ger\u00e4teseiten. Apple musste sich von dem bei der letzten Baureihe schlank auslaufenden Kanten verabschieden, um wieder die alte, von vielen Pro-Anwendern gew\u00fcnschte umfassendere Auswahl an Anschlussm\u00f6glichkeiten zu bieten.<\/p>\n<p><div class=\"responsive-video\"><iframe loading=\"lazy\" width=\"700\" height=\"371\" src=\"https:\/\/www.youtube-nocookie.com\/embed\/frs9pBKRh20\" frameborder=\"0\" allowfullscreen><\/iframe><\/div><\/p>\n<p>Es ist w\u00fcrde nicht wundern, wenn auch dieses verfr\u00fcht verf\u00fcgbare Video der neuen Ger\u00e4tereihe wieder von YouTube verschwindet. Apple orchestriert seine Produktstarts gerne selbst und wir gehen davon aus, dass am morgigen Montag im Vorfeld des Verkaufsstarts am Dienstag die ersten offiziell abgesegneten Produktreviews ver\u00f6ffentlicht werden.<img loading=\"lazy\" decoding=\"async\" src=\"https:\/\/vg06.met.vgwort.de\/na\/056c743fd9dd4fc398aae099c2fb1c6c\" width=\"1\" height=\"1\" no-lazy class=\"tracking\"><\/p>\n","protected":false},"excerpt":{"rendered":"<a href=\"https:\/\/www.ifun.de\/macbook-pro-2021-erste-inoffizielle-fotos-und-unboxing-videos-177320\/\"><img width=\"150\" height=\"150\" src=\"https:\/\/images.ifun.de\/wp-content\/uploads\/2021\/10\/macbook-pro-2021-14-zoll-vergleich-mit-13-zoll-150x150.jpg\" class=\"alignright tfe wp-post-image\" alt=\"Macbook Pro 2021 14 Zoll Vergleich Mit 13 Zoll\" decoding=\"async\" loading=\"lazy\" \/><\/a><p>Von Dienstag an ist Apples neues MacBook Pro mit 14 und 16 Zoll Bildschirmgr\u00f6\u00dfe erh\u00e4ltlich. Zwei Tage davor gibt es zwar noch keine offiziell von Apple abgesegneten Reviews, doch sind mittlerweile verschiedenenorts Bilder und Videos aufgetaucht, auf denen etwas mehr von den Ger\u00e4ten zu sehen ist, als dies im Rahmen von Apples polierter Pr\u00e4sentation der [&hellip;]<\/p>\n","protected":false},"author":2,"featured_media":177325,"comment_status":"open","ping_status":"closed","sticky":false,"template":"","format":"standard","meta":{"_acf_changed":false,"footnotes":""},"categories":[16],"tags":[224],"class_list":["post-177320","post","type-post","status-publish","format-standard","has-post-thumbnail","hentry","category-mac","tag-macbook-pro"],"acf":[],"aioseo_notices":[],"subheadline":["Kurz vor Verkaufsstart"],"featured_image":["https:\/\/images.ifun.de\/wp-content\/uploads\/2021\/10\/macbook-pro-tim-cook.jpg"],"rest_api_enabler":{"subheadline":"Kurz vor Verkaufsstart","featured_image":"https:\/\/images.ifun.de\/wp-content\/uploads\/2021\/10\/macbook-pro-tim-cook.jpg"},"_links":{"self":[{"href":"https:\/\/www.ifun.de\/apiv2\/wp\/v2\/posts\/177320","targetHints":{"allow":["GET"]}}],"collection":[{"href":"https:\/\/www.ifun.de\/apiv2\/wp\/v2\/posts"}],"about":[{"href":"https:\/\/www.ifun.de\/apiv2\/wp\/v2\/types\/post"}],"author":[{"embeddable":true,"href":"https:\/\/www.ifun.de\/apiv2\/wp\/v2\/users\/2"}],"replies":[{"embeddable":true,"href":"https:\/\/www.ifun.de\/apiv2\/wp\/v2\/comments?post=177320"}],"version-history":[{"count":9,"href":"https:\/\/www.ifun.de\/apiv2\/wp\/v2\/posts\/177320\/revisions"}],"predecessor-version":[{"id":177332,"href":"https:\/\/www.ifun.de\/apiv2\/wp\/v2\/posts\/177320\/revisions\/177332"}],"wp:featuredmedia":[{"embeddable":true,"href":"https:\/\/www.ifun.de\/apiv2\/wp\/v2\/media\/177325"}],"wp:attachment":[{"href":"https:\/\/www.ifun.de\/apiv2\/wp\/v2\/media?parent=177320"}],"wp:term":[{"taxonomy":"category","embeddable":true,"href":"https:\/\/www.ifun.de\/apiv2\/wp\/v2\/categories?post=177320"},{"taxonomy":"post_tag","embeddable":true,"href":"https:\/\/www.ifun.de\/apiv2\/wp\/v2\/tags?post=177320"}],"curies":[{"name":"wp","href":"https:\/\/api.w.org\/{rel}","templated":true}]}}