{"id":177124,"date":"2021-10-20T07:39:21","date_gmt":"2021-10-20T05:39:21","guid":{"rendered":"https:\/\/www.ifun.de\/?p=177124"},"modified":"2021-10-20T08:42:15","modified_gmt":"2021-10-20T06:42:15","slug":"notch-beim-macbook-pro-der-mauszeiger-faehrt-darunter-durch","status":"publish","type":"post","link":"https:\/\/www.ifun.de\/notch-beim-macbook-pro-der-mauszeiger-faehrt-darunter-durch-177124\/","title":{"rendered":"Notch beim MacBook Pro: Der Mauszeiger f\u00e4hrt darunter durch"},"content":{"rendered":"<p>Es dauert noch eine knappe Woche, bis die <a href=\"https:\/\/www.ifun.de\/nach-fuenf-langen-jahren-das-ist-apples-neues-macbook-pro-176997\/\" title=\"Nach f\u00fcnf langen Jahren: Das ist Apples neues MacBook Pro\">neuen MacBook-Pro-Modelle<\/a> bei den ersten Kunden eintreffen. Im Vorfeld sind eine Reihe von Fragen offen, insbesondere auch mit Blick auf die mit diesen Ger\u00e4ten nun erstmals auf dem Desktop vorhandene \u201eNotch\u201c.<\/p>\n<p>Linda Dong ist als \u201eDesign Evangelist\u201c bei Apple daf\u00fcr zust\u00e4ndig, interessierten Personen und insbesondere auch Entwicklern die Grundlagen guter und f\u00fcr die entsprechenden Ausgabeger\u00e4te optimierter Gestaltung nahezubringen. <a href=\"https:\/\/twitter.com\/lindadong\/status\/1450486674425737225\">Auf Twitter<\/a> beantwortet die Apple-Mitarbeiterin eine Reihe von Fragen rund um die von ihr \u201eKamerageh\u00e4use\u201c genannte Aussparung am oberen Bildschirmrand.<\/p>\n<p>Zu den interessantesten Erkenntnissen geh\u00f6rt dabei sicherlich das Verhalten des Mauszeigers in diesem Zusammenhang. Auf dem iPhone stellt sich diese Frage ja nicht, doch auf dem Mac muss auf irgendeine Weise geregelt sein, was passiert, wenn der Mauszeiger diese \u201etoten\u201c Bildschirmbereich erreicht.<\/p>\n<p><a href=\"https:\/\/images.ifun.de\/wp-content\/uploads\/2021\/10\/macbook-pro-2021-notch.jpg\"><img loading=\"lazy\" decoding=\"async\" src=\"https:\/\/images.ifun.de\/wp-content\/uploads\/2021\/10\/macbook-pro-2021-notch-700x177.jpg\" alt=\"Macbook Pro 2021 Notch\" width=\"700\" height=\"177\" class=\"alignnone size-large wp-image-177127\" srcset=\"https:\/\/images.ifun.de\/wp-content\/uploads\/2021\/10\/macbook-pro-2021-notch-700x177.jpg 700w, https:\/\/images.ifun.de\/wp-content\/uploads\/2021\/10\/macbook-pro-2021-notch-500x126.jpg 500w, https:\/\/images.ifun.de\/wp-content\/uploads\/2021\/10\/macbook-pro-2021-notch-768x194.jpg 768w, https:\/\/images.ifun.de\/wp-content\/uploads\/2021\/10\/macbook-pro-2021-notch.jpg 1199w\" sizes=\"auto, (max-width: 700px) 100vw, 700px\" \/><\/a><\/p>\n<p>Der Apple-Mitarbeiterin zufolge wird die Kameraaussparung dabei schlicht ignoriert und der Mauszeiger bewegt sich unter dem schwarzen Bereich hindurch. In der Folge l\u00e4sst sich die Notch gleicherma\u00dfen wohl auch als eine Art \u201eVersteck\u201c f\u00fcr den Cursor verwenden, wenn man den Mauszeiger aus irgend einem Grund heraus ausblenden will.<\/p>\n<h2>Es wird eng in der Men\u00fcleiste<\/h2>\n<p>Linda Dong teilt noch weitere interessante Details aus der von Apple zu diesem Thema ver\u00f6ffentlichten <a href=\"https:\/\/developer.apple.com\/documentation\/bundleresources\/information_property_list\/nsprefersdisplaysafeareacompatibilitymode\">Dokumentation f\u00fcr Entwickler<\/a>. So l\u00e4sst sich, um st\u00f6rende Effekte durch die Einkerbung zu vermeiden, ein Kompatibilit\u00e4tsmodus aktivieren, der den oberen Bildschirmbereich dann komplett ausspart. Wenn gew\u00fcnscht, muss dies allerdings f\u00fcr jede App separat festgelegt werden. In der Folge werden die Bereiche links und rechts von der Notch dann schwarz eingef\u00e4rbt, sodass der Eindruck eines gr\u00f6\u00dferen Bildschirmrands an der Oberseite entsteht.<\/p>\n<p><a href=\"https:\/\/images.ifun.de\/wp-content\/uploads\/2021\/10\/macbook-pro-2021-notch-vollbildmodus.jpg\"><img loading=\"lazy\" decoding=\"async\" src=\"https:\/\/images.ifun.de\/wp-content\/uploads\/2021\/10\/macbook-pro-2021-notch-vollbildmodus-700x233.jpg\" alt=\"Macbook Pro 2021 Notch Vollbildmodus\" width=\"700\" height=\"233\" class=\"alignnone size-large wp-image-177126\" srcset=\"https:\/\/images.ifun.de\/wp-content\/uploads\/2021\/10\/macbook-pro-2021-notch-vollbildmodus-700x233.jpg 700w, https:\/\/images.ifun.de\/wp-content\/uploads\/2021\/10\/macbook-pro-2021-notch-vollbildmodus-500x166.jpg 500w, https:\/\/images.ifun.de\/wp-content\/uploads\/2021\/10\/macbook-pro-2021-notch-vollbildmodus-768x255.jpg 768w, https:\/\/images.ifun.de\/wp-content\/uploads\/2021\/10\/macbook-pro-2021-notch-vollbildmodus.jpg 1095w\" sizes=\"auto, (max-width: 700px) 100vw, 700px\" \/><\/a><\/p>\n<p>Apple h\u00e4lt mit seinen \u201eHuman Interface Guidelines\u201c gesammelte Ratschl\u00e4ge f\u00fcr gutes Design insbesondere f\u00fcr Entwickler bereit. Mit Blick auf das neue Bildschirmelement beim MacBook Pro sind hier die Kapitel zu <a href=\"https:\/\/developer.apple.com\/design\/human-interface-guidelines\/macos\/menus\/menu-bar-menus\/\">Men\u00fcleiste<\/a> und dem <a href=\"https:\/\/developer.apple.com\/design\/human-interface-guidelines\/macos\/app-architecture\/fullscreen-mode\/\">Vollbildmodus<\/a> von besonderem Interesse. Eine Grunds\u00e4tzliche Empfehlung lautet, die Zahl der Eintr\u00e4ge in der Men\u00fcleiste \u00fcberschaubar und deren Titel m\u00f6glichst kurz zu halten. Ansonsten k\u00f6nnte ein Teil der Inhalte verschwinden, wenn die Titel aufgrund des begrenzten Platzes verk\u00fcrzt werden. Die Praxis muss zeigen, wie sich dies bei Apps am Ende tats\u00e4chlich auswirkt. Bislang zumindest gehen Apps wie Photoshop und teilweise auch Apple-Apps (z.B. Numbers) recht gro\u00dfz\u00fcgig mit dem freien Bereich in der Men\u00fcleiste um.<img loading=\"lazy\" decoding=\"async\" src=\"https:\/\/vg06.met.vgwort.de\/na\/823b7fa6e57d439385e07c4d1016df73\" width=\"1\" height=\"1\" no-lazy class=\"tracking\"><\/p>\n","protected":false},"excerpt":{"rendered":"<a href=\"https:\/\/www.ifun.de\/notch-beim-macbook-pro-der-mauszeiger-faehrt-darunter-durch-177124\/\"><img width=\"150\" height=\"150\" src=\"https:\/\/images.ifun.de\/wp-content\/uploads\/2021\/10\/macbook-pro-2021-notch-vollbildmodus-150x150.jpg\" class=\"alignright tfe wp-post-image\" alt=\"Macbook Pro 2021 Notch Vollbildmodus\" decoding=\"async\" loading=\"lazy\" \/><\/a><p>Es dauert noch eine knappe Woche, bis die neuen MacBook-Pro-Modelle bei den ersten Kunden eintreffen. Im Vorfeld sind eine Reihe von Fragen offen, insbesondere auch mit Blick auf die mit diesen Ger\u00e4ten nun erstmals auf dem Desktop vorhandene \u201eNotch\u201c. Linda Dong ist als \u201eDesign Evangelist\u201c bei Apple daf\u00fcr zust\u00e4ndig, interessierten Personen und insbesondere auch Entwicklern [&hellip;]<\/p>\n","protected":false},"author":2,"featured_media":177126,"comment_status":"open","ping_status":"closed","sticky":false,"template":"","format":"standard","meta":{"_acf_changed":false,"footnotes":""},"categories":[16],"tags":[224,3095,5575],"class_list":["post-177124","post","type-post","status-publish","format-standard","has-post-thumbnail","hentry","category-mac","tag-macbook-pro","tag-macos","tag-notch"],"acf":[],"aioseo_notices":[],"subheadline":["Entwickler k\u00f6nnen virtuellen Rand einblenden"],"featured_image":["https:\/\/images.ifun.de\/wp-content\/uploads\/2021\/10\/macbook-pro-2021-kamera-in-notch-feature.jpg"],"rest_api_enabler":{"subheadline":"Entwickler k\u00f6nnen virtuellen Rand einblenden","featured_image":"https:\/\/images.ifun.de\/wp-content\/uploads\/2021\/10\/macbook-pro-2021-kamera-in-notch-feature.jpg"},"_links":{"self":[{"href":"https:\/\/www.ifun.de\/apiv2\/wp\/v2\/posts\/177124","targetHints":{"allow":["GET"]}}],"collection":[{"href":"https:\/\/www.ifun.de\/apiv2\/wp\/v2\/posts"}],"about":[{"href":"https:\/\/www.ifun.de\/apiv2\/wp\/v2\/types\/post"}],"author":[{"embeddable":true,"href":"https:\/\/www.ifun.de\/apiv2\/wp\/v2\/users\/2"}],"replies":[{"embeddable":true,"href":"https:\/\/www.ifun.de\/apiv2\/wp\/v2\/comments?post=177124"}],"version-history":[{"count":5,"href":"https:\/\/www.ifun.de\/apiv2\/wp\/v2\/posts\/177124\/revisions"}],"predecessor-version":[{"id":177133,"href":"https:\/\/www.ifun.de\/apiv2\/wp\/v2\/posts\/177124\/revisions\/177133"}],"wp:featuredmedia":[{"embeddable":true,"href":"https:\/\/www.ifun.de\/apiv2\/wp\/v2\/media\/177126"}],"wp:attachment":[{"href":"https:\/\/www.ifun.de\/apiv2\/wp\/v2\/media?parent=177124"}],"wp:term":[{"taxonomy":"category","embeddable":true,"href":"https:\/\/www.ifun.de\/apiv2\/wp\/v2\/categories?post=177124"},{"taxonomy":"post_tag","embeddable":true,"href":"https:\/\/www.ifun.de\/apiv2\/wp\/v2\/tags?post=177124"}],"curies":[{"name":"wp","href":"https:\/\/api.w.org\/{rel}","templated":true}]}}