{"id":177118,"date":"2021-10-19T20:24:24","date_gmt":"2021-10-19T18:24:24","guid":{"rendered":"https:\/\/www.ifun.de\/?p=177118"},"modified":"2021-10-21T16:54:12","modified_gmt":"2021-10-21T14:54:12","slug":"tschuess-homepod-der-grosse-siri-lautsprecher-verschwindet-von-der-apple-webseite","status":"publish","type":"post","link":"https:\/\/www.ifun.de\/tschuess-homepod-der-grosse-siri-lautsprecher-verschwindet-von-der-apple-webseite-177118\/","title":{"rendered":"Tsch\u00fcss HomePod: Der gro\u00dfe Siri-Lautsprecher verschwindet von der Apple-Webseite"},"content":{"rendered":"<p>Sieben Monate nachdem Apple das <a href=\"https:\/\/www.ifun.de\/apple-nimmt-den-grossen-homepod-aus-dem-programm-167560\/\" title=\"Apple nimmt den gro\u00dfen HomePod aus dem Programm\">Ende des gro\u00dfen HomePod angek\u00fcndigt<\/a> hat, ist der 2018 auf den Markt gekommene Siri-Lautsprecher vollkommen von der Apple-Webseite verschwunden. Apple hat die Ank\u00fcndigung neuer Farben f\u00fcr den HomePod mini zum Anlass genommen, die \u00fcber einen erstaunlich langen Zeitraum hinweg noch verf\u00fcgbare Produktbeschreibung zu entfernen.<\/p>\n<p>Zuvor waren unter der Adresse <a href=\"https:\/\/www.apple.com\/de\/homepod\/\">www.apple.com\/de\/homepod<\/a> noch beide Modelle des HomePod pr\u00e4sent und Apple hat auch f\u00fcr die gro\u00dfe Version des Lautsprechers weiterhin die Werbetrommel ger\u00fchrt und auf eine nun ebenfalls gel\u00f6schte, ausf\u00fchrliche Detailseite zum alten HomePod verlinkt.<\/p>\n<p><a href=\"https:\/\/images.ifun.de\/wp-content\/uploads\/2021\/10\/apple-homepod-webseite.jpg\"><img loading=\"lazy\" decoding=\"async\" src=\"https:\/\/images.ifun.de\/wp-content\/uploads\/2021\/10\/apple-homepod-webseite-700x449.jpg\" alt=\"Apple Homepod Webseite\" width=\"700\" height=\"449\" class=\"alignnone size-large wp-image-177120\" srcset=\"https:\/\/images.ifun.de\/wp-content\/uploads\/2021\/10\/apple-homepod-webseite-700x449.jpg 700w, https:\/\/images.ifun.de\/wp-content\/uploads\/2021\/10\/apple-homepod-webseite-500x320.jpg 500w, https:\/\/images.ifun.de\/wp-content\/uploads\/2021\/10\/apple-homepod-webseite-768x492.jpg 768w, https:\/\/images.ifun.de\/wp-content\/uploads\/2021\/10\/apple-homepod-webseite.jpg 1400w\" sizes=\"auto, (max-width: 700px) 100vw, 700px\" \/><\/a><\/p>\n<blockquote>\n<p>Der HomePod ist ein revolution\u00e4rer Laut\u00adsprecher mit Hi\u2011Fi Sound, der sich seinem Standort anpasst. Beide helfen dir bei allt\u00e4glichen Aufgaben mit Siri, steuern dein Smart Home, erm\u00f6glichen Multiroom Audio und lassen dich Intercom Nach\u00adrichten in jedes Zimmer senden.<\/p>\n<\/blockquote>\n<p>Zu kaufen gab es den gro\u00dfen HomePod allerdings l\u00e4ngst nicht mehr. Wenngleich der Preis von 329 Euro mit dem Hinweis \u201eVerf\u00fcgbarkeit vorbehalten\u201c bis zuletzt noch genannt wurde, hat sich Apple l\u00e4ngst auf den Verkauf des HomePod mini beschr\u00e4nkt.<\/p>\n<p>Apple hatte den HomePod im Jahr 2017 mit den Worten, man wolle die Art und Weise, wie man zuhause Musik h\u00f6rt, neu erfinden, und hat dabei nicht mit Seitenhieben auf Anbieter wie Sonos und Amazon gespart. Der von Apples mittlerweile ausgestiegenem, damaligen Marketingchef Phil Schiller als \u201eBreakthrough Home Speaker\u201c pr\u00e4sentiert und sogar mit dem Innovationsgeist des iPod verglichen. Der von Apple prognostizierte Siegeszug blieb allerdings aus.<\/p>\n<h2>Video: Apples HomePod-Ank\u00fcndigung 2017<\/h2>\n<p><div class=\"responsive-video\"><iframe loading=\"lazy\" width=\"700\" height=\"371\" src=\"https:\/\/www.youtube-nocookie.com\/embed\/JvWvFTBLk00\" frameborder=\"0\" allowfullscreen><\/iframe><\/div><\/p>\n","protected":false},"excerpt":{"rendered":"<a href=\"https:\/\/www.ifun.de\/tschuess-homepod-der-grosse-siri-lautsprecher-verschwindet-von-der-apple-webseite-177118\/\"><img width=\"150\" height=\"150\" src=\"https:\/\/images.ifun.de\/wp-content\/uploads\/2021\/10\/apple-homepod-webseite-150x150.jpg\" class=\"alignright tfe wp-post-image\" alt=\"Apple Homepod Webseite\" decoding=\"async\" loading=\"lazy\" \/><\/a><p>Sieben Monate nachdem Apple das Ende des gro\u00dfen HomePod angek\u00fcndigt hat, ist der 2018 auf den Markt gekommene Siri-Lautsprecher vollkommen von der Apple-Webseite verschwunden. Apple hat die Ank\u00fcndigung neuer Farben f\u00fcr den HomePod mini zum Anlass genommen, die \u00fcber einen erstaunlich langen Zeitraum hinweg noch verf\u00fcgbare Produktbeschreibung zu entfernen. Zuvor waren unter der Adresse www.apple.com\/de\/homepod [&hellip;]<\/p>\n","protected":false},"author":2,"featured_media":177120,"comment_status":"open","ping_status":"closed","sticky":false,"template":"","format":"standard","meta":{"_acf_changed":false,"footnotes":""},"categories":[1,1783],"tags":[4736,3714],"class_list":["post-177118","post","type-post","status-publish","format-standard","has-post-thumbnail","hentry","category-news","category-feature","tag-apple","tag-homepod"],"acf":[],"aioseo_notices":[],"subheadline":["HomePod mini fortan solo"],"featured_image":["https:\/\/images.ifun.de\/wp-content\/uploads\/2018\/06\/homepod-header-2.jpg"],"rest_api_enabler":{"subheadline":"HomePod mini fortan solo","featured_image":"https:\/\/images.ifun.de\/wp-content\/uploads\/2018\/06\/homepod-header-2.jpg"},"_links":{"self":[{"href":"https:\/\/www.ifun.de\/apiv2\/wp\/v2\/posts\/177118","targetHints":{"allow":["GET"]}}],"collection":[{"href":"https:\/\/www.ifun.de\/apiv2\/wp\/v2\/posts"}],"about":[{"href":"https:\/\/www.ifun.de\/apiv2\/wp\/v2\/types\/post"}],"author":[{"embeddable":true,"href":"https:\/\/www.ifun.de\/apiv2\/wp\/v2\/users\/2"}],"replies":[{"embeddable":true,"href":"https:\/\/www.ifun.de\/apiv2\/wp\/v2\/comments?post=177118"}],"version-history":[{"count":3,"href":"https:\/\/www.ifun.de\/apiv2\/wp\/v2\/posts\/177118\/revisions"}],"predecessor-version":[{"id":177122,"href":"https:\/\/www.ifun.de\/apiv2\/wp\/v2\/posts\/177118\/revisions\/177122"}],"wp:featuredmedia":[{"embeddable":true,"href":"https:\/\/www.ifun.de\/apiv2\/wp\/v2\/media\/177120"}],"wp:attachment":[{"href":"https:\/\/www.ifun.de\/apiv2\/wp\/v2\/media?parent=177118"}],"wp:term":[{"taxonomy":"category","embeddable":true,"href":"https:\/\/www.ifun.de\/apiv2\/wp\/v2\/categories?post=177118"},{"taxonomy":"post_tag","embeddable":true,"href":"https:\/\/www.ifun.de\/apiv2\/wp\/v2\/tags?post=177118"}],"curies":[{"name":"wp","href":"https:\/\/api.w.org\/{rel}","templated":true}]}}