{"id":177070,"date":"2021-10-19T10:24:38","date_gmt":"2021-10-19T08:24:38","guid":{"rendered":"https:\/\/www.ifun.de\/?p=177070"},"modified":"2021-10-21T07:30:08","modified_gmt":"2021-10-21T05:30:08","slug":"das-macbook-pro-2021-neues-magsafe-kabel-nur-hdmi-2-0-bekannte-masse","status":"publish","type":"post","link":"https:\/\/www.ifun.de\/das-macbook-pro-2021-neues-magsafe-kabel-nur-hdmi-2-0-bekannte-masse-177070\/","title":{"rendered":"MacBook Pro 2021: Neues MagSafe-Kabel, nur HDMI 2.0, bekannte Ma\u00dfe"},"content":{"rendered":"<p>Eine Handvoll Kleinigkeiten, die beim Blick auf das neue MacBook Pro und das von Apple angebotene Zubeh\u00f6r als erstes auffallen haben wir im Anschluss zusammengestellt und bedanken uns diesbez\u00fcglich auch bei allen Tippgebern, deren E-Mails uns auf Besonderheiten wie etwa das einzeln erh\u00e4ltliche MagSafe-Ladekabel hingewiesen haben.<\/p>\n<p><a href=\"https:\/\/images.ifun.de\/wp-content\/uploads\/2021\/10\/ports-macbook-pro.jpg\"><img loading=\"lazy\" decoding=\"async\" class=\"aligncenter size-medium wp-image-177071\" src=\"https:\/\/images.ifun.de\/wp-content\/uploads\/2021\/10\/ports-macbook-pro-500x269.jpg\" alt=\"Ports Macbook Pro\" width=\"500\" height=\"269\" srcset=\"https:\/\/images.ifun.de\/wp-content\/uploads\/2021\/10\/ports-macbook-pro-500x269.jpg 500w, https:\/\/images.ifun.de\/wp-content\/uploads\/2021\/10\/ports-macbook-pro-700x376.jpg 700w, https:\/\/images.ifun.de\/wp-content\/uploads\/2021\/10\/ports-macbook-pro-768x413.jpg 768w, https:\/\/images.ifun.de\/wp-content\/uploads\/2021\/10\/ports-macbook-pro.jpg 1310w\" sizes=\"auto, (max-width: 500px) 100vw, 500px\" \/><\/a><\/p>\n<h2>MagSafe-Ladekabel einzeln erh\u00e4ltlich<\/h2>\n<p>Vorne der magnetische MagSafe-Stecker, hinten ein konventioneller USB-C-Port. Apples <a href=\"https:\/\/apple.sjv.io\/DVe9Nq\">neues MagSafe-Ladekabel<\/a> ist in der neuen generation des MacBook Pro nicht mehr fest mit dem Netzteil verbunden, sondern kann abgenommen und sogar <a href=\"https:\/\/apple.sjv.io\/DVe9Nq\">einzeln nachbestellt werden<\/a>.<\/p>\n<p>W\u00e4hrend dem MacBook Pro 14&#8243; mit M1 Pro-Prozessor und 8\u2011Core CPU ein USB\u2011C-Netzteil mit 67 Watt beiliegt, kommt das MacBook Pro ab der 10\u2011Core CPU bzw. ab dem M1 Max-Prozessor mit einem 96 Watt USB\u2011C-Netzteil. Dem 16-Zoll-Ger\u00e4t liegt ein massives 140-Watt-Netzteil bei. Das zwei Meter lange USB\u2011C auf MagSafe 3 Kabel kostet einzeln 55 Euro.<\/p>\n<p><a href=\"https:\/\/images.ifun.de\/wp-content\/uploads\/2021\/10\/magsafe-1400.jpg\"><img loading=\"lazy\" decoding=\"async\" class=\"aligncenter size-large wp-image-177072\" src=\"https:\/\/images.ifun.de\/wp-content\/uploads\/2021\/10\/magsafe-1400-700x360.jpg\" alt=\"Magsafe 1400\" width=\"700\" height=\"360\" srcset=\"https:\/\/images.ifun.de\/wp-content\/uploads\/2021\/10\/magsafe-1400-700x360.jpg 700w, https:\/\/images.ifun.de\/wp-content\/uploads\/2021\/10\/magsafe-1400-500x257.jpg 500w, https:\/\/images.ifun.de\/wp-content\/uploads\/2021\/10\/magsafe-1400-768x394.jpg 768w, https:\/\/images.ifun.de\/wp-content\/uploads\/2021\/10\/magsafe-1400.jpg 1400w\" sizes=\"auto, (max-width: 700px) 100vw, 700px\" \/><\/a><\/p>\n<h2>HDMI-Port nutzt HDMI 2.0<\/h2>\n<p>Der im neuen MacBook Pro verbaute HDMI-Port setzt nicht auf den aktuellen Standard HDMI 2.1, sondern implementiert noch das \u00e4ltere HDMI 2.0-Protokoll. Dies f\u00fchrt dazu, dass der Port lediglich maximale Video-Aufl\u00f6sungen von 4K bei 60 Hz zul\u00e4sst. HDMI 2.1 w\u00e4re in der Lage 10K-Videos mit 120 Hz wiederzugeben.<\/p>\n<p><a href=\"https:\/\/images.ifun.de\/wp-content\/uploads\/2021\/10\/hdmi-spezifikationen.jpg\"><img loading=\"lazy\" decoding=\"async\" class=\"aligncenter size-large wp-image-177073\" src=\"https:\/\/images.ifun.de\/wp-content\/uploads\/2021\/10\/hdmi-spezifikationen-700x181.jpg\" alt=\"Hdmi Spezifikationen\" width=\"700\" height=\"181\" srcset=\"https:\/\/images.ifun.de\/wp-content\/uploads\/2021\/10\/hdmi-spezifikationen-700x181.jpg 700w, https:\/\/images.ifun.de\/wp-content\/uploads\/2021\/10\/hdmi-spezifikationen-500x129.jpg 500w, https:\/\/images.ifun.de\/wp-content\/uploads\/2021\/10\/hdmi-spezifikationen-768x199.jpg 768w, https:\/\/images.ifun.de\/wp-content\/uploads\/2021\/10\/hdmi-spezifikationen.jpg 1354w\" sizes=\"auto, (max-width: 700px) 100vw, 700px\" \/><\/a><\/p>\n<h2>Auf Augenh\u00f6he mit dem MacBook Pro 2015<\/h2>\n<p>F\u00fcr viele Anwender, die sich \u00fcber die Pr\u00e4sentation des neuen MacBook Pro besonders gefreut haben, gibt es endlich einen w\u00fcrdigen Nachfolger um das &#8222;letzte gute MacBook Pro&#8220;, das Apple bis 2015 verkauft hat, zu ersetzen.<\/p>\n<p><a href=\"https:\/\/images.ifun.de\/wp-content\/uploads\/2021\/10\/macbook-pro-2015-1400.jpg\"><img loading=\"lazy\" decoding=\"async\" class=\"aligncenter size-large wp-image-177074\" src=\"https:\/\/images.ifun.de\/wp-content\/uploads\/2021\/10\/macbook-pro-2015-1400-700x232.jpg\" alt=\"Macbook Pro 2015 1400\" width=\"700\" height=\"232\" srcset=\"https:\/\/images.ifun.de\/wp-content\/uploads\/2021\/10\/macbook-pro-2015-1400-700x232.jpg 700w, https:\/\/images.ifun.de\/wp-content\/uploads\/2021\/10\/macbook-pro-2015-1400-500x165.jpg 500w, https:\/\/images.ifun.de\/wp-content\/uploads\/2021\/10\/macbook-pro-2015-1400-768x254.jpg 768w, https:\/\/images.ifun.de\/wp-content\/uploads\/2021\/10\/macbook-pro-2015-1400.jpg 1400w\" sizes=\"auto, (max-width: 700px) 100vw, 700px\" \/><\/a><\/p>\n<p>Die neuen Ger\u00e4te unterscheiden sich in ihren Ma\u00dfen dabei nur unwesentlich <a href=\"https:\/\/web.archive.org\/web\/20150213185425\/http:\/\/www.apple.com\/de\/macbook-pro\/specs-retina\/\">vom damaligen Modell<\/a>:<\/p>\n<ul>\n<li><strong>MacBook Pro 2021 14&#8243;<\/strong>: H\u00f6he: 1,55 cm, Breite: 31,26 cm, Tiefe: 22,12 cm, Gewicht: 1,6 kg<\/li>\n<li><strong>MacBook Pro 2021 16&#8243;<\/strong>: H\u00f6he: 1,68 cm, Breite: 35,57 cm, Tiefe: 24,81 cm, Gewicht: 2,2 kg<\/li>\n<li><strong>MacBook Pro 2015 15&#8243;<\/strong>: H\u00f6he: 1,8 cm, Breite: 35,89 cm, Tiefe: 24,71 cm, Gewicht: 2,02 kg<\/li>\n<\/ul>\n<p><img loading=\"lazy\" decoding=\"async\" src=\"https:\/\/vg07.met.vgwort.de\/na\/81ba3223eec24cf29b1470b5f001769d\" width=\"1\" height=\"1\" no-lazy class=\"tracking\"><\/p>\n","protected":false},"excerpt":{"rendered":"<a href=\"https:\/\/www.ifun.de\/das-macbook-pro-2021-neues-magsafe-kabel-nur-hdmi-2-0-bekannte-masse-177070\/\"><img width=\"150\" height=\"150\" src=\"https:\/\/images.ifun.de\/wp-content\/uploads\/2021\/10\/macbook-pro-pro-feature-150x150.jpg\" class=\"alignright tfe wp-post-image\" alt=\"Macbook Pro Pro Feature\" decoding=\"async\" loading=\"lazy\" \/><\/a><p>Eine Handvoll Kleinigkeiten, die beim Blick auf das neue MacBook Pro und das von Apple angebotene Zubeh\u00f6r als erstes auffallen haben wir im Anschluss zusammengestellt und bedanken uns diesbez\u00fcglich auch bei allen Tippgebern, deren E-Mails uns auf Besonderheiten wie etwa das einzeln erh\u00e4ltliche MagSafe-Ladekabel hingewiesen haben. MagSafe-Ladekabel einzeln erh\u00e4ltlich Vorne der magnetische MagSafe-Stecker, hinten ein [&hellip;]<\/p>\n","protected":false},"author":1,"featured_media":177075,"comment_status":"open","ping_status":"closed","sticky":false,"template":"","format":"standard","meta":{"_acf_changed":false,"footnotes":""},"categories":[1,1783],"tags":[4736,311,224],"class_list":["post-177070","post","type-post","status-publish","format-standard","has-post-thumbnail","hentry","category-news","category-feature","tag-apple","tag-hdmi","tag-macbook-pro"],"acf":[],"aioseo_notices":[],"featured_image":["https:\/\/images.ifun.de\/wp-content\/uploads\/2021\/10\/macbook-tastatur-feature.jpg"],"subheadline":["Max. Video-Aufl\u00f6sung von 4K bei 60 Hz"],"rest_api_enabler":{"featured_image":"https:\/\/images.ifun.de\/wp-content\/uploads\/2021\/10\/macbook-tastatur-feature.jpg","subheadline":"Max. Video-Aufl\u00f6sung von 4K bei 60 Hz"},"_links":{"self":[{"href":"https:\/\/www.ifun.de\/apiv2\/wp\/v2\/posts\/177070","targetHints":{"allow":["GET"]}}],"collection":[{"href":"https:\/\/www.ifun.de\/apiv2\/wp\/v2\/posts"}],"about":[{"href":"https:\/\/www.ifun.de\/apiv2\/wp\/v2\/types\/post"}],"author":[{"embeddable":true,"href":"https:\/\/www.ifun.de\/apiv2\/wp\/v2\/users\/1"}],"replies":[{"embeddable":true,"href":"https:\/\/www.ifun.de\/apiv2\/wp\/v2\/comments?post=177070"}],"version-history":[{"count":2,"href":"https:\/\/www.ifun.de\/apiv2\/wp\/v2\/posts\/177070\/revisions"}],"predecessor-version":[{"id":177077,"href":"https:\/\/www.ifun.de\/apiv2\/wp\/v2\/posts\/177070\/revisions\/177077"}],"wp:featuredmedia":[{"embeddable":true,"href":"https:\/\/www.ifun.de\/apiv2\/wp\/v2\/media\/177075"}],"wp:attachment":[{"href":"https:\/\/www.ifun.de\/apiv2\/wp\/v2\/media?parent=177070"}],"wp:term":[{"taxonomy":"category","embeddable":true,"href":"https:\/\/www.ifun.de\/apiv2\/wp\/v2\/categories?post=177070"},{"taxonomy":"post_tag","embeddable":true,"href":"https:\/\/www.ifun.de\/apiv2\/wp\/v2\/tags?post=177070"}],"curies":[{"name":"wp","href":"https:\/\/api.w.org\/{rel}","templated":true}]}}