{"id":176702,"date":"2021-10-12T09:06:30","date_gmt":"2021-10-12T07:06:30","guid":{"rendered":"https:\/\/www.ifun.de\/?p=176702"},"modified":"2021-10-12T09:06:30","modified_gmt":"2021-10-12T07:06:30","slug":"macbook-pro-16-schlechte-verfuegbarkeit-macht-hoffnung-auf-baldiges-update","status":"publish","type":"post","link":"https:\/\/www.ifun.de\/macbook-pro-16-schlechte-verfuegbarkeit-macht-hoffnung-auf-baldiges-update-176702\/","title":{"rendered":"MacBook Pro 16&#8243;: Schlechte Verf\u00fcgbarkeit macht Hoffnung auf baldiges Update"},"content":{"rendered":"<p>Wenn ihr auf die Vorstellung neuer MacBook-Modelle mit Apple-Prozessoren wartet, zeichnet sich ein Lichtblick ab. Die Verf\u00fcgbarkeit des MacBook Pro mit 16 Zoll Bildschirmgr\u00f6\u00dfe hat sich weltweit deutlich verschlechtert. Der Bloomberg-Autor Mark Gurman weist darauf hin, dass das Ger\u00e4t in den amerikanischen Apple Stores kaum noch auf Lager liegt und f\u00fcr Bestellungen ungew\u00f6hnlich lange Lieferzeiten angegeben werden.<\/p>\n<blockquote class=\"twitter-tweet\">\n<p lang=\"en\" dir=\"ltr\">The 16-inch MacBook Pro (which if you\u2019ve lost track still uses Intel and hasn\u2019t been updated in *2* years) is showing unavailable for pick up at many Apple stores plus shipment delays. <a href=\"https:\/\/t.co\/vPpTLxXIUz\">pic.twitter.com\/vPpTLxXIUz<\/a><\/p>\n<p>&mdash; Mark Gurman (@markgurman) <a href=\"https:\/\/twitter.com\/markgurman\/status\/1447700808821260292?ref_src=twsrc%5Etfw\">October 11, 2021<\/a><\/p><\/blockquote>\n<p> <script async src=\"https:\/\/platform.twitter.com\/widgets.js\" charset=\"utf-8\"><\/script><\/p>\n<p>Ein \u00e4hnliches Bild zeigt sich in Deutschland. Nur noch wenige der hiesigen Apple-Ladengesch\u00e4fte listen das MacBook Pro 16\u201c als zur Abholung verf\u00fcgbar und f\u00fcr Bestellungen werden Lieferzeiten angegeben, die teils bis in den Dezember hineinreichen.<\/p>\n<h2>Abl\u00f6sung f\u00fcr das zwei Jahre alte Intel-MacBook-Pro<\/h2>\n<p>Die Markteinf\u00fchrung neuer Modelle des MacBook Pro k\u00fcndigt sich ja nunmehr schon seit Monaten an. Die Vorstellung beziehungsweise der Verkaufsstart d\u00fcrfte eng an das von Apple mit &#8222;im Herbst&#8220; angek\u00fcndigte Erscheinungsdatum von macOS Monterey gekn\u00fcpft sein. Es wird erwartet, dass Apple k\u00fcnftig auch das gr\u00f6\u00dfere MacBook Pro mit 16 Zoll Bildschirmgr\u00f6\u00dfe mit einem eigenen Prozessor unter der Haube anbietet. Aller Wahrscheinlichkeit nach handelt es sich hierbei dann um einen Apple-Prozessor der zweiten Generation, der wohl auf den Namen M1X h\u00f6ren wird.<\/p>\n<p>Neben den mit der neuen Prozessorgeneration verbundenen Leistungsvorteilen sollte das gro\u00dfe MacBook Pro dann auch mehr Anschlussm\u00f6glichkeiten bieten, als dies derzeit beim M1-Modell mit seinen zwei Thunderbolt- beziehungsweise USB-4-Buchsen der Fall ist.<\/p>\n<p>Auch mit Blick auf den Kalender darf man ein Upgrade f\u00fcr das MacBook Pro 16\u201c in den n\u00e4chsten Wochen definitiv erwarten. Das noch aktuelle und mit einem Intel-Prozessor ausgestattete Modell hat mittlerweile fast zwei Jahre auf dem Buckel. Das Ger\u00e4t wurde am 13. November 2019 vorgestellt und hat damals zahlreiche Nutzern insbesondere deswegen begeistert, weil Apple damit seiner kritisierten \u201eButterfly\u201c-Entwicklung den Laufpass gegeben und mit dem \u201eMagic Keyboard\u201c zur altbew\u00e4hrten Tastaturmechanik zur\u00fcckgekehrt ist. <img loading=\"lazy\" decoding=\"async\" src=\"https:\/\/vg06.met.vgwort.de\/na\/82ea1016a5bb43c8aff748ce952ff526\" width=\"1\" height=\"1\" no-lazy class=\"tracking\"><\/p>\n","protected":false},"excerpt":{"rendered":"<a href=\"https:\/\/www.ifun.de\/macbook-pro-16-schlechte-verfuegbarkeit-macht-hoffnung-auf-baldiges-update-176702\/\"><img decoding=\"async\" width=\"150\" src=\"https:\/\/vg06.met.vgwort.de\/na\/82ea1016a5bb43c8aff748ce952ff526\" class=\"alignright wp-post-image tfe\" alt=\"\" title=\"\" \/><\/a><p>Wenn ihr auf die Vorstellung neuer MacBook-Modelle mit Apple-Prozessoren wartet, zeichnet sich ein Lichtblick ab. Die Verf\u00fcgbarkeit des MacBook Pro mit 16 Zoll Bildschirmgr\u00f6\u00dfe hat sich weltweit deutlich verschlechtert. Der Bloomberg-Autor Mark Gurman weist darauf hin, dass das Ger\u00e4t in den amerikanischen Apple Stores kaum noch auf Lager liegt und f\u00fcr Bestellungen ungew\u00f6hnlich lange Lieferzeiten [&hellip;]<\/p>\n","protected":false},"author":2,"featured_media":0,"comment_status":"open","ping_status":"closed","sticky":false,"template":"","format":"standard","meta":{"_acf_changed":false,"footnotes":""},"categories":[16],"tags":[5158,5418,224],"class_list":["post-176702","post","type-post","status-publish","format-standard","hentry","category-mac","tag-apple-prozessor","tag-m1x","tag-macbook-pro"],"acf":[],"aioseo_notices":[],"subheadline":["Teils erst im Dezember lieferbar"],"featured_image":["https:\/\/images.ifun.de\/wp-content\/uploads\/2018\/10\/mac-mini-macbook-air-tim-cook.jpg"],"rest_api_enabler":{"subheadline":"Teils erst im Dezember lieferbar","featured_image":"https:\/\/images.ifun.de\/wp-content\/uploads\/2018\/10\/mac-mini-macbook-air-tim-cook.jpg"},"_links":{"self":[{"href":"https:\/\/www.ifun.de\/apiv2\/wp\/v2\/posts\/176702","targetHints":{"allow":["GET"]}}],"collection":[{"href":"https:\/\/www.ifun.de\/apiv2\/wp\/v2\/posts"}],"about":[{"href":"https:\/\/www.ifun.de\/apiv2\/wp\/v2\/types\/post"}],"author":[{"embeddable":true,"href":"https:\/\/www.ifun.de\/apiv2\/wp\/v2\/users\/2"}],"replies":[{"embeddable":true,"href":"https:\/\/www.ifun.de\/apiv2\/wp\/v2\/comments?post=176702"}],"version-history":[{"count":1,"href":"https:\/\/www.ifun.de\/apiv2\/wp\/v2\/posts\/176702\/revisions"}],"predecessor-version":[{"id":176703,"href":"https:\/\/www.ifun.de\/apiv2\/wp\/v2\/posts\/176702\/revisions\/176703"}],"wp:attachment":[{"href":"https:\/\/www.ifun.de\/apiv2\/wp\/v2\/media?parent=176702"}],"wp:term":[{"taxonomy":"category","embeddable":true,"href":"https:\/\/www.ifun.de\/apiv2\/wp\/v2\/categories?post=176702"},{"taxonomy":"post_tag","embeddable":true,"href":"https:\/\/www.ifun.de\/apiv2\/wp\/v2\/tags?post=176702"}],"curies":[{"name":"wp","href":"https:\/\/api.w.org\/{rel}","templated":true}]}}