{"id":17646,"date":"2011-10-18T07:22:49","date_gmt":"2011-10-18T05:22:49","guid":{"rendered":"http:\/\/www.ifun.de\/?p=17646"},"modified":"2011-10-18T07:23:16","modified_gmt":"2011-10-18T05:23:16","slug":"macbook-pro-neue-modelle-november","status":"publish","type":"post","link":"https:\/\/www.ifun.de\/macbook-pro-neue-modelle-november-17646\/","title":{"rendered":"Neue Hinweise auf bevorstehendes MacBook-Pro-Update"},"content":{"rendered":"<p>Die <a href=\"http:\/\/clk.tradedoubler.com\/click?p=3469&#038;a=747172&#038;g=17982018&#038;url=http:\/\/store.apple.com\/de\/go\/search?find=macbook+pro\">Apple-Store-Suche nach dem Stichwort &#8222;MacBook Pro&#8220;<\/a> spuckt derzeit merkw\u00fcrdige Ergebnisse aus. Gefunden werden unter anderem zwei Eintr\u00e4ge namens &#8222;MacBook Pro Memory Model&#8220;, die auf Adressen mit den Bezeichnungen &#8222;<em>ME_17_2_4_MBP<\/em>&#8220; und &#8222;<em>ME_17_2_33_MBP<\/em>&#8220; im URL verweisen.<\/p>\n<p><img loading=\"lazy\" decoding=\"async\" src=\"http:\/\/images.ifun.de\/wp-content\/uploads\/2011\/10\/macbook_memory_model.gif\" alt=\"\" title=\"macbook_memory_model\" width=\"464\" height=\"129\" class=\"alignnone size-full wp-image-17647\" srcset=\"https:\/\/images.ifun.de\/wp-content\/uploads\/2011\/10\/macbook_memory_model.gif 464w, https:\/\/images.ifun.de\/wp-content\/uploads\/2011\/10\/macbook_memory_model-300x83.gif 300w\" sizes=\"auto, (max-width: 464px) 100vw, 464px\" \/><\/p>\n<p>Dies d\u00fcrfte ein weiterer Hinweis auf eine bevorstehendes Aktualisierung der MacBook-Pro-Reihe sein (<a href=\"http:\/\/www.ifun.de\/macbook-pro-update-2-17556\/\">wir berichteten<\/a>). Die oben genannten Adressbestandteile k\u00f6nnten auf das erwartete Prozessor-Update hinweisen (2,33 bzw. 2,4 statt momentan 2,0 bis 2,3 GHz). Als Termin f\u00fcr die Modell\u00fcberarbeitung steht momentan der November im Raum, im Gegensatz zum deutschen wird im amerikanischen Apple Store die Verf\u00fcgbarkeit der beiden Teile n\u00e4mlich mit &#8222;Coming in November&#8220; angegeben. (via <a href=\"http:\/\/9to5mac.com\/2011\/10\/17\/apple-leaks-clues-to-new-macbook-pros-on-its-own-website\/\">9to5 Mac<\/a>)<\/p>\n","protected":false},"excerpt":{"rendered":"<a href=\"https:\/\/www.ifun.de\/macbook-pro-neue-modelle-november-17646\/\"><img width=\"150\" height=\"129\" src=\"https:\/\/images.ifun.de\/wp-content\/uploads\/2011\/10\/macbook_memory_model-150x129.gif\" class=\"alignright tfe wp-post-image\" alt=\"\" decoding=\"async\" loading=\"lazy\" \/><\/a><p>Die Apple-Store-Suche nach dem Stichwort &#8222;MacBook Pro&#8220; spuckt derzeit merkw\u00fcrdige Ergebnisse aus. Gefunden werden unter anderem zwei Eintr\u00e4ge namens &#8222;MacBook Pro Memory Model&#8220;, die auf Adressen mit den Bezeichnungen &#8222;ME_17_2_4_MBP&#8220; und &#8222;ME_17_2_33_MBP&#8220; im URL verweisen. Dies d\u00fcrfte ein weiterer Hinweis auf eine bevorstehendes Aktualisierung der MacBook-Pro-Reihe sein (wir berichteten). Die oben genannten Adressbestandteile k\u00f6nnten auf [&hellip;]<\/p>\n","protected":false},"author":2,"featured_media":17647,"comment_status":"open","ping_status":"closed","sticky":false,"template":"","format":"standard","meta":{"_acf_changed":false,"footnotes":""},"categories":[16],"tags":[6321,224,700],"class_list":["post-17646","post","type-post","status-publish","format-standard","has-post-thumbnail","hentry","category-mac","tag-mac","tag-macbook-pro","tag-upgrade"],"acf":[],"aioseo_notices":[],"rest_api_enabler":[],"_links":{"self":[{"href":"https:\/\/www.ifun.de\/apiv2\/wp\/v2\/posts\/17646","targetHints":{"allow":["GET"]}}],"collection":[{"href":"https:\/\/www.ifun.de\/apiv2\/wp\/v2\/posts"}],"about":[{"href":"https:\/\/www.ifun.de\/apiv2\/wp\/v2\/types\/post"}],"author":[{"embeddable":true,"href":"https:\/\/www.ifun.de\/apiv2\/wp\/v2\/users\/2"}],"replies":[{"embeddable":true,"href":"https:\/\/www.ifun.de\/apiv2\/wp\/v2\/comments?post=17646"}],"version-history":[{"count":2,"href":"https:\/\/www.ifun.de\/apiv2\/wp\/v2\/posts\/17646\/revisions"}],"predecessor-version":[{"id":17649,"href":"https:\/\/www.ifun.de\/apiv2\/wp\/v2\/posts\/17646\/revisions\/17649"}],"wp:featuredmedia":[{"embeddable":true,"href":"https:\/\/www.ifun.de\/apiv2\/wp\/v2\/media\/17647"}],"wp:attachment":[{"href":"https:\/\/www.ifun.de\/apiv2\/wp\/v2\/media?parent=17646"}],"wp:term":[{"taxonomy":"category","embeddable":true,"href":"https:\/\/www.ifun.de\/apiv2\/wp\/v2\/categories?post=17646"},{"taxonomy":"post_tag","embeddable":true,"href":"https:\/\/www.ifun.de\/apiv2\/wp\/v2\/tags?post=17646"}],"curies":[{"name":"wp","href":"https:\/\/api.w.org\/{rel}","templated":true}]}}