{"id":176256,"date":"2021-10-01T10:16:44","date_gmt":"2021-10-01T08:16:44","guid":{"rendered":"https:\/\/www.ifun.de\/?p=176256"},"modified":"2021-10-01T10:18:56","modified_gmt":"2021-10-01T08:18:56","slug":"ikea-starkvind-neue-homekit-luftreiniger-jetzt-verfuegbar","status":"publish","type":"post","link":"https:\/\/www.ifun.de\/ikea-starkvind-neue-homekit-luftreiniger-jetzt-verfuegbar-176256\/","title":{"rendered":"IKEA STARKVIND: Neue HomeKit-Luftreiniger jetzt verf\u00fcgbar"},"content":{"rendered":"<p>Die ohnehin schlechte Luftqualit\u00e4t in vielen Regionen wird mit Blick auf die Klimaver\u00e4nderungen wohl erst mal nicht besser werden. Waldbr\u00e4nde treten h\u00e4ufiger auf, der G\u00fctertransport auf der Stra\u00dfe nimmt zum und lange Hitzephasen sorgen f\u00fcr besonders hohe Feinstaub-Konzentrationen in der Luft.<\/p>\n<p><a href=\"https:\/\/images.ifun.de\/wp-content\/uploads\/2021\/10\/STARKVIND-square.jpg\"><img loading=\"lazy\" decoding=\"async\" class=\"aligncenter size-medium wp-image-176258\" src=\"https:\/\/images.ifun.de\/wp-content\/uploads\/2021\/10\/STARKVIND-square-500x500.jpg\" alt=\"STARKVIND Square\" width=\"500\" height=\"500\" srcset=\"https:\/\/images.ifun.de\/wp-content\/uploads\/2021\/10\/STARKVIND-square-500x500.jpg 500w, https:\/\/images.ifun.de\/wp-content\/uploads\/2021\/10\/STARKVIND-square-150x150.jpg 150w, https:\/\/images.ifun.de\/wp-content\/uploads\/2021\/10\/STARKVIND-square.jpg 686w\" sizes=\"auto, (max-width: 500px) 100vw, 500px\" \/><\/a><\/p>\n<p>D\u00fcstere Zukunftsaussichten, die das schwedische M\u00f6belhaus IKEA opportunistisch angeht und nach dem schlichten Luftreiniger <a href=\"https:\/\/clkde.tradedoubler.com\/click?p(290994)a(747172)g(24311716)url(https:\/\/www.ikea.com\/de\/de\/p\/foernuftig-luftreiniger-weiss-50461937\/)\">F\u00d6RNUFTIG<\/a> k\u00fcrzlich eine ganze Familie an neuen Luftreinigern vorgestellt hat.<\/p>\n<h2>Als Standger\u00e4t und als Tisch<\/h2>\n<p>Diese tragen die <a href=\"https:\/\/clkde.tradedoubler.com\/click?p(290994)a(747172)g(24311716)url(https:\/\/www.ikea.com\/de\/de\/search\/products\/?q=STARKVIND)\">Gruppenbezeichnung STARKVIND<\/a> und sind ab sofort in insgesamt vier Ausf\u00fchrungen erh\u00e4ltlich.<\/p>\n<p>IKEA bietet die neuen Luftreiniger als regul\u00e4re Standger\u00e4te in Wei\u00df und Schwarz zum Verkaufspreis von 99 Euro an. Zudem wird STARKVIND auch als M\u00f6bel-Objekt in Wei\u00df und Braun f\u00fcr 149 Euro angeboten. Hier hat IKEA den Luftreiniger mit einem Beistelltisch kombiniert.<\/p>\n<p><a href=\"https:\/\/images.ifun.de\/wp-content\/uploads\/2021\/10\/STARKVIND-zimmer.jpg\"><img loading=\"lazy\" decoding=\"async\" class=\"aligncenter size-large wp-image-176259\" src=\"https:\/\/images.ifun.de\/wp-content\/uploads\/2021\/10\/STARKVIND-zimmer-700x394.jpg\" alt=\"STARKVIND Zimmer\" width=\"700\" height=\"394\" srcset=\"https:\/\/images.ifun.de\/wp-content\/uploads\/2021\/10\/STARKVIND-zimmer-700x394.jpg 700w, https:\/\/images.ifun.de\/wp-content\/uploads\/2021\/10\/STARKVIND-zimmer-500x282.jpg 500w, https:\/\/images.ifun.de\/wp-content\/uploads\/2021\/10\/STARKVIND-zimmer-768x432.jpg 768w, https:\/\/images.ifun.de\/wp-content\/uploads\/2021\/10\/STARKVIND-zimmer.jpg 1229w\" sizes=\"auto, (max-width: 700px) 100vw, 700px\" \/><\/a><\/p>\n<h2>Deutlich smarter als F\u00d6RNUFTIG<\/h2>\n<p>Im Gegensatz zum nur 49 Euro teuren F\u00d6RNUFTIG lassen sich die neuen STARKVIND-Ger\u00e4te mit der TR\u00c5DFRI Gateway koppeln und so auch \u00fcber Apples HomeKit-Infrastruktur und die von IKEA angebotene Home Smart-App bedienen.<\/p>\n<p>Die STARKVIND-Ger\u00e4te verf\u00fcgen \u00fcber eine integrierte Erkennung der Partikel-Belastung und passen die passen die Drehgeschwindigkeit der Ventilatoren im Automatikmodus entsprechend an.<\/p>\n<p><video poster=\"https:\/\/images.ifun.de\/wp-content\/uploads\/2021\/10\/startvind-thumb.jpg\" preload=\"auto\" autoplay=\"autoplay\" loop=\"loop\" muted=\"\" controls=\"controls\" width=\"700\" height=\"390\"><span data-mce-type=\"bookmark\" style=\"display: inline-block; width: 0px; overflow: hidden; line-height: 0;\" class=\"mce_SELRES_start\">\ufeff<\/span><source src=\"https:\/\/www.ikea.com\/pvid\/1069527_fe001611.mp4\" \/><span data-mce-type=\"bookmark\" style=\"display: inline-block; width: 0px; overflow: hidden; line-height: 0;\" class=\"mce_SELRES_end\">\ufeff<\/span><\/video><\/p>\n<p>Beim Kauf werden die Luftreiniger mit einem Partikelfilter ausgeliefert, allerdings bietet IKEA auch einen zus\u00e4tzlichen Gasfilter zum Kauf an und gestattet im Alltagsbetrieb auch den kombinierten Einsatz beider Filter. Der STARKVIND Gasfilter kostet 15 Euro, der STARKVIND Partikelfilter wird f\u00fcr 10 Euro angeboten, beide Filter im Paket gibt es f\u00fcr 25 Euro.<\/p>\n<h2>Die STARKVIND-Familie im \u00dcberblick<\/h2>\n<ul>\n<li><strong>F\u00fcr 99,99 Euro<\/strong>: <a href=\"https:\/\/clkde.tradedoubler.com\/click?p(290994)a(747172)g(24311716)url(https:\/\/www.ikea.com\/de\/de\/p\/starkvind-luftreiniger-weiss-50461942\/)\">STARKVIND Standger\u00e4t<\/a><\/li>\n<li><strong>F\u00fcr 149,99 Euro<\/strong>: <a href=\"https:\/\/clkde.tradedoubler.com\/click?p(290994)a(747172)g(24311716)url(https:\/\/www.ikea.com\/de\/de\/p\/starkvind-tisch-mit-luftreiniger-gebeiztes-eichenfurnier-weiss-80461945\/)\">STARKVIND Tischger\u00e4t<\/a><\/li>\n<li><strong>F\u00fcr 15 Euro<\/strong>: <a href=\"https:\/\/clkde.tradedoubler.com\/click?p(290994)a(747172)g(24311716)url(https:\/\/www.ikea.com\/de\/de\/p\/starkvind-gasfilter-80488129\/)\">STARKVIND Gasfilter<\/a><\/li>\n<li><strong>F\u00fcr 10 Euro<\/strong>: <a href=\"https:\/\/clkde.tradedoubler.com\/click?p(290994)a(747172)g(24311716)url(https:\/\/www.ikea.com\/de\/de\/p\/starkvind-partikelfilter-30461943\/)\">STARKVIND Partikelfilter<\/a><\/li>\n<\/ul>\n<p><img loading=\"lazy\" decoding=\"async\" src=\"https:\/\/vg06.met.vgwort.de\/na\/94b24b7d912b4f489f8dc000e535ab30\" width=\"1\" height=\"1\" no-lazy class=\"tracking\"><\/p>\n","protected":false},"excerpt":{"rendered":"<a href=\"https:\/\/www.ifun.de\/ikea-starkvind-neue-homekit-luftreiniger-jetzt-verfuegbar-176256\/\"><img width=\"150\" height=\"150\" src=\"https:\/\/images.ifun.de\/wp-content\/uploads\/2021\/10\/STARKVIND-zimmer-150x150.jpg\" class=\"alignright tfe wp-post-image\" alt=\"STARKVIND Zimmer\" decoding=\"async\" loading=\"lazy\" \/><\/a><p>Die ohnehin schlechte Luftqualit\u00e4t in vielen Regionen wird mit Blick auf die Klimaver\u00e4nderungen wohl erst mal nicht besser werden. Waldbr\u00e4nde treten h\u00e4ufiger auf, der G\u00fctertransport auf der Stra\u00dfe nimmt zum und lange Hitzephasen sorgen f\u00fcr besonders hohe Feinstaub-Konzentrationen in der Luft. D\u00fcstere Zukunftsaussichten, die das schwedische M\u00f6belhaus IKEA opportunistisch angeht und nach dem schlichten Luftreiniger [&hellip;]<\/p>\n","protected":false},"author":1,"featured_media":176259,"comment_status":"open","ping_status":"closed","sticky":false,"template":"","format":"standard","meta":{"_acf_changed":false,"footnotes":""},"categories":[22],"tags":[2367,1132,4894,5554],"class_list":["post-176256","post","type-post","status-publish","format-standard","has-post-thumbnail","hentry","category-zubehor","tag-homekit","tag-ikea","tag-luftreiniger","tag-starkvind"],"acf":[],"aioseo_notices":[],"featured_image":["https:\/\/images.ifun.de\/wp-content\/uploads\/2021\/10\/STARKVIND-zimmer-feature.jpg"],"subheadline":["In vier Modellvarianten"],"rest_api_enabler":{"featured_image":"https:\/\/images.ifun.de\/wp-content\/uploads\/2021\/10\/STARKVIND-zimmer-feature.jpg","subheadline":"In vier Modellvarianten"},"_links":{"self":[{"href":"https:\/\/www.ifun.de\/apiv2\/wp\/v2\/posts\/176256","targetHints":{"allow":["GET"]}}],"collection":[{"href":"https:\/\/www.ifun.de\/apiv2\/wp\/v2\/posts"}],"about":[{"href":"https:\/\/www.ifun.de\/apiv2\/wp\/v2\/types\/post"}],"author":[{"embeddable":true,"href":"https:\/\/www.ifun.de\/apiv2\/wp\/v2\/users\/1"}],"replies":[{"embeddable":true,"href":"https:\/\/www.ifun.de\/apiv2\/wp\/v2\/comments?post=176256"}],"version-history":[{"count":2,"href":"https:\/\/www.ifun.de\/apiv2\/wp\/v2\/posts\/176256\/revisions"}],"predecessor-version":[{"id":176262,"href":"https:\/\/www.ifun.de\/apiv2\/wp\/v2\/posts\/176256\/revisions\/176262"}],"wp:featuredmedia":[{"embeddable":true,"href":"https:\/\/www.ifun.de\/apiv2\/wp\/v2\/media\/176259"}],"wp:attachment":[{"href":"https:\/\/www.ifun.de\/apiv2\/wp\/v2\/media?parent=176256"}],"wp:term":[{"taxonomy":"category","embeddable":true,"href":"https:\/\/www.ifun.de\/apiv2\/wp\/v2\/categories?post=176256"},{"taxonomy":"post_tag","embeddable":true,"href":"https:\/\/www.ifun.de\/apiv2\/wp\/v2\/tags?post=176256"}],"curies":[{"name":"wp","href":"https:\/\/api.w.org\/{rel}","templated":true}]}}