{"id":176135,"date":"2021-09-29T16:32:16","date_gmt":"2021-09-29T14:32:16","guid":{"rendered":"https:\/\/www.ifun.de\/?p=176135"},"modified":"2021-09-29T16:32:16","modified_gmt":"2021-09-29T14:32:16","slug":"macos-monterey-ohne-universal-control-auf-der-zielgeraden","status":"publish","type":"post","link":"https:\/\/www.ifun.de\/macos-monterey-ohne-universal-control-auf-der-zielgeraden-176135\/","title":{"rendered":"macOS Monterey ohne &#8222;Universal Control&#8220; auf der Zielgeraden"},"content":{"rendered":"<p>Mit Blick auf den Ver\u00f6ffentlichungstermin von macOS Monterey lassen sich noch keine detaillierten Prognosen treffen, doch d\u00fcrfte sich die kommenden Version des Mac-Betriebssystems so langsam auf der Zielgeraden befinden. Seit gestern verteilt Apple bereits die achte Testversion von macOS Monterey an Entwickler.<\/p>\n<p>Es ist zumindest naheliegend, dass Apple macOS Monterey in zeitlichem Zusammenhang zu den f\u00fcr die n\u00e4chsten Wochen erwarteten neuen MacBooks mit M1X-Prozessoren ver\u00f6ffentlicht. Ob Apple das neue Betriebssystem dann aber auch inklusive all der bereits angek\u00fcndigten, <a href=\"https:\/\/www.apple.com\/de\/macos\/monterey-preview\/features\/\">zahlreichen Neuerungen von macOS Monterey<\/a> freigibt, bleibt abzuwarten.<\/p>\n<h2>&#8222;Universal Control&#8220; hei\u00dft in Deutschland &#8222;Nahtlose Steuerung&#8220;<\/h2>\n<p>Was bislang definitiv auch in den Beta-Versionen der Software noch fehlt, ist die von Apple im Deutschen \u201eNahtlose Steuerung\u201c genannte, aber besser als \u201eUniversal Control\u201c bekannte Funktion zum Verwenden von Eingabeger\u00e4ten \u00fcber mehrere Ger\u00e4te hinweg.<\/p>\n<p>Apple zufolge ist es damit m\u00f6glich, eine Tastatur, Maus oder ein einzelnes Trackpad auf mehreren Ger\u00e4ten zu verwenden. Dabei l\u00e4sst sich der Cursor beispielsweise vom Bildschirm eines iMac auf ein daneben stehendes iPad ziehen, um dort weiterzuarbeiten oder sogar eine Datei per Drag-and-Drop zwischen zwei Ger\u00e4ten zu verschieben. <\/p>\n<p><div class=\"responsive-video\"><iframe loading=\"lazy\" width=\"700\" height=\"371\" src=\"https:\/\/www.youtube-nocookie.com\/embed\/X3-2Md-Zt3o\" frameborder=\"0\" allowfullscreen><\/iframe><\/div><\/p>\n<h2>Diese Apple-Ger\u00e4te k\u00f6nnen Universal Control nutzen <\/h2>\n<p>Wenngleich wir noch nicht wissen, wann Apple macOS Monterey und Universal Control letztendlich f\u00fcr alle Nutzer bereitstellt, die Systemvoraussetzungen f\u00fcr den fliegenden Wechsel zwischen verschiedenen Apple-Ger\u00e4ten liegen bereits vor. Rechnerseitig wird hier Apple zufolge mindestens ein MacBook Pro oder ein MacBook aus dem Jahr 2016, ein MacBook Air 2018, ein iMac 2017, ein iMac 5K Retina aus 2015, ein iMac Pro, ein Mac mini 2018 oder ein Mac Pro 2019 ben\u00f6tigt. Ebenso sind das iPad Pro, das iPad Air 3, das iPad 6 und das iPad mini 5 oder neuer kompatibel.<\/p>\n<p>Voraussetzung ist nat\u00fcrlich zudem, dass beide Ger\u00e4te mit der selben Apple-ID in iCloud angemeldet sind und auf beiden Ger\u00e4ten Bluetooth, WLAN und Handoff aktiviert sind. Um die Funktion zu gew\u00e4hrleisten d\u00fcrfen die Ger\u00e4te auch nicht weiter als 10 Meter voneinander entfernt sein.<img loading=\"lazy\" decoding=\"async\" src=\"https:\/\/vg06.met.vgwort.de\/na\/b92dab997ed64334a08e223a56f2ac58\" width=\"1\" height=\"1\" no-lazy class=\"tracking\"><\/p>\n","protected":false},"excerpt":{"rendered":"<a href=\"https:\/\/www.ifun.de\/macos-monterey-ohne-universal-control-auf-der-zielgeraden-176135\/\"><img width=\"150\" height=\"150\" src=\"https:\/\/images.ifun.de\/wp-content\/uploads\/2021\/09\/macos-monterey-universal-control-feature-150x150.jpg\" class=\"alignright tfe wp-post-image\" alt=\"Macos Monterey Universal Control Feature\" decoding=\"async\" loading=\"lazy\" \/><\/a><p>Mit Blick auf den Ver\u00f6ffentlichungstermin von macOS Monterey lassen sich noch keine detaillierten Prognosen treffen, doch d\u00fcrfte sich die kommenden Version des Mac-Betriebssystems so langsam auf der Zielgeraden befinden. Seit gestern verteilt Apple bereits die achte Testversion von macOS Monterey an Entwickler. Es ist zumindest naheliegend, dass Apple macOS Monterey in zeitlichem Zusammenhang zu den [&hellip;]<\/p>\n","protected":false},"author":2,"featured_media":176140,"comment_status":"open","ping_status":"closed","sticky":false,"template":"","format":"standard","meta":{"_acf_changed":false,"footnotes":""},"categories":[16],"tags":[5414,5551,5423],"class_list":["post-176135","post","type-post","status-publish","format-standard","has-post-thumbnail","hentry","category-mac","tag-macos-monterey","tag-nahtlose-steuerung","tag-universal-control"],"acf":[],"aioseo_notices":[],"subheadline":["Entwickler testen Beta 8"],"featured_image":["https:\/\/images.ifun.de\/wp-content\/uploads\/2021\/09\/macos-monterey-universal-control-feature.jpg"],"rest_api_enabler":{"subheadline":"Entwickler testen Beta 8","featured_image":"https:\/\/images.ifun.de\/wp-content\/uploads\/2021\/09\/macos-monterey-universal-control-feature.jpg"},"_links":{"self":[{"href":"https:\/\/www.ifun.de\/apiv2\/wp\/v2\/posts\/176135","targetHints":{"allow":["GET"]}}],"collection":[{"href":"https:\/\/www.ifun.de\/apiv2\/wp\/v2\/posts"}],"about":[{"href":"https:\/\/www.ifun.de\/apiv2\/wp\/v2\/types\/post"}],"author":[{"embeddable":true,"href":"https:\/\/www.ifun.de\/apiv2\/wp\/v2\/users\/2"}],"replies":[{"embeddable":true,"href":"https:\/\/www.ifun.de\/apiv2\/wp\/v2\/comments?post=176135"}],"version-history":[{"count":5,"href":"https:\/\/www.ifun.de\/apiv2\/wp\/v2\/posts\/176135\/revisions"}],"predecessor-version":[{"id":176141,"href":"https:\/\/www.ifun.de\/apiv2\/wp\/v2\/posts\/176135\/revisions\/176141"}],"wp:featuredmedia":[{"embeddable":true,"href":"https:\/\/www.ifun.de\/apiv2\/wp\/v2\/media\/176140"}],"wp:attachment":[{"href":"https:\/\/www.ifun.de\/apiv2\/wp\/v2\/media?parent=176135"}],"wp:term":[{"taxonomy":"category","embeddable":true,"href":"https:\/\/www.ifun.de\/apiv2\/wp\/v2\/categories?post=176135"},{"taxonomy":"post_tag","embeddable":true,"href":"https:\/\/www.ifun.de\/apiv2\/wp\/v2\/tags?post=176135"}],"curies":[{"name":"wp","href":"https:\/\/api.w.org\/{rel}","templated":true}]}}