{"id":175878,"date":"2021-09-24T09:57:27","date_gmt":"2021-09-24T07:57:27","guid":{"rendered":"https:\/\/www.ifun.de\/?p=175878"},"modified":"2021-09-24T09:57:27","modified_gmt":"2021-09-24T07:57:27","slug":"macos-monterey-liefert-hinweise-auf-macbook-pro-mit-hoehrerer-bildschirmaufloesung","status":"publish","type":"post","link":"https:\/\/www.ifun.de\/macos-monterey-liefert-hinweise-auf-macbook-pro-mit-hoehrerer-bildschirmaufloesung-175878\/","title":{"rendered":"macOS Monterey liefert Hinweise auf MacBook Pro mit h\u00f6hrerer Bildschirmaufl\u00f6sung"},"content":{"rendered":"<p>Apple hat diese Woche eine weitere Beta-Version von macOS Monterey ver\u00f6ffentlicht. W\u00e4hrend sich die mittlerweile siebte Vorabversion f\u00fcr das hoffentlich im kommenden Monat erscheinende Mac-Betriebssystem vorrangig um Fehlerbehebungen und Leistungsverbesserungen k\u00fcmmert, finden sich in den Tiefen des Programmcodes auch neue Monitoraufl\u00f6sungen gelistet, die man als Hinweis auf die ebenfalls in K\u00fcrze erwarteten, neuen MacBook-Pro-Modelle sehen kann.<\/p>\n<p><a href=\"https:\/\/images.ifun.de\/wp-content\/uploads\/2021\/09\/macos-monterey-macbook-aufloesungen.jpg\"><img loading=\"lazy\" decoding=\"async\" src=\"https:\/\/images.ifun.de\/wp-content\/uploads\/2021\/09\/macos-monterey-macbook-aufloesungen-500x164.jpg\" alt=\"Macos Monterey Macbook Aufloesungen\" width=\"500\" height=\"164\" class=\"alignnone size-medium wp-image-175883\" srcset=\"https:\/\/images.ifun.de\/wp-content\/uploads\/2021\/09\/macos-monterey-macbook-aufloesungen-500x164.jpg 500w, https:\/\/images.ifun.de\/wp-content\/uploads\/2021\/09\/macos-monterey-macbook-aufloesungen-700x230.jpg 700w, https:\/\/images.ifun.de\/wp-content\/uploads\/2021\/09\/macos-monterey-macbook-aufloesungen-768x252.jpg 768w, https:\/\/images.ifun.de\/wp-content\/uploads\/2021\/09\/macos-monterey-macbook-aufloesungen.jpg 1000w\" sizes=\"auto, (max-width: 500px) 100vw, 500px\" \/><\/a><\/p>\n<p>Das Apple-Blog <a href=\"https:\/\/www.macrumors.com\/2021\/09\/23\/macbook-pro-2021-resolutions\/\">MacRumors<\/a> listet die bislang von keinem Apple-Ger\u00e4t unterst\u00fctzten, neuen Retina-Aufl\u00f6sungen 3456 x 2234 und 3024 x 1964 als aller Voraussicht nach f\u00fcr die kommenden Modelle des MacBook Pro reserviert. Damit w\u00fcrde sich die Pixeldichte auf den Ger\u00e4ten von derzeit 226 bzw. 227 ppi auf rund 250 ppi erh\u00f6hen und scheint eine native 2x Retina-Anzeige mit angenehmer Anzeigegr\u00f6\u00dfe anstelle einer skalierten Darstellung m\u00f6glich.<\/p>\n<h2>Native 2x-Retina-Aufl\u00f6sung auf MacBooks<\/h2>\n<p>Apples <a href=\"https:\/\/support.apple.com\/de-de\/HT202471\">aktuelle Retina-Displays<\/a> unterst\u00fctzen auf dem MacBook Pro 16\u201c eine native Aufl\u00f6sung von 3072 x 1920 Pixeln und auf dem MacBook Pro 13\u201c 2560 x 1600 Pixel. Um beispielsweise auf den 3072 x 1920 Pixeln des MacBook Pro 16&#8243; Grafik mit 2-fach-Aufl\u00f6sung anzuzeigen, m\u00fcsste man als Ausgangsformat 1536 x 960 Pixel w\u00e4hlen, das Bild w\u00fcrde dann vergleichsweise gro\u00df dargestellt werden. Daher wird standardm\u00e4\u00dfig eine f\u00fcr das Gros der Nutzer angenehme Anzeigegr\u00f6\u00dfe mit einer Zwischenaufl\u00f6sung verwendet, f\u00fcr Apple mit \u201eSieht aus wie 1792 x 1120\u201c beschreibt. Auf einem Bildschirm mit 3456 x 2234 Aufl\u00f6sung lie\u00dfen sich nun damit vergleichbare 1728 x 1117 Pixel so darstellen, dass f\u00fcr jeden sichtbaren Bildpunkt jeweils zwei Bildschirmpixel in der H\u00f6he und in der Breite genutzt werden. Das Resultat w\u00e4re dann eine deutlich feinere 2x-Retina-Aufl\u00f6sung.<\/p>\n<p><a href=\"https:\/\/images.ifun.de\/wp-content\/uploads\/2021\/09\/macbook-bildschirm-aufloesung.jpg\"><img loading=\"lazy\" decoding=\"async\" src=\"https:\/\/images.ifun.de\/wp-content\/uploads\/2021\/09\/macbook-bildschirm-aufloesung-700x455.jpg\" alt=\"Macbook Bildschirm Aufloesung\" width=\"700\" height=\"455\" class=\"alignnone size-large wp-image-175882\" srcset=\"https:\/\/images.ifun.de\/wp-content\/uploads\/2021\/09\/macbook-bildschirm-aufloesung-700x455.jpg 700w, https:\/\/images.ifun.de\/wp-content\/uploads\/2021\/09\/macbook-bildschirm-aufloesung-500x325.jpg 500w, https:\/\/images.ifun.de\/wp-content\/uploads\/2021\/09\/macbook-bildschirm-aufloesung-768x499.jpg 768w, https:\/\/images.ifun.de\/wp-content\/uploads\/2021\/09\/macbook-bildschirm-aufloesung.jpg 1400w\" sizes=\"auto, (max-width: 700px) 100vw, 700px\" \/><\/a><\/p>\n<p>Es wird erwartet, dass Apple im Oktober oder sp\u00e4testens im November neue Mac-Modelle pr\u00e4sentiert. Ganz oben auf der Warteliste stehen die besagten neuen MacBook-Pro-Modelle mit wohl 14 und 16 Zoll Bildschirmgr\u00f6\u00dfe und einem neuen, leistungsf\u00e4higeren M1X-Prozessr. Zudem scheint auch ein neues Modell des Mac mini mit verbesserter Prozessorausstattung wahrscheinlich.<img loading=\"lazy\" decoding=\"async\" src=\"https:\/\/vg06.met.vgwort.de\/na\/f4f95329413a4a1cace8f280c432efd3\" width=\"1\" height=\"1\" no-lazy class=\"tracking\"> <\/p>\n","protected":false},"excerpt":{"rendered":"<a href=\"https:\/\/www.ifun.de\/macos-monterey-liefert-hinweise-auf-macbook-pro-mit-hoehrerer-bildschirmaufloesung-175878\/\"><img width=\"150\" height=\"150\" src=\"https:\/\/images.ifun.de\/wp-content\/uploads\/2021\/09\/macos-monterey-macbook-aufloesungen-150x150.jpg\" class=\"alignright tfe wp-post-image\" alt=\"Macos Monterey Macbook Aufloesungen\" decoding=\"async\" loading=\"lazy\" \/><\/a><p>Apple hat diese Woche eine weitere Beta-Version von macOS Monterey ver\u00f6ffentlicht. W\u00e4hrend sich die mittlerweile siebte Vorabversion f\u00fcr das hoffentlich im kommenden Monat erscheinende Mac-Betriebssystem vorrangig um Fehlerbehebungen und Leistungsverbesserungen k\u00fcmmert, finden sich in den Tiefen des Programmcodes auch neue Monitoraufl\u00f6sungen gelistet, die man als Hinweis auf die ebenfalls in K\u00fcrze erwarteten, neuen MacBook-Pro-Modelle sehen [&hellip;]<\/p>\n","protected":false},"author":2,"featured_media":175883,"comment_status":"open","ping_status":"closed","sticky":false,"template":"","format":"standard","meta":{"_acf_changed":false,"footnotes":""},"categories":[16],"tags":[474,224,5414,524],"class_list":["post-175878","post","type-post","status-publish","format-standard","has-post-thumbnail","hentry","category-mac","tag-auflosung","tag-macbook-pro","tag-macos-monterey","tag-retina"],"acf":[],"aioseo_notices":[],"subheadline":["Natives 2x-Retina scheint m\u00f6glich"],"featured_image":["https:\/\/images.ifun.de\/wp-content\/uploads\/2020\/11\/macbook-pro-neu.jpg","https:\/\/images.ifun.de\/wp-content\/uploads\/2020\/11\/macbook-pro-neu.jpg"],"rest_api_enabler":{"subheadline":"Natives 2x-Retina scheint m\u00f6glich","featured_image":["https:\/\/images.ifun.de\/wp-content\/uploads\/2020\/11\/macbook-pro-neu.jpg","https:\/\/images.ifun.de\/wp-content\/uploads\/2020\/11\/macbook-pro-neu.jpg"]},"_links":{"self":[{"href":"https:\/\/www.ifun.de\/apiv2\/wp\/v2\/posts\/175878","targetHints":{"allow":["GET"]}}],"collection":[{"href":"https:\/\/www.ifun.de\/apiv2\/wp\/v2\/posts"}],"about":[{"href":"https:\/\/www.ifun.de\/apiv2\/wp\/v2\/types\/post"}],"author":[{"embeddable":true,"href":"https:\/\/www.ifun.de\/apiv2\/wp\/v2\/users\/2"}],"replies":[{"embeddable":true,"href":"https:\/\/www.ifun.de\/apiv2\/wp\/v2\/comments?post=175878"}],"version-history":[{"count":4,"href":"https:\/\/www.ifun.de\/apiv2\/wp\/v2\/posts\/175878\/revisions"}],"predecessor-version":[{"id":175884,"href":"https:\/\/www.ifun.de\/apiv2\/wp\/v2\/posts\/175878\/revisions\/175884"}],"wp:featuredmedia":[{"embeddable":true,"href":"https:\/\/www.ifun.de\/apiv2\/wp\/v2\/media\/175883"}],"wp:attachment":[{"href":"https:\/\/www.ifun.de\/apiv2\/wp\/v2\/media?parent=175878"}],"wp:term":[{"taxonomy":"category","embeddable":true,"href":"https:\/\/www.ifun.de\/apiv2\/wp\/v2\/categories?post=175878"},{"taxonomy":"post_tag","embeddable":true,"href":"https:\/\/www.ifun.de\/apiv2\/wp\/v2\/tags?post=175878"}],"curies":[{"name":"wp","href":"https:\/\/api.w.org\/{rel}","templated":true}]}}