{"id":175826,"date":"2021-09-23T07:40:17","date_gmt":"2021-09-23T05:40:17","guid":{"rendered":"https:\/\/www.ifun.de\/?p=175826"},"modified":"2021-09-23T07:40:17","modified_gmt":"2021-09-23T05:40:17","slug":"creative-cloud-foto-ein-jahr-adobe-photoshop-fuer-90-statt-142-euro","status":"publish","type":"post","link":"https:\/\/www.ifun.de\/creative-cloud-foto-ein-jahr-adobe-photoshop-fuer-90-statt-142-euro-175826\/","title":{"rendered":"Creative Cloud Foto: Ein Jahr Adobe Photoshop f\u00fcr 90 statt 142 Euro"},"content":{"rendered":"<p>Seitdem wir unseren Photoshop-Zugriff nur wenige Tage vor der letzten Angebots-Aktion Amazons f\u00fcr teures Geld erneuert haben, behalten wir den Jahrespreis der f\u00fcr Adobes Foto-Abo verlangt wird im Blick. Dieser ist heute von 130 Euro <a rel=\"noindex, nofollow\" href=\"http:\/\/www.ifun.de\/amzn\/B00M8MOH98\">auf nur noch 89,87 Euro<\/a> gefallen.<\/p>\n<p>90 Euro, die den zw\u00f6lfmonatigen Zugriff auf Photoshop, Lightroom und 20GB Speicher in Adobes Creative Cloud gew\u00e4hren.<\/p>\n<p><a href=\"https:\/\/images.ifun.de\/wp-content\/uploads\/2021\/03\/adobe-photoshop-mac-apple-prozessor.jpg\"><img loading=\"lazy\" decoding=\"async\" class=\"aligncenter size-medium wp-image-167496\" src=\"https:\/\/images.ifun.de\/wp-content\/uploads\/2021\/03\/adobe-photoshop-mac-apple-prozessor-500x352.jpg\" alt=\"Adobe Photoshop Mac Apple Prozessor\" width=\"500\" height=\"352\" srcset=\"https:\/\/images.ifun.de\/wp-content\/uploads\/2021\/03\/adobe-photoshop-mac-apple-prozessor-500x352.jpg 500w, https:\/\/images.ifun.de\/wp-content\/uploads\/2021\/03\/adobe-photoshop-mac-apple-prozessor-700x493.jpg 700w, https:\/\/images.ifun.de\/wp-content\/uploads\/2021\/03\/adobe-photoshop-mac-apple-prozessor-768x540.jpg 768w, https:\/\/images.ifun.de\/wp-content\/uploads\/2021\/03\/adobe-photoshop-mac-apple-prozessor.jpg 1400w\" sizes=\"auto, (max-width: 500px) 100vw, 500px\" \/><\/a><\/p>\n<p>Wir nutzen das \u201e<a rel=\"noindex, nofollow\" href=\"http:\/\/www.ifun.de\/amzn\/B00M8MOH98\">Adobe Creative Cloud Foto<\/a>\u201c-Abo (wie es voll ausgeschrieben hei\u00dft) ausschlie\u00dflich f\u00fcr den Zugriff auf die Bildbearbeitung, die wir trotz mehrmaliger Anl\u00e4ufe noch immer nicht durch Alternativen von Pixelmator oder Affinity Photo ausgetauscht haben.<\/p>\n<h2>Bestandskunden k\u00f6nnen aufstocken<\/h2>\n<p>Da f\u00fcr laufende Foto-Abos bei automatischer Verl\u00e4ngerung grunds\u00e4tzlich mehr verlangt als jetzt im Angebot f\u00e4llig wird, lohnt sich auch das vorzeitige Aufstocken. Adobe verl\u00e4ngert den aktuellen Abo-Zeitraum nach Eingabe des Codes einfach um 12 Monate.<\/p>\n<p>So k\u00f6nnen auch Bestandskunden mit noch laufenden Abos das Jahr \u201eAdobe Creative Cloud Foto\u201c-Abo f\u00fcr 89,87 Euro kaufen und dieses zu ihrem bereits laufenden Abo-Zeitraum hinzuaddieren.<\/p>\n<p><a href=\"https:\/\/images.ifun.de\/wp-content\/uploads\/2020\/11\/adobe-abo.jpg\"><img loading=\"lazy\" decoding=\"async\" class=\"aligncenter size-large wp-image-162772\" src=\"https:\/\/images.ifun.de\/wp-content\/uploads\/2020\/11\/adobe-abo-681x700.jpg\" alt=\"Adobe Abo\" width=\"681\" height=\"700\" srcset=\"https:\/\/images.ifun.de\/wp-content\/uploads\/2020\/11\/adobe-abo-681x700.jpg 681w, https:\/\/images.ifun.de\/wp-content\/uploads\/2020\/11\/adobe-abo-486x500.jpg 486w, https:\/\/images.ifun.de\/wp-content\/uploads\/2020\/11\/adobe-abo-768x789.jpg 768w, https:\/\/images.ifun.de\/wp-content\/uploads\/2020\/11\/adobe-abo.jpg 1328w\" sizes=\"auto, (max-width: 681px) 100vw, 681px\" \/><\/a><\/p>\n<h2>iPad-Zugang inklusive<\/h2>\n<p>Neben der Nutzung von Photoshop, Lightroom und 20GB Creative-Cloud-Speicher am Mac ist im Jahrespaket auch die Nutzung der iPad-Adaption der Photoshop-App enthalten. Pro Adobe Account l\u00e4sst sich Photoshop aktiv auf zwei Macs nutzen. Um einen dritten Rechner zu aktivieren, muss einer der beiden vorhandenen abgemeldet werden.<\/p>\n<p>Der Aktivierungscode kommt nach dem Kauf dankenswerterweise per E-Mail ins Haus und nicht \u00fcber die Post (gab es auch schon!) und wird unter redeem.adobe.com eingel\u00f6st.<\/p>\n<p >Keine Produkte gefunden.<\/p>\n","protected":false},"excerpt":{"rendered":"<a href=\"https:\/\/www.ifun.de\/creative-cloud-foto-ein-jahr-adobe-photoshop-fuer-90-statt-142-euro-175826\/\"><img decoding=\"async\" width=\"150\" src=\"https:\/\/images.ifun.de\/wp-content\/uploads\/2021\/03\/adobe-photoshop-mac-apple-prozessor-500x352.jpg\" class=\"alignright wp-post-image tfe\" alt=\"Adobe Photoshop Mac Apple Prozessor\" title=\"\" \/><\/a><p>Seitdem wir unseren Photoshop-Zugriff nur wenige Tage vor der letzten Angebots-Aktion Amazons f\u00fcr teures Geld erneuert haben, behalten wir den Jahrespreis der f\u00fcr Adobes Foto-Abo verlangt wird im Blick. Dieser ist heute von 130 Euro auf nur noch 89,87 Euro gefallen. 90 Euro, die den zw\u00f6lfmonatigen Zugriff auf Photoshop, Lightroom und 20GB Speicher in Adobes [&hellip;]<\/p>\n","protected":false},"author":1,"featured_media":0,"comment_status":"open","ping_status":"closed","sticky":false,"template":"","format":"standard","meta":{"_acf_changed":false,"footnotes":""},"categories":[1],"tags":[265,375,40],"class_list":["post-175826","post","type-post","status-publish","format-standard","hentry","category-news","tag-adobe","tag-photoshop","tag-sparen"],"acf":[],"aioseo_notices":[],"subheadline":["Bestandskunden k\u00f6nnen aufstocken"],"featured_image":["https:\/\/images.ifun.de\/wp-content\/uploads\/2021\/05\/photoshop-feature.jpg"],"rest_api_enabler":{"subheadline":"Bestandskunden k\u00f6nnen aufstocken","featured_image":"https:\/\/images.ifun.de\/wp-content\/uploads\/2021\/05\/photoshop-feature.jpg"},"_links":{"self":[{"href":"https:\/\/www.ifun.de\/apiv2\/wp\/v2\/posts\/175826","targetHints":{"allow":["GET"]}}],"collection":[{"href":"https:\/\/www.ifun.de\/apiv2\/wp\/v2\/posts"}],"about":[{"href":"https:\/\/www.ifun.de\/apiv2\/wp\/v2\/types\/post"}],"author":[{"embeddable":true,"href":"https:\/\/www.ifun.de\/apiv2\/wp\/v2\/users\/1"}],"replies":[{"embeddable":true,"href":"https:\/\/www.ifun.de\/apiv2\/wp\/v2\/comments?post=175826"}],"version-history":[{"count":1,"href":"https:\/\/www.ifun.de\/apiv2\/wp\/v2\/posts\/175826\/revisions"}],"predecessor-version":[{"id":175827,"href":"https:\/\/www.ifun.de\/apiv2\/wp\/v2\/posts\/175826\/revisions\/175827"}],"wp:attachment":[{"href":"https:\/\/www.ifun.de\/apiv2\/wp\/v2\/media?parent=175826"}],"wp:term":[{"taxonomy":"category","embeddable":true,"href":"https:\/\/www.ifun.de\/apiv2\/wp\/v2\/categories?post=175826"},{"taxonomy":"post_tag","embeddable":true,"href":"https:\/\/www.ifun.de\/apiv2\/wp\/v2\/tags?post=175826"}],"curies":[{"name":"wp","href":"https:\/\/api.w.org\/{rel}","templated":true}]}}