{"id":175796,"date":"2021-09-22T16:35:11","date_gmt":"2021-09-22T14:35:11","guid":{"rendered":"https:\/\/www.ifun.de\/?p=175796"},"modified":"2021-09-24T20:07:16","modified_gmt":"2021-09-24T18:07:16","slug":"ipad-mini-ersteindruck-die-influencer-videos-stehen-bereit","status":"publish","type":"post","link":"https:\/\/www.ifun.de\/ipad-mini-ersteindruck-die-influencer-videos-stehen-bereit-175796\/","title":{"rendered":"iPad mini im Ersteindruck: Die Influencer-Videos stehen bereit"},"content":{"rendered":"<p>Einen Tag nachdem gestern Mittag die Sperrfristen f\u00fcr die ersten iPhone 13-Besprechungen gefallen sind und umgehend f\u00fcr eine <a href=\"https:\/\/www.iphone-ticker.de\/iphone-13-unboxing-und-erste-eindruecke-179961\/\">Flut an Infuencer-Videos<\/a> zur neuesten iPhone-Generation gesorgt haben, ziehen heute die ersten Ber\u00fccksichtigungen des neuen iPad mini nach.<\/p>\n<p><a href=\"https:\/\/images.ifun.de\/wp-content\/uploads\/2021\/09\/ipadmini-ijustine.jpg\"><img loading=\"lazy\" decoding=\"async\" src=\"https:\/\/images.ifun.de\/wp-content\/uploads\/2021\/09\/ipadmini-ijustine-500x352.jpg\" alt=\"Ipadmini Ijustine\" width=\"500\" height=\"352\" class=\"aligncenter size-medium wp-image-175799\" srcset=\"https:\/\/images.ifun.de\/wp-content\/uploads\/2021\/09\/ipadmini-ijustine-500x352.jpg 500w, https:\/\/images.ifun.de\/wp-content\/uploads\/2021\/09\/ipadmini-ijustine-700x493.jpg 700w, https:\/\/images.ifun.de\/wp-content\/uploads\/2021\/09\/ipadmini-ijustine-768x541.jpg 768w, https:\/\/images.ifun.de\/wp-content\/uploads\/2021\/09\/ipadmini-ijustine.jpg 1400w\" sizes=\"auto, (max-width: 500px) 100vw, 500px\" \/><\/a><\/p>\n<h2>Begeisterte YouTube-Pers\u00f6nlichkeiten<\/h2>\n<p>Dabei kommen vor allem amerikanische YouTube-Pers\u00f6nlichkeiten zu Wort, die von Apple vorab mit der komplett neu gestalteten, sechsten Generation des kleinsten iPad versorgt wurden und sich in den folgenden Tagen erste Gedanken zum neuen Hardware-Design, zu den erheblichen Performance-Verbesserungen (wir springen von einem A12 auf einen A15-Prozessor) und zur nun gegebenen Kompatibilit\u00e4t mit dem neuen Apple Pencil machen konnten.<\/p>\n<p>Wir haben eine Auswahl der vor wenigen Minuten ver\u00f6ffentlichten Video-Ber\u00fccksichtigungen im Anschluss versammelt. Die ersten Eindr\u00fccke der zu gro\u00dfen Teilen ohnehin als kritiklos verschrienen Influencer fallen, durch die Bank weg positiv aus, und geben einen ganz guten Eindruck der neuen Formsprache, mit der das iPad mini jetzt dem iPad Pro die Show stiehlt macht.<\/p>\n<p><a href=\"https:\/\/images.ifun.de\/wp-content\/uploads\/2021\/09\/ipad-generationen-scaled.jpg\"><img loading=\"lazy\" decoding=\"async\" src=\"https:\/\/images.ifun.de\/wp-content\/uploads\/2021\/09\/ipad-generationen-700x407.jpg\" alt=\"Ipad Generationen\" width=\"700\" height=\"407\" class=\"aligncenter size-large wp-image-175800\" srcset=\"https:\/\/images.ifun.de\/wp-content\/uploads\/2021\/09\/ipad-generationen-700x407.jpg 700w, https:\/\/images.ifun.de\/wp-content\/uploads\/2021\/09\/ipad-generationen-500x291.jpg 500w, https:\/\/images.ifun.de\/wp-content\/uploads\/2021\/09\/ipad-generationen-768x446.jpg 768w, https:\/\/images.ifun.de\/wp-content\/uploads\/2021\/09\/ipad-generationen-1536x893.jpg 1536w, https:\/\/images.ifun.de\/wp-content\/uploads\/2021\/09\/ipad-generationen-2048x1190.jpg 2048w\" sizes=\"auto, (max-width: 700px) 100vw, 700px\" \/><\/a><\/p>\n<h6><a href=\"https:\/\/twitter.com\/imicsun\/status\/1438424833633632257\/photo\/1\">Die bislang ver\u00f6ffentlichten iPad-Modelle<\/a><\/h6>\n<h2>Schneller A15 &#8211; iPadOS als Produktiv-Bremse<\/h2>\n<p>Wie schon seit mehreren Jahren hapert es auch in diesem Jahr an der Software-Unterst\u00fctzung f\u00fcr die nahezu makellose Hardware. Zwar hat iPadOS 15 in Sachen Multitasking kleine Verbesserungen eingef\u00fchrt, nach wie vor hat Apples Tablet aber den Ruf vom wenig flexiblen Betriebssystem an der kurzen Leine gehalten zu werden. Eine schneller Sportwagen, der sich vorsichtig durch Tempo-30-Stra\u00dfen tasten muss.<\/p>\n<p>Ein Klischee dem auch das neue iPad mini wenig entgegenzusetzen hat. Die Hardware ist weiterhin toll, die neuen Tablets sind jetzt noch farbenfroher und schnell wie nie &#8211; f\u00fcr das langweilige Erstellen von Serienbriefen, die Arbeit mit vielen Dateien, Programmier-Sitzungen und sich wiederholende Grafik-Korrekturen auf den Webseiten der eigenen Kunden greifen viele Kreative aber nach wie vor lieber zum MacBook. Eine Pr\u00e4ferenz, an der das neue iPad mini erst mal nicht viel \u00e4ndern wird.<\/p>\n<h2>Marques Brownlee: iPad Mini 2021 Review &#8211; Pocketable Power!<\/h2>\n<p><div class=\"responsive-video\"><iframe loading=\"lazy\" width=\"700\" height=\"371\" src=\"https:\/\/www.youtube-nocookie.com\/embed\/T-UhbAcZd3I\" frameborder=\"0\" allowfullscreen><\/iframe><\/div><\/p>\n<h2>Sara Dietschy: The new iPad MINI is so cute &#8211; Purple iPad Mini Unboxing<\/h2>\n<p><div class=\"responsive-video\"><iframe loading=\"lazy\" width=\"700\" height=\"371\" src=\"https:\/\/www.youtube-nocookie.com\/embed\/XdvrLPtbppc\" frameborder=\"0\" allowfullscreen><\/iframe><\/div><\/p>\n<h2>iJustine: The all new iPad Mini &#8211; Unboxing and first impressions!<\/h2>\n<p><div class=\"responsive-video\"><iframe loading=\"lazy\" width=\"700\" height=\"371\" src=\"https:\/\/www.youtube-nocookie.com\/embed\/FD0v-Hti574\" frameborder=\"0\" allowfullscreen><\/iframe><\/div><\/p>\n<h2>Rafael Zeier: Eine Woche mit dem neuen iPad Mini<\/h2>\n<p><div class=\"responsive-video\"><iframe loading=\"lazy\" width=\"700\" height=\"371\" src=\"https:\/\/www.youtube-nocookie.com\/embed\/Evh3zcSBYO8\" frameborder=\"0\" allowfullscreen><\/iframe><\/div><\/p>\n<h2>C|NET: iPad Mini and 9th Gen iPad, reviewed<\/h2>\n<p><div class=\"responsive-video\"><iframe loading=\"lazy\" width=\"700\" height=\"371\" src=\"https:\/\/www.youtube-nocookie.com\/embed\/JdKlnQZXsiw\" frameborder=\"0\" allowfullscreen><\/iframe><\/div><\/p>\n<h2>iKnowReview: Ganz kleines Kino: iPad mini<\/h2>\n<p><div class=\"responsive-video\"><iframe loading=\"lazy\" width=\"700\" height=\"371\" src=\"https:\/\/www.youtube-nocookie.com\/embed\/NdHXRiDnRqg\" frameborder=\"0\" allowfullscreen><\/iframe><\/div><\/p>\n<p><img loading=\"lazy\" decoding=\"async\" src=\"https:\/\/vg06.met.vgwort.de\/na\/3abb57a2f8964a33b8aa99e6e2f963d9\" width=\"1\" height=\"1\" no-lazy class=\"tracking\"><\/p>\n","protected":false},"excerpt":{"rendered":"<a href=\"https:\/\/www.ifun.de\/ipad-mini-ersteindruck-die-influencer-videos-stehen-bereit-175796\/\"><img width=\"150\" height=\"150\" src=\"https:\/\/images.ifun.de\/wp-content\/uploads\/2021\/09\/ipad-generationen-150x150.jpg\" class=\"alignright tfe wp-post-image\" alt=\"Ipad Generationen\" decoding=\"async\" loading=\"lazy\" \/><\/a><p>Einen Tag nachdem gestern Mittag die Sperrfristen f\u00fcr die ersten iPhone 13-Besprechungen gefallen sind und umgehend f\u00fcr eine Flut an Infuencer-Videos zur neuesten iPhone-Generation gesorgt haben, ziehen heute die ersten Ber\u00fccksichtigungen des neuen iPad mini nach. Begeisterte YouTube-Pers\u00f6nlichkeiten Dabei kommen vor allem amerikanische YouTube-Pers\u00f6nlichkeiten zu Wort, die von Apple vorab mit der komplett neu gestalteten, [&hellip;]<\/p>\n","protected":false},"author":1,"featured_media":175800,"comment_status":"open","ping_status":"closed","sticky":false,"template":"","format":"standard","meta":{"_acf_changed":false,"footnotes":""},"categories":[1,1783],"tags":[4736,4740,1335,215,31],"class_list":["post-175796","post","type-post","status-publish","format-standard","has-post-thumbnail","hentry","category-news","category-feature","tag-apple","tag-ipad","tag-ipad-mini","tag-review","tag-video"],"acf":[],"aioseo_notices":[],"featured_image":["https:\/\/images.ifun.de\/wp-content\/uploads\/2021\/09\/ipad-mini-influencer-feature.jpg"],"subheadline":["Begeisterte YouTube-Pers\u00f6nlichkeiten"],"rest_api_enabler":{"featured_image":"https:\/\/images.ifun.de\/wp-content\/uploads\/2021\/09\/ipad-mini-influencer-feature.jpg","subheadline":"Begeisterte YouTube-Pers\u00f6nlichkeiten"},"_links":{"self":[{"href":"https:\/\/www.ifun.de\/apiv2\/wp\/v2\/posts\/175796","targetHints":{"allow":["GET"]}}],"collection":[{"href":"https:\/\/www.ifun.de\/apiv2\/wp\/v2\/posts"}],"about":[{"href":"https:\/\/www.ifun.de\/apiv2\/wp\/v2\/types\/post"}],"author":[{"embeddable":true,"href":"https:\/\/www.ifun.de\/apiv2\/wp\/v2\/users\/1"}],"replies":[{"embeddable":true,"href":"https:\/\/www.ifun.de\/apiv2\/wp\/v2\/comments?post=175796"}],"version-history":[{"count":2,"href":"https:\/\/www.ifun.de\/apiv2\/wp\/v2\/posts\/175796\/revisions"}],"predecessor-version":[{"id":175802,"href":"https:\/\/www.ifun.de\/apiv2\/wp\/v2\/posts\/175796\/revisions\/175802"}],"wp:featuredmedia":[{"embeddable":true,"href":"https:\/\/www.ifun.de\/apiv2\/wp\/v2\/media\/175800"}],"wp:attachment":[{"href":"https:\/\/www.ifun.de\/apiv2\/wp\/v2\/media?parent=175796"}],"wp:term":[{"taxonomy":"category","embeddable":true,"href":"https:\/\/www.ifun.de\/apiv2\/wp\/v2\/categories?post=175796"},{"taxonomy":"post_tag","embeddable":true,"href":"https:\/\/www.ifun.de\/apiv2\/wp\/v2\/tags?post=175796"}],"curies":[{"name":"wp","href":"https:\/\/api.w.org\/{rel}","templated":true}]}}