{"id":175763,"date":"2021-09-22T08:08:25","date_gmt":"2021-09-22T06:08:25","guid":{"rendered":"https:\/\/www.ifun.de\/?p=175763"},"modified":"2021-09-22T08:08:25","modified_gmt":"2021-09-22T06:08:25","slug":"icloud-speicher-bei-geraetewechsel-voruebergehend-kostenlos-erweiterbar","status":"publish","type":"post","link":"https:\/\/www.ifun.de\/icloud-speicher-bei-geraetewechsel-voruebergehend-kostenlos-erweiterbar-175763\/","title":{"rendered":"iCloud-Speicher bei Ger\u00e4tewechsel vor\u00fcbergehend kostenlos erweiterbar"},"content":{"rendered":"<p>Eine kleine Erinnerung f\u00fcr die K\u00e4ufer eines neuen iPhone oder iPad: Wenn euer iCloud-Speicher nicht ausreicht, um die Daten von einem alten auf das neue Ger\u00e4t zu \u00fcbertragen, k\u00f6nnt ihr den Speicherplatz auf Apples Cloud-Servern jetzt vor\u00fcbergehend kostenfrei erh\u00f6hen.<\/p>\n<p>Apple hat dieses Zugest\u00e4ndnis bereits im Sommer im Rahmen der Entwicklerkonferenz WWDC <a href=\"https:\/\/www.ifun.de\/icloud-kurzfristig-mehr-gratis-speicher-fuer-neue-geraete-171393\/\">angek\u00fcndigt<\/a>, mit den nun verf\u00fcgbaren Betriebssystemen iOS 15 und iPadOS 15 greift diese Neuerung jetzt. <\/p>\n<p><a href=\"https:\/\/images.ifun.de\/wp-content\/uploads\/2021\/09\/apple-temporaerer-icloud-speicher.jpg\"><img loading=\"lazy\" decoding=\"async\" src=\"https:\/\/images.ifun.de\/wp-content\/uploads\/2021\/09\/apple-temporaerer-icloud-speicher-500x294.jpg\" alt=\"Apple Temporaerer Icloud Speicher\" width=\"500\" height=\"294\" class=\"alignnone size-medium wp-image-175767\" srcset=\"https:\/\/images.ifun.de\/wp-content\/uploads\/2021\/09\/apple-temporaerer-icloud-speicher-500x294.jpg 500w, https:\/\/images.ifun.de\/wp-content\/uploads\/2021\/09\/apple-temporaerer-icloud-speicher-700x412.jpg 700w, https:\/\/images.ifun.de\/wp-content\/uploads\/2021\/09\/apple-temporaerer-icloud-speicher-768x452.jpg 768w, https:\/\/images.ifun.de\/wp-content\/uploads\/2021\/09\/apple-temporaerer-icloud-speicher.jpg 976w\" sizes=\"auto, (max-width: 500px) 100vw, 500px\" \/><\/a><\/p>\n<p>In den Einstellungen des iOS-Ger\u00e4ts hei\u00dft der ehemals \u201eZur\u00fccksetzen\u201c genannte Men\u00fcpunkt jetzt \u201eGer\u00e4t \u00fcbertragen\/zur\u00fccksetzen\u201c. Mithilfe dieser Funktion wird zun\u00e4chst sicher gestellt, dass der iCloud-Backup aktiviert ist. Zudem \u00fcberpr\u00fcft Apple damit verbunden den ben\u00f6tigten Speicherplatz und weist wenn hier nicht ausreichend Platz vorhanden ist darauf hin, dass man f\u00fcr die Daten\u00fcbertragung tempor\u00e4r erweiterten Speicherplatz in der iCloud erh\u00e4lt.<\/p>\n<p>Dies ist nicht mit Zusatzkosten verbunden und muss auch nicht separat wieder gek\u00fcndigt werden. Im Gegenzug m\u00fcsst ihr allerdings darauf achten, dass ihr den Wechsel zum neuen Ger\u00e4t innerhalb von 21 Tagen abgeschlossen habt. Danach wird die tempor\u00e4re Erweiterung des iCloud-Speichers n\u00e4mlich zur\u00fcckgenommen und die gesicherten Daten dauerhaft gel\u00f6scht &#8211; Apple wartet vor dieser Aktion allerdings noch eine \u00dcbergangsfrist von sieben Tagen ab.<\/p>\n<h2>Tempor\u00e4ren iCloud-Speicher verl\u00e4ngern<\/h2>\n<p>Wenn euch die von Apple angesetzten drei Wochen nicht reichen, k\u00f6nnt ihr den tempor\u00e4ren iCloud-Speicher um weitere 21 Tage verl\u00e4ngern. Geht daf\u00fcr vor Ablauf der initialen Frist in die Einstellungen und tippt dort auf die Option \u201eMein Backup l\u00e4nger aufheben\u201c. Solltet ihr dar\u00fcber hinaus noch weitere Zeit ben\u00f6tigen, m\u00fcsst ihr euch mit diesem Anliegen an den Apple Support wenden.<\/p>\n<p>Apple will mit dieser Ma\u00dfnahme nat\u00fcrlich auch die Werbetrommel f\u00fcr iCloud+ r\u00fchren und bietet Nutzer, die bislang nicht f\u00fcr zus\u00e4tzlichen iCloud-Speicher bezahlen, vom Komfort der iCloud-Backups \u00fcberzeugen. <\/p>\n<h2>Tempor\u00e4rer iCloud-Speicher nicht f\u00fcr den Mac verf\u00fcgbar<\/h2>\n<p>F\u00fcr den Mac steht eine solche Option zum Backup in der iCloud weiterhin nicht zur Verf\u00fcgung, wenngleich Apples iOS-Ger\u00e4te mittlerweile teils mehr Speicher integriert haben, als gew\u00f6hnliche Computer. Das MacBook Air oder der Mac mini werden von Apple beispielsweise mit 256 oder 512 GB Speicherplatz angeboten, w\u00e4hrend die gro\u00dfen iPhones mittlerweile bis zu 1 TB Speicherkapazit\u00e4t aufweisen k\u00f6nnen.<img loading=\"lazy\" decoding=\"async\" src=\"https:\/\/vg06.met.vgwort.de\/na\/bcf2c164c1a444e583c5841ebb52c36c\" width=\"1\" height=\"1\" no-lazy class=\"tracking\"><\/p>\n","protected":false},"excerpt":{"rendered":"<a href=\"https:\/\/www.ifun.de\/icloud-speicher-bei-geraetewechsel-voruebergehend-kostenlos-erweiterbar-175763\/\"><img width=\"150\" height=\"150\" src=\"https:\/\/images.ifun.de\/wp-content\/uploads\/2021\/09\/ipad-icloud-150x150.jpg\" class=\"alignright tfe wp-post-image\" alt=\"Ipad Icloud\" decoding=\"async\" loading=\"lazy\" \/><\/a><p>Eine kleine Erinnerung f\u00fcr die K\u00e4ufer eines neuen iPhone oder iPad: Wenn euer iCloud-Speicher nicht ausreicht, um die Daten von einem alten auf das neue Ger\u00e4t zu \u00fcbertragen, k\u00f6nnt ihr den Speicherplatz auf Apples Cloud-Servern jetzt vor\u00fcbergehend kostenfrei erh\u00f6hen. Apple hat dieses Zugest\u00e4ndnis bereits im Sommer im Rahmen der Entwicklerkonferenz WWDC angek\u00fcndigt, mit den nun [&hellip;]<\/p>\n","protected":false},"author":2,"featured_media":175769,"comment_status":"open","ping_status":"closed","sticky":false,"template":"","format":"standard","meta":{"_acf_changed":false,"footnotes":""},"categories":[9],"tags":[106,401,240],"class_list":["post-175763","post","type-post","status-publish","format-standard","has-post-thumbnail","hentry","category-ios","tag-backup","tag-icloud","tag-speicher"],"acf":[],"aioseo_notices":[],"subheadline":["21 Tage tempor\u00e4res Backup"],"featured_image":["https:\/\/images.ifun.de\/wp-content\/uploads\/2021\/09\/ipad-icloud.jpg"],"rest_api_enabler":{"subheadline":"21 Tage tempor\u00e4res Backup","featured_image":"https:\/\/images.ifun.de\/wp-content\/uploads\/2021\/09\/ipad-icloud.jpg"},"_links":{"self":[{"href":"https:\/\/www.ifun.de\/apiv2\/wp\/v2\/posts\/175763","targetHints":{"allow":["GET"]}}],"collection":[{"href":"https:\/\/www.ifun.de\/apiv2\/wp\/v2\/posts"}],"about":[{"href":"https:\/\/www.ifun.de\/apiv2\/wp\/v2\/types\/post"}],"author":[{"embeddable":true,"href":"https:\/\/www.ifun.de\/apiv2\/wp\/v2\/users\/2"}],"replies":[{"embeddable":true,"href":"https:\/\/www.ifun.de\/apiv2\/wp\/v2\/comments?post=175763"}],"version-history":[{"count":4,"href":"https:\/\/www.ifun.de\/apiv2\/wp\/v2\/posts\/175763\/revisions"}],"predecessor-version":[{"id":175768,"href":"https:\/\/www.ifun.de\/apiv2\/wp\/v2\/posts\/175763\/revisions\/175768"}],"wp:featuredmedia":[{"embeddable":true,"href":"https:\/\/www.ifun.de\/apiv2\/wp\/v2\/media\/175769"}],"wp:attachment":[{"href":"https:\/\/www.ifun.de\/apiv2\/wp\/v2\/media?parent=175763"}],"wp:term":[{"taxonomy":"category","embeddable":true,"href":"https:\/\/www.ifun.de\/apiv2\/wp\/v2\/categories?post=175763"},{"taxonomy":"post_tag","embeddable":true,"href":"https:\/\/www.ifun.de\/apiv2\/wp\/v2\/tags?post=175763"}],"curies":[{"name":"wp","href":"https:\/\/api.w.org\/{rel}","templated":true}]}}