{"id":175551,"date":"2021-09-16T10:19:27","date_gmt":"2021-09-16T08:19:27","guid":{"rendered":"https:\/\/www.ifun.de\/?p=175551"},"modified":"2021-09-16T10:20:09","modified_gmt":"2021-09-16T08:20:09","slug":"apple-fitness-ab-herbst-mit-wintersport-workouts-pilates-und-meditation","status":"publish","type":"post","link":"https:\/\/www.ifun.de\/apple-fitness-ab-herbst-mit-wintersport-workouts-pilates-und-meditation-175551\/","title":{"rendered":"Apple Fitness+ ab Herbst mit Wintersport-Workouts, Pilates und Meditation"},"content":{"rendered":"<p><a href=\"https:\/\/www.apple.com\/de\/apple-fitness-plus\/\" title=\"Apple Fitness+\">Apple Fitness+<\/a> soll noch in diesem Jahr endlich auch in Deutschland, \u00d6sterreich und der Schweiz an den Start gehen. Zwar mit Abstrichen, denn wie wir bereits berichtet haben, m\u00fcssen nicht englischsprachige Nutzer <a href=\"https:\/\/www.ifun.de\/apple-fitness-noch-2021-auch-in-deutschland-oesterreich-und-der-schweiz-175483\/\">mit Untertiteln anstellen von Synchronsprechern<\/a> vorlieb nehmen. Doch neu angek\u00fcndigten Erweiterungen f\u00fcr Apple Fitness+ sollen allesamt beim Start des Angebots auch hierzulande verf\u00fcgbar sein.<\/p>\n<p><a href=\"https:\/\/images.ifun.de\/wp-content\/uploads\/2021\/09\/apple-fitness-plus-mit-untertiteln.jpg\"><img loading=\"lazy\" decoding=\"async\" src=\"https:\/\/images.ifun.de\/wp-content\/uploads\/2021\/09\/apple-fitness-plus-mit-untertiteln-500x284.jpg\" alt=\"Apple Fitness Plus Mit Untertiteln\" width=\"500\" height=\"284\" class=\"alignnone size-medium wp-image-175557\" srcset=\"https:\/\/images.ifun.de\/wp-content\/uploads\/2021\/09\/apple-fitness-plus-mit-untertiteln-500x284.jpg 500w, https:\/\/images.ifun.de\/wp-content\/uploads\/2021\/09\/apple-fitness-plus-mit-untertiteln-700x398.jpg 700w, https:\/\/images.ifun.de\/wp-content\/uploads\/2021\/09\/apple-fitness-plus-mit-untertiteln-768x437.jpg 768w, https:\/\/images.ifun.de\/wp-content\/uploads\/2021\/09\/apple-fitness-plus-mit-untertiteln.jpg 1400w\" sizes=\"auto, (max-width: 500px) 100vw, 500px\" \/><\/a><\/p>\n<p>Besonders Skifahrer und Snowboarder werden sich \u00fcber Apples neue Winter-Workouts freuen, die eine optimale Vorbereitung auf die Schneesaison erm\u00f6glichen sollen. Als Trainer hat Apple hier den zweifachen Olympiagewinner und f\u00fcnffachen Sk-Weltmeister Ted Ligety sowie die Snowboarderin Anja Garcia engagiert. Die Programme integrieren zum Teil \u00dcbungen, die Ligety aus seiner Profizeit \u00fcbernommen hat.<\/p>\n<p>Als popul\u00e4re Erg\u00e4nzung wird k\u00fcnftig auch Pilates f\u00fcr Abonnenten von Apples Fitnessprogramm verf\u00fcgbar sein. Apple verspricht Workouts mit unterschiedlichen Schwierigkeitsgraden und 10, 20 oder 30 Minuten L\u00e4nge, f\u00fcr die in der Regel nur eine Matte sowie hier und da auch ein Fitnessband erforderlich ist.<\/p>\n<p><a href=\"https:\/\/images.ifun.de\/wp-content\/uploads\/2021\/09\/apple-fitness-plus-meditation.jpg\"><img loading=\"lazy\" decoding=\"async\" src=\"https:\/\/images.ifun.de\/wp-content\/uploads\/2021\/09\/apple-fitness-plus-meditation-700x398.jpg\" alt=\"Apple Fitness Plus Meditation\" width=\"700\" height=\"398\" class=\"alignnone size-large wp-image-175554\" srcset=\"https:\/\/images.ifun.de\/wp-content\/uploads\/2021\/09\/apple-fitness-plus-meditation-700x398.jpg 700w, https:\/\/images.ifun.de\/wp-content\/uploads\/2021\/09\/apple-fitness-plus-meditation-500x284.jpg 500w, https:\/\/images.ifun.de\/wp-content\/uploads\/2021\/09\/apple-fitness-plus-meditation-768x437.jpg 768w, https:\/\/images.ifun.de\/wp-content\/uploads\/2021\/09\/apple-fitness-plus-meditation.jpg 1400w\" sizes=\"auto, (max-width: 700px) 100vw, 700px\" \/><\/a><\/p>\n<p>Neu sind ab Herbst auch die Achtsamkeits- und Selbstfindungs\u00fcbungen im Bereich \u201eGef\u00fchrte Mediation\u201c. Hierf\u00fcr hat Apple seinen Yoga-Trainerstab um Personen mit langj\u00e4hriger Erfahrung im Bereich der gef\u00fchrten Meditation erg\u00e4nzt.<\/p>\n<h2>Gruppenworkouts mit SharePlay<\/h2>\n<p>M\u00f6glicherweise mit etwas Zeitverzug soll es in diesem Jahr au\u00dferdem m\u00f6glich werden, die Fitness+-Workouts gemeinsam mit anderen Nutzern abzuhalten. Apple setzt dabei auf seine in diesem Jahr vorgestellte und f\u00fcr den Herbst angek\u00fcndigte SharePlay-Technologie.<\/p>\n<p>Die Fitness+-Gruppenworkouts lassen sich mit SharePlay aus einer Gruppenunterhaltung oder einem FaceTime-Gruppenanruf einleiten. Anschlie\u00dfend k\u00f6nnen die Teilnehmer ein gemeinsames Training starten und sich dabei gegenseitig auf dem Bildschirm sehen. W\u00e4hrend der gemeinsamen Trainings werden die Teilnehmer auch benachrichtigt, wenn jemand auf der Rangliste nach vorne r\u00fcckt oder seine Aktivit\u00e4tsringe schlie\u00dft. Apple zufolge k\u00f6nnen bis zu 32 Personen an einem Gruppentraining \u00fcber SharePlay teilnehmen.<\/p>\n<p><a href=\"https:\/\/images.ifun.de\/wp-content\/uploads\/2021\/09\/apple-fitness-plus-neu-herbst-2021.jpg\"><img loading=\"lazy\" decoding=\"async\" src=\"https:\/\/images.ifun.de\/wp-content\/uploads\/2021\/09\/apple-fitness-plus-neu-herbst-2021-700x391.jpg\" alt=\"Apple Fitness Plus Neu Herbst 2021\" width=\"700\" height=\"391\" class=\"alignnone size-large wp-image-175556\" srcset=\"https:\/\/images.ifun.de\/wp-content\/uploads\/2021\/09\/apple-fitness-plus-neu-herbst-2021-700x391.jpg 700w, https:\/\/images.ifun.de\/wp-content\/uploads\/2021\/09\/apple-fitness-plus-neu-herbst-2021-500x279.jpg 500w, https:\/\/images.ifun.de\/wp-content\/uploads\/2021\/09\/apple-fitness-plus-neu-herbst-2021-768x428.jpg 768w, https:\/\/images.ifun.de\/wp-content\/uploads\/2021\/09\/apple-fitness-plus-neu-herbst-2021.jpg 1400w\" sizes=\"auto, (max-width: 700px) 100vw, 700px\" \/><\/a><\/p>\n<p>Um alle neuen Features von Fitness+ zu nutzen, ist Apple zufolge eine Apple Watch Series 3 oder neuer mit watchOS 8 erforderlich, gekoppelt mit einem iPhone 6s oder neuer mit iOS 15; einem iPad mit iPadOS 15; oder ein Apple TV 4K oder Apple TV HD mit tvOS 15.<img loading=\"lazy\" decoding=\"async\" src=\"https:\/\/vg06.met.vgwort.de\/na\/0584914dc06a4e809ca80cf98d5cf29f\" width=\"1\" height=\"1\" no-lazy class=\"tracking\"><\/p>\n","protected":false},"excerpt":{"rendered":"<a href=\"https:\/\/www.ifun.de\/apple-fitness-ab-herbst-mit-wintersport-workouts-pilates-und-meditation-175551\/\"><img width=\"150\" height=\"150\" src=\"https:\/\/images.ifun.de\/wp-content\/uploads\/2021\/09\/apple-fitness-plus-mit-untertiteln-150x150.jpg\" class=\"alignright tfe wp-post-image\" alt=\"Apple Fitness Plus Mit Untertiteln\" decoding=\"async\" loading=\"lazy\" \/><\/a><p>Apple Fitness+ soll noch in diesem Jahr endlich auch in Deutschland, \u00d6sterreich und der Schweiz an den Start gehen. Zwar mit Abstrichen, denn wie wir bereits berichtet haben, m\u00fcssen nicht englischsprachige Nutzer mit Untertiteln anstellen von Synchronsprechern vorlieb nehmen. Doch neu angek\u00fcndigten Erweiterungen f\u00fcr Apple Fitness+ sollen allesamt beim Start des Angebots auch hierzulande verf\u00fcgbar [&hellip;]<\/p>\n","protected":false},"author":2,"featured_media":175557,"comment_status":"open","ping_status":"closed","sticky":false,"template":"","format":"standard","meta":{"_acf_changed":false,"footnotes":""},"categories":[1],"tags":[5069,159,895],"class_list":["post-175551","post","type-post","status-publish","format-standard","has-post-thumbnail","hentry","category-news","tag-apple-fitness","tag-sport","tag-training"],"acf":[],"aioseo_notices":[],"subheadline":["Gruppentrainings mit 32 Personen"],"featured_image":["https:\/\/images.ifun.de\/wp-content\/uploads\/2021\/09\/apple-fitness-plus-feature.jpg"],"rest_api_enabler":{"subheadline":"Gruppentrainings mit 32 Personen","featured_image":"https:\/\/images.ifun.de\/wp-content\/uploads\/2021\/09\/apple-fitness-plus-feature.jpg"},"_links":{"self":[{"href":"https:\/\/www.ifun.de\/apiv2\/wp\/v2\/posts\/175551","targetHints":{"allow":["GET"]}}],"collection":[{"href":"https:\/\/www.ifun.de\/apiv2\/wp\/v2\/posts"}],"about":[{"href":"https:\/\/www.ifun.de\/apiv2\/wp\/v2\/types\/post"}],"author":[{"embeddable":true,"href":"https:\/\/www.ifun.de\/apiv2\/wp\/v2\/users\/2"}],"replies":[{"embeddable":true,"href":"https:\/\/www.ifun.de\/apiv2\/wp\/v2\/comments?post=175551"}],"version-history":[{"count":4,"href":"https:\/\/www.ifun.de\/apiv2\/wp\/v2\/posts\/175551\/revisions"}],"predecessor-version":[{"id":175559,"href":"https:\/\/www.ifun.de\/apiv2\/wp\/v2\/posts\/175551\/revisions\/175559"}],"wp:featuredmedia":[{"embeddable":true,"href":"https:\/\/www.ifun.de\/apiv2\/wp\/v2\/media\/175557"}],"wp:attachment":[{"href":"https:\/\/www.ifun.de\/apiv2\/wp\/v2\/media?parent=175551"}],"wp:term":[{"taxonomy":"category","embeddable":true,"href":"https:\/\/www.ifun.de\/apiv2\/wp\/v2\/categories?post=175551"},{"taxonomy":"post_tag","embeddable":true,"href":"https:\/\/www.ifun.de\/apiv2\/wp\/v2\/tags?post=175551"}],"curies":[{"name":"wp","href":"https:\/\/api.w.org\/{rel}","templated":true}]}}