{"id":175276,"date":"2021-09-09T17:46:38","date_gmt":"2021-09-09T15:46:38","guid":{"rendered":"https:\/\/www.ifun.de\/?p=175276"},"modified":"2021-09-09T17:46:38","modified_gmt":"2021-09-09T15:46:38","slug":"vmware-fusion-startet-mit-erster-vorabversion-fuer-apple-prozessoren","status":"publish","type":"post","link":"https:\/\/www.ifun.de\/vmware-fusion-startet-mit-erster-vorabversion-fuer-apple-prozessoren-175276\/","title":{"rendered":"VMware Fusion startet mit erster Vorabversion f\u00fcr Apple-Prozessoren"},"content":{"rendered":"<p>Die Entwickler von <a href=\"https:\/\/www.vmware.com\/de\/products\/fusion.html\">VMware Fusion<\/a> geben ein Lebenszeichen mit Blick auf die Unterst\u00fctzung von Apple-Prozessoren von sich. Eine geschlossene Beta-Phase soll einen ersten Blick auf eine kommende, mit den neuen Mac-Prozessoren kompatible Version der Virtualisierungssoftware bieten.<\/p>\n<p>W\u00e4hrend in der ersten Testphase nur ausgew\u00e4hlte Nutzer zum Zug kommen sollen &#8211; wer interessiert ist, kann sich <a href=\"https:\/\/forms.office.com\/pages\/responsepage.aspx?id=yjiRs-48Skuk1s2D2d1i8PIAbpFAnyxKvSHs5tNDBlNURDNFUVZWNldZQlJSM0VTNFc1WkZPN1hJQi4u\">hier f\u00fcr die Teilnahme bewerben<\/a> &#8211; soll eine \u00f6ffentliche Vorschauversion in ungef\u00e4hr zwei Wochen nachgeliefert werden.<\/p>\n<p><a href=\"https:\/\/images.ifun.de\/wp-content\/uploads\/2021\/09\/vmwar-fusion-tech-preview.jpg\"><img loading=\"lazy\" decoding=\"async\" src=\"https:\/\/images.ifun.de\/wp-content\/uploads\/2021\/09\/vmwar-fusion-tech-preview-500x428.jpg\" alt=\"Vmwar Fusion Tech Preview\" width=\"500\" height=\"428\" class=\"alignnone size-medium wp-image-175279\" srcset=\"https:\/\/images.ifun.de\/wp-content\/uploads\/2021\/09\/vmwar-fusion-tech-preview-500x428.jpg 500w, https:\/\/images.ifun.de\/wp-content\/uploads\/2021\/09\/vmwar-fusion-tech-preview-700x599.jpg 700w, https:\/\/images.ifun.de\/wp-content\/uploads\/2021\/09\/vmwar-fusion-tech-preview-768x657.jpg 768w, https:\/\/images.ifun.de\/wp-content\/uploads\/2021\/09\/vmwar-fusion-tech-preview.jpg 1000w\" sizes=\"auto, (max-width: 500px) 100vw, 500px\" \/><\/a><\/p>\n<p>Der Chef-Entwickler von VMware Fusion Michael Roy hat <a href=\"https:\/\/twitter.com\/mikeroySoft\/status\/1435710030389547012\">auf Twitter<\/a> eine Reihe von Nutzerfragen beantwortet, von besonderem Interesse ist hier nat\u00fcrlich das Thema Windows-Unterst\u00fctzung. Windows 10 f\u00fcr ARM-Prozessoren <a href=\"https:\/\/twitter.com\/mikeroySoft\/status\/1435715293691613184\">sollte sich demnach<\/a> bereits mit dieser Vorabversion nutzen lassen, wenngleich VMware keine Treiber oder dergleichen daf\u00fcr bereitstellt. Eine offizielle Unterst\u00fctzung muss derzeit noch zur\u00fcckstehen, da Microsoft f\u00fcr Endkunden noch keine M\u00f6glichkeit bietet, die ARM-Version von Windows zu lizenzieren.<\/p>\n<p>Auch muss darauf hingewiesen werden, dass sich macOS 12 Monterey noch nicht mit der Testversion von VMware Fusion vertr\u00e4gt. Hier handelt es sich noch um eine offene und wohl auch gr\u00f6\u00dfere Baustelle.<\/p>\n<p>VMware Fusion bietet grunds\u00e4tzlich die M\u00f6glichkeit zur Ausf\u00fchrung von Windows oder anderen Betriebssystemen in einer virtuelle Umgebung auf dem Mac. Interessant f\u00fcr private Nutzer ist die M\u00f6glichkeit, die Software f\u00fcr pers\u00f6nliche Zwecke <a href=\"https:\/\/www.ifun.de\/vmware-fusion-12-1-bringt-verbesserungen-fuer-macos-big-sur-162695\/\">kostenfrei zu nutzen<\/a>.<\/p>\n","protected":false},"excerpt":{"rendered":"<a href=\"https:\/\/www.ifun.de\/vmware-fusion-startet-mit-erster-vorabversion-fuer-apple-prozessoren-175276\/\"><img width=\"150\" height=\"150\" src=\"https:\/\/images.ifun.de\/wp-content\/uploads\/2021\/09\/vmwar-fusion-tech-preview-150x150.jpg\" class=\"alignright tfe wp-post-image\" alt=\"Vmwar Fusion Tech Preview\" decoding=\"async\" loading=\"lazy\" \/><\/a><p>Die Entwickler von VMware Fusion geben ein Lebenszeichen mit Blick auf die Unterst\u00fctzung von Apple-Prozessoren von sich. Eine geschlossene Beta-Phase soll einen ersten Blick auf eine kommende, mit den neuen Mac-Prozessoren kompatible Version der Virtualisierungssoftware bieten. W\u00e4hrend in der ersten Testphase nur ausgew\u00e4hlte Nutzer zum Zug kommen sollen &#8211; wer interessiert ist, kann sich hier [&hellip;]<\/p>\n","protected":false},"author":2,"featured_media":175279,"comment_status":"open","ping_status":"closed","sticky":false,"template":"","format":"standard","meta":{"_acf_changed":false,"footnotes":""},"categories":[1],"tags":[3390],"class_list":["post-175276","post","type-post","status-publish","format-standard","has-post-thumbnail","hentry","category-news","tag-vmware-fusion"],"acf":[],"aioseo_notices":[],"subheadline":["Funktionsumfang noch sehr eingeschr\u00e4nkt"],"featured_image":["https:\/\/images.ifun.de\/wp-content\/uploads\/2020\/11\/vmware-mac.jpg"],"rest_api_enabler":{"subheadline":"Funktionsumfang noch sehr eingeschr\u00e4nkt","featured_image":"https:\/\/images.ifun.de\/wp-content\/uploads\/2020\/11\/vmware-mac.jpg"},"_links":{"self":[{"href":"https:\/\/www.ifun.de\/apiv2\/wp\/v2\/posts\/175276","targetHints":{"allow":["GET"]}}],"collection":[{"href":"https:\/\/www.ifun.de\/apiv2\/wp\/v2\/posts"}],"about":[{"href":"https:\/\/www.ifun.de\/apiv2\/wp\/v2\/types\/post"}],"author":[{"embeddable":true,"href":"https:\/\/www.ifun.de\/apiv2\/wp\/v2\/users\/2"}],"replies":[{"embeddable":true,"href":"https:\/\/www.ifun.de\/apiv2\/wp\/v2\/comments?post=175276"}],"version-history":[{"count":3,"href":"https:\/\/www.ifun.de\/apiv2\/wp\/v2\/posts\/175276\/revisions"}],"predecessor-version":[{"id":175280,"href":"https:\/\/www.ifun.de\/apiv2\/wp\/v2\/posts\/175276\/revisions\/175280"}],"wp:featuredmedia":[{"embeddable":true,"href":"https:\/\/www.ifun.de\/apiv2\/wp\/v2\/media\/175279"}],"wp:attachment":[{"href":"https:\/\/www.ifun.de\/apiv2\/wp\/v2\/media?parent=175276"}],"wp:term":[{"taxonomy":"category","embeddable":true,"href":"https:\/\/www.ifun.de\/apiv2\/wp\/v2\/categories?post=175276"},{"taxonomy":"post_tag","embeddable":true,"href":"https:\/\/www.ifun.de\/apiv2\/wp\/v2\/tags?post=175276"}],"curies":[{"name":"wp","href":"https:\/\/api.w.org\/{rel}","templated":true}]}}