{"id":175210,"date":"2021-09-08T13:05:12","date_gmt":"2021-09-08T11:05:12","guid":{"rendered":"https:\/\/www.ifun.de\/?p=175210"},"modified":"2021-09-08T13:05:12","modified_gmt":"2021-09-08T11:05:12","slug":"apples-deirdre-obrien-versucht-kritische-mitarbeiter-zu-beschwichtigen","status":"publish","type":"post","link":"https:\/\/www.ifun.de\/apples-deirdre-obrien-versucht-kritische-mitarbeiter-zu-beschwichtigen-175210\/","title":{"rendered":"Apples Deirdre O&#8217;Brien versucht kritische Mitarbeiter zu beschwichtigen"},"content":{"rendered":"<p>Die von Apple-Mitarbeitern \u00f6ffentlich angeprangerten Missst\u00e4nde mit Blick auf die Behandlung durch Vorgesetzte und ungleiche Bezahlung haben Deirdre O\u2019Brien auf den Plan gerufen. Die als potenzielle Nachfolgerin Tim Cooks gehandelte und bei Apple f\u00fcr das Personalwesen verantwortliche Managerin hat sich mit einer Videobotschaft an die Apple-Mitarbeiter gewandt.<\/p>\n<p><a href=\"https:\/\/images.ifun.de\/wp-content\/uploads\/2019\/08\/deidre-o-brien-apple.jpg\"><img loading=\"lazy\" decoding=\"async\" src=\"https:\/\/images.ifun.de\/wp-content\/uploads\/2019\/08\/deidre-o-brien-apple-500x349.jpg\" alt=\"Deidre O Brien Apple\" width=\"500\" height=\"349\" class=\"alignnone size-medium wp-image-142064\" srcset=\"https:\/\/images.ifun.de\/wp-content\/uploads\/2019\/08\/deidre-o-brien-apple-500x349.jpg 500w, https:\/\/images.ifun.de\/wp-content\/uploads\/2019\/08\/deidre-o-brien-apple-768x536.jpg 768w, https:\/\/images.ifun.de\/wp-content\/uploads\/2019\/08\/deidre-o-brien-apple-700x489.jpg 700w, https:\/\/images.ifun.de\/wp-content\/uploads\/2019\/08\/deidre-o-brien-apple.jpg 1000w\" sizes=\"auto, (max-width: 500px) 100vw, 500px\" \/><\/a><\/p>\n<h6>Deirdre O&#8217;Brien (Archivbild Apple)<\/h6>\n<p>O\u2019Brien ist offensichtlich darauf bedacht, die durch das <a href=\"https:\/\/www.ifun.de\/zum-labor-day-apple-mitarbeiter-fordern-staerkere-rechte-175102\/\">\u201e#AppleToo\u201c-Aufbegehren<\/a> entstandenen Wogen zu gl\u00e4tten. Angestellte des Konzerns haben ihre Kritik an der Unternehmensf\u00fchrung in einem offenen Brief formuliert und <a href=\"https:\/\/twitter.com\/AppleLaborers\">sammeln auf Twitter<\/a> kritische Erfahrungsberichte ihrer Kollegen. Die Apple-Managerin begegnet dem ge\u00e4u\u00dferten Unmut nun mit beschwichtigenden Antworten. Das Video ist zwar \u00f6ffentlich nicht verf\u00fcgbar, liegt den Kollegen von <a href=\"https:\/\/www.macrumors.com\/2021\/09\/06\/apple-executive-addresses-employee-concerns\/\">MacRumors<\/a> allerdings vor. Demnach fordert O\u2019Brien die Mitarbeiter darin auf, sich mit ihrer Kritik und Problemen stets direkt an Apple beziehungsweise ihre Vorgesetzten zu wenden.<\/p>\n<blockquote>\n<p>Erstens: Wenn Sie jemals ein Problem mit Ihrer Bezahlung bei Apple haben, sprecht bitte mit eurem Manager oder dem jeweiligen Ansprechpartner. Und zweitens, wenn ihr jemals ein Problem mit eurem Arbeitsumfeld melden wollt, kommt bitte zu uns und sprecht mit uns. Ihr sollt wissen, dass dies in einem vertraulichen Ablauf gr\u00fcndlich und in einer Weise untersucht wird, die jeden mit W\u00fcrde und Respekt behandelt.<\/p>\n<\/blockquote>\n<p>Aus dem Angestelltenumfeld wird aber genau dieser Punkt kritisiert. So h\u00e4tten die Verantwortlichen beispielsweise Gehaltsverhandlungen mit pauschalen Argumenten abgetan und schlimmer noch h\u00e4tten Beschwerden bei den zust\u00e4ndigen Managern teils Repressionen zur Folge gehabt.<\/p>\n<p>Apples Personalvorstand gibt sich derweil zuversichtlich, dass die Mitarbeiter ausreichend verg\u00fctet werden. Man verwende branchen\u00fcbliche Methoden und setze auf umfassende Verfahren, um die angestrebte Lohngleichheit zu \u00fcberwachen und aufrecht zu erhalten. Zudem w\u00fcrden die Verg\u00fctungen regelm\u00e4\u00dfig von unabh\u00e4ngiger Seite \u00fcberpr\u00fcft.<\/p>\n<p>Die Protestaktion der Mitarbeiter l\u00e4uft derweil weiter und wir haben an dieser Stelle vermutlich nicht zum letzten Mal \u00fcber diesen schwelenden Konflikt berichtet.<img loading=\"lazy\" decoding=\"async\" src=\"https:\/\/vg01.met.vgwort.de\/na\/d2b689e6ca5a428488a72f5f6fa01f98\" width=\"1\" height=\"1\" no-lazy class=\"tracking\"><\/p>\n","protected":false},"excerpt":{"rendered":"<a href=\"https:\/\/www.ifun.de\/apples-deirdre-obrien-versucht-kritische-mitarbeiter-zu-beschwichtigen-175210\/\"><img decoding=\"async\" width=\"150\" src=\"https:\/\/images.ifun.de\/wp-content\/uploads\/2019\/08\/deidre-o-brien-apple-500x349.jpg\" class=\"alignright wp-post-image tfe\" alt=\"Deidre O Brien Apple\" title=\"\" \/><\/a><p>Die von Apple-Mitarbeitern \u00f6ffentlich angeprangerten Missst\u00e4nde mit Blick auf die Behandlung durch Vorgesetzte und ungleiche Bezahlung haben Deirdre O\u2019Brien auf den Plan gerufen. Die als potenzielle Nachfolgerin Tim Cooks gehandelte und bei Apple f\u00fcr das Personalwesen verantwortliche Managerin hat sich mit einer Videobotschaft an die Apple-Mitarbeiter gewandt. Deirdre O&#8217;Brien (Archivbild Apple) O\u2019Brien ist offensichtlich darauf [&hellip;]<\/p>\n","protected":false},"author":2,"featured_media":0,"comment_status":"open","ping_status":"closed","sticky":false,"template":"","format":"standard","meta":{"_acf_changed":false,"footnotes":""},"categories":[1],"tags":[5527,5525,5526],"class_list":["post-175210","post","type-post","status-publish","format-standard","hentry","category-news","tag-appletoo","tag-deirdre-o","tag-deirdre-obrien"],"acf":[],"aioseo_notices":[],"subheadline":["\u00d6ffentliche Kritik unerw\u00fcnscht"],"featured_image":["https:\/\/images.ifun.de\/wp-content\/uploads\/2016\/10\/apple-investor-header-1.jpg"],"rest_api_enabler":{"subheadline":"\u00d6ffentliche Kritik unerw\u00fcnscht","featured_image":"https:\/\/images.ifun.de\/wp-content\/uploads\/2016\/10\/apple-investor-header-1.jpg"},"_links":{"self":[{"href":"https:\/\/www.ifun.de\/apiv2\/wp\/v2\/posts\/175210","targetHints":{"allow":["GET"]}}],"collection":[{"href":"https:\/\/www.ifun.de\/apiv2\/wp\/v2\/posts"}],"about":[{"href":"https:\/\/www.ifun.de\/apiv2\/wp\/v2\/types\/post"}],"author":[{"embeddable":true,"href":"https:\/\/www.ifun.de\/apiv2\/wp\/v2\/users\/2"}],"replies":[{"embeddable":true,"href":"https:\/\/www.ifun.de\/apiv2\/wp\/v2\/comments?post=175210"}],"version-history":[{"count":3,"href":"https:\/\/www.ifun.de\/apiv2\/wp\/v2\/posts\/175210\/revisions"}],"predecessor-version":[{"id":175213,"href":"https:\/\/www.ifun.de\/apiv2\/wp\/v2\/posts\/175210\/revisions\/175213"}],"wp:attachment":[{"href":"https:\/\/www.ifun.de\/apiv2\/wp\/v2\/media?parent=175210"}],"wp:term":[{"taxonomy":"category","embeddable":true,"href":"https:\/\/www.ifun.de\/apiv2\/wp\/v2\/categories?post=175210"},{"taxonomy":"post_tag","embeddable":true,"href":"https:\/\/www.ifun.de\/apiv2\/wp\/v2\/tags?post=175210"}],"curies":[{"name":"wp","href":"https:\/\/api.w.org\/{rel}","templated":true}]}}