{"id":174701,"date":"2021-08-27T15:43:26","date_gmt":"2021-08-27T13:43:26","guid":{"rendered":"https:\/\/www.ifun.de\/?p=174701"},"modified":"2021-08-27T16:12:39","modified_gmt":"2021-08-27T14:12:39","slug":"apple-tv-see-startet-com-from-away-trailert","status":"publish","type":"post","link":"https:\/\/www.ifun.de\/apple-tv-see-startet-com-from-away-trailert-174701\/","title":{"rendered":"Apple TV+: &#8222;See&#8220; startet, &#8222;Come From Away&#8220; trailert"},"content":{"rendered":"<p>Wie jeden Freitag zeigt sich Apples Videodienst Apple TV+ um neue Inhalte erweitert. Von vielen Abonnenten hei\u00df ersehnt startet heute die zweite Staffel der Serie \u201eSee &#8211; Reich der Blinden\u201c.<\/p>\n<p>\u201eSee\u201c war eine der ersten \u00fcber Apple TV+ ausgestrahlten Originals-Produktionen von Apple. Die Serie spielt in einer Welt, in der ein Gro\u00dfteil der Bev\u00f6lkerung infolge einer Virusinfektion erblindet ist. In Hauptrollen sind Jason Momoa und Dave Bautista zu sehen. Eine weitere, dritte Staffel der Serie ist bereits in Arbeit.<\/p>\n<p><a href=\"https:\/\/images.ifun.de\/wp-content\/uploads\/2019\/07\/see-apple-serie.jpg\"><img loading=\"lazy\" decoding=\"async\" src=\"https:\/\/images.ifun.de\/wp-content\/uploads\/2019\/07\/see-apple-serie-500x315.jpg\" alt=\"See Apple Serie\" width=\"500\" height=\"315\" class=\"alignnone size-medium wp-image-140315\" srcset=\"https:\/\/images.ifun.de\/wp-content\/uploads\/2019\/07\/see-apple-serie-500x315.jpg 500w, https:\/\/images.ifun.de\/wp-content\/uploads\/2019\/07\/see-apple-serie-768x484.jpg 768w, https:\/\/images.ifun.de\/wp-content\/uploads\/2019\/07\/see-apple-serie-700x441.jpg 700w, https:\/\/images.ifun.de\/wp-content\/uploads\/2019\/07\/see-apple-serie.jpg 1143w\" sizes=\"auto, (max-width: 500px) 100vw, 500px\" \/><\/a><\/p>\n<blockquote>\n<p>In Staffel 2 k\u00e4mpft Baba Voss (Jason Momoa) darum, seine Familie wieder zu vereinen. Sein entfremdeter Bruder Edo (Dave Bautista) hat Babas Tochter Haniwa gefangen genommen und schw\u00f6rt Rache an seinem Bruder. Gleichzeitig droht ein Krieg zwischen dem K\u00f6nigreich Paya und der Republik Trivantia, der Baba und seine Familie direkt in das Zentrum des Konflikts zieht. <\/p>\n<\/blockquote>\n<h2>Offizieller Trailer zu \u201eCome From Away\u201c<\/h2>\n<p>Dar\u00fcber hinaus hat Apple heute den offiziellen Trailer f\u00fcr das Musical \u201e<a href=\"https:\/\/apple.co\/_ComeFromAway\">Come From Away<\/a>\u201c ver\u00f6ffentlicht. Die Broadway-Produktion mag nicht jedermanns Sache sein, doch die Geschichte dahinter ist bemerkenswert. \u201eCome From Away\u201c erz\u00e4hlt von den Ereignissen in Gander am 11. September 2001. Auf dem Flughafen der kanadischen Kleinstadt mussten w\u00e4hrend der Terroranschl\u00e4ge insgesamt 38 Flugzeuge aus Sicherheitsgr\u00fcnden landen. Die knapp 7.000 gestrandeten Passagiere wurden durch die Bewohner von Gander auf einzigartige Weise aufgenommen und versorgt.<\/p>\n<p><div class=\"responsive-video\"><iframe loading=\"lazy\" width=\"700\" height=\"371\" src=\"https:\/\/www.youtube-nocookie.com\/embed\/Af77C4zUkjs\" frameborder=\"0\" allowfullscreen><\/iframe><\/div><\/p>\n","protected":false},"excerpt":{"rendered":"<a href=\"https:\/\/www.ifun.de\/apple-tv-see-startet-com-from-away-trailert-174701\/\"><img decoding=\"async\" width=\"150\" src=\"https:\/\/images.ifun.de\/wp-content\/uploads\/2019\/07\/see-apple-serie-500x315.jpg\" class=\"alignright wp-post-image tfe\" alt=\"See Apple Serie\" title=\"\" \/><\/a><p>Wie jeden Freitag zeigt sich Apples Videodienst Apple TV+ um neue Inhalte erweitert. Von vielen Abonnenten hei\u00df ersehnt startet heute die zweite Staffel der Serie \u201eSee &#8211; Reich der Blinden\u201c. \u201eSee\u201c war eine der ersten \u00fcber Apple TV+ ausgestrahlten Originals-Produktionen von Apple. Die Serie spielt in einer Welt, in der ein Gro\u00dfteil der Bev\u00f6lkerung infolge [&hellip;]<\/p>\n","protected":false},"author":2,"featured_media":0,"comment_status":"open","ping_status":"closed","sticky":false,"template":"","format":"standard","meta":{"_acf_changed":false,"footnotes":""},"categories":[1],"tags":[],"class_list":["post-174701","post","type-post","status-publish","format-standard","hentry","category-news"],"acf":[],"aioseo_notices":[],"subheadline":["Freitags-Updates"],"featured_image":["https:\/\/images.ifun.de\/wp-content\/uploads\/2019\/07\/atv-plus-see.jpg"],"rest_api_enabler":{"subheadline":"Freitags-Updates","featured_image":"https:\/\/images.ifun.de\/wp-content\/uploads\/2019\/07\/atv-plus-see.jpg"},"_links":{"self":[{"href":"https:\/\/www.ifun.de\/apiv2\/wp\/v2\/posts\/174701","targetHints":{"allow":["GET"]}}],"collection":[{"href":"https:\/\/www.ifun.de\/apiv2\/wp\/v2\/posts"}],"about":[{"href":"https:\/\/www.ifun.de\/apiv2\/wp\/v2\/types\/post"}],"author":[{"embeddable":true,"href":"https:\/\/www.ifun.de\/apiv2\/wp\/v2\/users\/2"}],"replies":[{"embeddable":true,"href":"https:\/\/www.ifun.de\/apiv2\/wp\/v2\/comments?post=174701"}],"version-history":[{"count":3,"href":"https:\/\/www.ifun.de\/apiv2\/wp\/v2\/posts\/174701\/revisions"}],"predecessor-version":[{"id":174704,"href":"https:\/\/www.ifun.de\/apiv2\/wp\/v2\/posts\/174701\/revisions\/174704"}],"wp:attachment":[{"href":"https:\/\/www.ifun.de\/apiv2\/wp\/v2\/media?parent=174701"}],"wp:term":[{"taxonomy":"category","embeddable":true,"href":"https:\/\/www.ifun.de\/apiv2\/wp\/v2\/categories?post=174701"},{"taxonomy":"post_tag","embeddable":true,"href":"https:\/\/www.ifun.de\/apiv2\/wp\/v2\/tags?post=174701"}],"curies":[{"name":"wp","href":"https:\/\/api.w.org\/{rel}","templated":true}]}}