{"id":174625,"date":"2021-08-26T07:54:37","date_gmt":"2021-08-26T05:54:37","guid":{"rendered":"https:\/\/www.ifun.de\/?p=174625"},"modified":"2021-08-26T07:54:58","modified_gmt":"2021-08-26T05:54:58","slug":"apple-tv-neue-videos-zu-see-truth-be-told-und-liseys-story","status":"publish","type":"post","link":"https:\/\/www.ifun.de\/apple-tv-neue-videos-zu-see-truth-be-told-und-liseys-story-174625\/","title":{"rendered":"Apple TV+: Neue Videos zu &#8222;See&#8220;, \u201eTruth be Told\u201c und \u201eLisey\u2019s Story\u201c"},"content":{"rendered":"<p>Morgen startet die zweite Staffel von \u201eSee: Reich der Blinden\u201c auf Apple TV+. Im Vorfeld des Staffelstarts hat Apple zwei weitere Vorab-Videos ver\u00f6ffentlicht. Erg\u00e4nzend zu einer von Apple USA ver\u00f6ffentlichten \u201eFirst Look Featurette\u201c hat Apple Deutschland jetzt auch die deutsche Fassung des offiziellen Trailers zur zweiten Staffel von See nachgereicht. Wir haben beide Videos unten f\u00fcr euch eingebettet.<\/p>\n<p>\u201eSee: Reich der Blinden\u201c war eine der ersten \u00fcber Apple TV+ ausgestrahlten Originals-Produktionen von Apple. Die Serie spielt in einer Welt, in der ein Gro\u00dfteil der Bev\u00f6lkerung infolge einer Virusinfektion erblindet ist. In Hauptrollen sind Jason Momoa und Dave Bautista zu sehen. Eine weitere, dritte Staffel der Serie ist bereits in Arbeit.<\/p>\n<p><div class=\"responsive-video\"><iframe loading=\"lazy\" width=\"700\" height=\"371\" src=\"https:\/\/www.youtube-nocookie.com\/embed\/_inLqrZA7Hs\" frameborder=\"0\" allowfullscreen><\/iframe><\/div><\/p>\n<p><div class=\"responsive-video\"><iframe loading=\"lazy\" width=\"700\" height=\"371\" src=\"https:\/\/www.youtube-nocookie.com\/embed\/UanKbsXM06A\" frameborder=\"0\" allowfullscreen><\/iframe><\/div><\/p>\n<h2>Neue Videos zu \u201eTruth be Told\u201c und \u201eLisey\u2019s Story\u201c<\/h2>\n<p>Apple TV+ wirbt zudem mit weiteren Videos f\u00fcr die Produktionen \u201eTruth Be Told\u201c und \u201eLisey\u2019s Story\u201c. In der Folge seht ihr die \u201eSeason 2 Featurette\u201c zu \u201eTruth be Told\u201c mit dem Titel \u201eDamaged\u201c sowie das ebenfalls neu verf\u00fcgbare Video \u201eLisey\u2019s Story \u2014 Deep Dive: Feeling Lisey\u2019s Pain\u201c.<\/p>\n<p><div class=\"responsive-video\"><iframe loading=\"lazy\" width=\"700\" height=\"371\" src=\"https:\/\/www.youtube-nocookie.com\/embed\/M1xCv-K-wa8\" frameborder=\"0\" allowfullscreen><\/iframe><\/div><\/p>\n<p><div class=\"responsive-video\"><iframe loading=\"lazy\" width=\"700\" height=\"371\" src=\"https:\/\/www.youtube-nocookie.com\/embed\/hgDIftf3RWA\" frameborder=\"0\" allowfullscreen><\/iframe><\/div><\/p>\n","protected":false},"excerpt":{"rendered":"<p>Morgen startet die zweite Staffel von \u201eSee: Reich der Blinden\u201c auf Apple TV+. Im Vorfeld des Staffelstarts hat Apple zwei weitere Vorab-Videos ver\u00f6ffentlicht. Erg\u00e4nzend zu einer von Apple USA ver\u00f6ffentlichten \u201eFirst Look Featurette\u201c hat Apple Deutschland jetzt auch die deutsche Fassung des offiziellen Trailers zur zweiten Staffel von See nachgereicht. Wir haben beide Videos unten [&hellip;]<\/p>\n","protected":false},"author":2,"featured_media":0,"comment_status":"open","ping_status":"closed","sticky":false,"template":"","format":"standard","meta":{"_acf_changed":false,"footnotes":""},"categories":[20],"tags":[26,31],"class_list":["post-174625","post","type-post","status-publish","format-standard","hentry","category-videos","tag-apple-tv","tag-video"],"acf":[],"aioseo_notices":[],"subheadline":["2. Staffel \"See\" startet morgen"],"featured_image":["https:\/\/images.ifun.de\/wp-content\/uploads\/2021\/06\/see-staffel-2.jpg"],"rest_api_enabler":{"subheadline":"2. Staffel \"See\" startet morgen","featured_image":"https:\/\/images.ifun.de\/wp-content\/uploads\/2021\/06\/see-staffel-2.jpg"},"_links":{"self":[{"href":"https:\/\/www.ifun.de\/apiv2\/wp\/v2\/posts\/174625","targetHints":{"allow":["GET"]}}],"collection":[{"href":"https:\/\/www.ifun.de\/apiv2\/wp\/v2\/posts"}],"about":[{"href":"https:\/\/www.ifun.de\/apiv2\/wp\/v2\/types\/post"}],"author":[{"embeddable":true,"href":"https:\/\/www.ifun.de\/apiv2\/wp\/v2\/users\/2"}],"replies":[{"embeddable":true,"href":"https:\/\/www.ifun.de\/apiv2\/wp\/v2\/comments?post=174625"}],"version-history":[{"count":2,"href":"https:\/\/www.ifun.de\/apiv2\/wp\/v2\/posts\/174625\/revisions"}],"predecessor-version":[{"id":174627,"href":"https:\/\/www.ifun.de\/apiv2\/wp\/v2\/posts\/174625\/revisions\/174627"}],"wp:attachment":[{"href":"https:\/\/www.ifun.de\/apiv2\/wp\/v2\/media?parent=174625"}],"wp:term":[{"taxonomy":"category","embeddable":true,"href":"https:\/\/www.ifun.de\/apiv2\/wp\/v2\/categories?post=174625"},{"taxonomy":"post_tag","embeddable":true,"href":"https:\/\/www.ifun.de\/apiv2\/wp\/v2\/tags?post=174625"}],"curies":[{"name":"wp","href":"https:\/\/api.w.org\/{rel}","templated":true}]}}